{"id":29194,"date":"2011-01-19T00:00:00","date_gmt":"2011-01-19T02:00:00","guid":{"rendered":"https:\/\/www.cnbb.org.br\/compromissos-do-curso-de-verao-2011\/"},"modified":"2020-03-11T17:12:22","modified_gmt":"2020-03-11T20:12:22","slug":"compromissos-do-curso-de-verao-2011","status":"publish","type":"post","link":"https:\/\/www.cnbb.org.br\/compromissos-do-curso-de-verao-2011\/","title":{"rendered":"Compromissos do Curso de Ver\u00e3o 2011"},"content":{"rendered":"<p style=\"text-align: justify\">Ao final do 24o. Curso de Ver\u00e3o, organizado pelo CESEP (Centro Ecum\u00eanico de Servi\u00e7os \u00e0 Evangeliza\u00e7\u00e3o e Educa\u00e7\u00e3o Popular), em parceria com a PUC-SP e o TUCA, num grande mutir\u00e3o com dezenas de outras entidades e tamb\u00e9m comunidades e fam\u00edlias que nos hospedaram, voltamos para nossas comunidades, gratificados pela experi\u00eancia\u00a0 de partilha, reflex\u00e3o, viv\u00eancia ecum\u00eanica, celebra\u00e7\u00e3o e festa que vivemos entre os dias 09 e 16 de janeiro de 2011. Fizemos mem\u00f3ria da Dra. Zilda Arns que tanto cuidou da vida dos pequenos com a Pastoral da Crian\u00e7a e do terr\u00edvel terremoto que feriu o povo irm\u00e3o do Haiti a 12 de janeiro do ano passado, clamando contra o insuficiente empenho e solidariedade internacionais na reconstru\u00e7\u00e3o do pa\u00eds destru\u00eddo. Prestamos igualmente nossa solidariedade na ora\u00e7\u00e3o e partilha, \u00e0s v\u00edtimas da trag\u00e9dia provocada pelas chuvas, inunda\u00e7\u00f5es e deslizamentos na zona serrana do Rio de Janeiro, em Minas Gerais e S\u00e3o Paulo.<\/p>\n<p>  <!--more-->  <\/p>\n<p style=\"text-align: justify\">O Curso reuniu 564 pessoas entre participantes e volunt\u00e1rios, pertencentes a diferentes igrejas crist\u00e3s, religi\u00f5es e filosofias de vida, que vieram de todas as regi\u00f5es\u00a0 do Brasil e de alguns outros pa\u00edses da Am\u00e9rica Latina e da \u00c1frica.<\/p>\n<p style=\"text-align: justify\">O tema deste ano, <strong>A VIDA: DESAFIO \u00c0 CI\u00caNCIA, B\u00cdBLIA, BIO\u00c9TICA. DO GENOMA HUMANO \u00c0S C\u00c9LULAS-TRONCO<\/strong>, trouxe-nos um panorama dos avan\u00e7os da pesquisa no campo da gen\u00e9tica humana, desvendou-nos a verdadeira revolu\u00e7\u00e3o em termos de compreens\u00e3o da vida, das promessas que se abrem para o diagn\u00f3stico e terapia das doen\u00e7as gen\u00e9ticas, da necess\u00e1ria cautela no seu uso e das novas e inquietantes quest\u00f5es \u00e9ticas ligadas aos sujeitos da pesquisa, \u00e0 sua apropria\u00e7\u00e3o social e aos eventuais danos corporais e ambientais que podem provocar. Debru\u00e7amo-nos igualmente sobre a contribui\u00e7\u00e3o da bio\u00e9tica nesse tempo de revolu\u00e7\u00e3o tecnol\u00f3gica e da necess\u00e1ria sintonia fina entre pesquisa e responsabilidade \u00e9tica; entre manipula\u00e7\u00e3o gen\u00e9tica e poss\u00edveis danos humanos e ambientais; entre ci\u00eancia e responsabilidades pessoais e coletivas. Sentimo-nos desafiados em termos de democratiza\u00e7\u00e3o do conhecimento e do empenho de todos n\u00f3s como pessoas, grupos, movimentos populares, igrejas e religi\u00f5es para que os frutos da pesquisa cient\u00edfica sejam colocados a servi\u00e7o das maiorias, com aten\u00e7\u00e3o aos mais vulner\u00e1veis e \u00e0 preserva\u00e7\u00e3o da natureza amea\u00e7ada, como nos pede a CF- 2011: Fraternidade e vida do planeta, com seu apelo para cuidarmos do jardim da cria\u00e7\u00e3o. A Palavra de Deus nos ajudou a aprofundar o di\u00e1logo entre a ci\u00eancia e a f\u00e9, a renovar o sentido da vida, da nossa voca\u00e7\u00e3o e responsabilidades.<\/p>\n<p style=\"text-align: justify\">Convencidos da import\u00e2ncia e necessidade de nossa participa\u00e7\u00e3o nesta tomada de consci\u00eancia dos avan\u00e7os da ci\u00eancia e de nossa responsabilidade como pessoas de f\u00e9 e cidad\u00e3s assumimos o compromisso de:<\/p>\n<p style=\"text-align: justify\"><strong>NO CAMPO DA FORMA\u00c7\u00c3O: <\/strong><\/p>\n<p style=\"text-align: justify\">&#8211; Democratizar o conhecimento, divulgando a tem\u00e1tica do genoma humano e das c\u00e9lulas tronco em linguagem acess\u00edvel, para melhor orientar nossas comunidades, ajudar no di\u00e1logo, na exig\u00eancia de que avan\u00e7os cient\u00edficos beneficiem o conjunto da popula\u00e7\u00e3o, sejam utilizados com responsabilidade \u00e9tica, atentos aos valores humanos, pessoais, sociais e ambientais.<\/p>\n<p style=\"text-align: justify\">&#8211; Passar uma vis\u00e3o cr\u00edtica e ao mesmo tempo positiva das pesquisas e descobertas cient\u00edficas necess\u00e1rias \u00e0 promo\u00e7\u00e3o da vida.<\/p>\n<p style=\"text-align: justify\">&#8211; Contribuir para difundir os verdadeiros valores \u00e9ticos e evang\u00e9licos comprometidos com a defesa da vida.- Buscar aprofundar nossa viv\u00eancia ecum\u00eanica pessoal e\u00a0 nos nossos grupos e comunidades, criando espa\u00e7os de forma\u00e7\u00e3o e iniciativas ecum\u00eanicas, para que o nosso exemplo encante e motive outras pessoas e grupos.<\/p>\n<p style=\"text-align: justify\">&#8211; Trabalhar com a juventude acerca do cuidado com a vida, com o meio ambiente, com o relacionamento afetivo e sexual, buscando superar discrimina\u00e7\u00f5es de g\u00eanero, cor, ra\u00e7a, defici\u00eancia f\u00edsica, orienta\u00e7\u00e3o sexual.<\/p>\n<p style=\"text-align: justify\"><strong>NO CAMPO DA ORGANIZA\u00c7\u00c3O:<\/strong><\/p>\n<p style=\"text-align: justify\">&#8211; Fortalecer a luta para que o resultado das pesquisas cient\u00edficas seja usado em defesa da vida e monitorado pela sociedade civil organizada, pelos movimentos sociais e pelo Estado.<\/p>\n<p style=\"text-align: justify\">&#8211; Sensibilizar a comunidade para participar dos debates referentes \u00e0 bio\u00e9tica,\u00a0 divulgando-os nos mais variados meios de comunica\u00e7\u00e3o, encontros de forma\u00e7\u00e3o das comunidades de base, nos templos e movimentos pastorais e sociais.<\/p>\n<p style=\"text-align: justify\">&#8211; Valorizar e fortalecer as comunidades e culturas Negras e Quilombolas e levando-lhes a experi\u00eancia do curso de ver\u00e3o, principalmente \u00e0quelas mais afastadas.<\/p>\n<p style=\"text-align: justify\"><strong>NO CAMPO DE INICIATIVAS CIDAD\u00c3S:<\/strong><\/p>\n<p style=\"text-align: justify\">&#8211; Defender a vida nas suas v\u00e1rias formas: humana, animal e vegetal, socializando o conhecimento com intuito de proporcionar uma reflex\u00e3o sobre os valores \u00e9ticos que defendam a vida.<\/p>\n<p style=\"text-align: justify\">&#8211; Valorizar as iniciativas ambientais j\u00e1 existentes, participando de iniciativas de produ\u00e7\u00e3o de energias limpas, de uso de l\u00e2mpadas econ\u00f4micas, redu\u00e7\u00e3o e mesmo elimina\u00e7\u00e3o de copos e sacolas de pl\u00e1stico, de coleta seletiva e reciclagem do lixo, apoiando cooperativas de catadores, \u201cprofetas da ecologia\u201d.<\/p>\n<p style=\"text-align: justify\">&#8211; Promover uma nova cultura n\u00e3o consumista, incentivando o consumo respons\u00e1vel, uma economia solid\u00e1ria e sustent\u00e1vel, contrapondo-se ao desperd\u00edcio e aos contra valores do mercado capitalista.<\/p>\n<p style=\"text-align: center\">S\u00e3o Paulo, 16 de janeiro de 2011<\/p>\n","protected":false},"excerpt":{"rendered":"<p>Ao final do 24o. Curso de Ver\u00e3o, organizado pelo CESEP (Centro Ecum\u00eanico de Servi\u00e7os \u00e0 Evangeliza\u00e7\u00e3o e Educa\u00e7\u00e3o Popular), em parceria com a PUC-SP e o TUCA, num grande mutir\u00e3o com dezenas de outras entidades e tamb\u00e9m comunidades e fam\u00edlias que nos hospedaram, voltamos para nossas comunidades, gratificados pela experi\u00eancia\u00a0 de partilha, reflex\u00e3o, viv\u00eancia ecum\u00eanica, &hellip;<\/p>\n<p class=\"read-more\"> <a class=\"\" href=\"https:\/\/www.cnbb.org.br\/compromissos-do-curso-de-verao-2011\/\"> <span class=\"screen-reader-text\">Compromissos do Curso de Ver\u00e3o 2011<\/span> Leia mais &raquo;<\/a><\/p>\n","protected":false},"author":83,"featured_media":9779,"comment_status":"open","ping_status":"open","sticky":false,"template":"","format":"standard","meta":{"site-sidebar-layout":"default","site-content-layout":"default","ast-global-header-display":"","ast-banner-title-visibility":"","ast-main-header-display":"","ast-hfb-above-header-display":"","ast-hfb-below-header-display":"","ast-hfb-mobile-header-display":"","site-post-title":"","ast-breadcrumbs-content":"","ast-featured-img":"","footer-sml-layout":"","theme-transparent-header-meta":"","adv-header-id-meta":"","stick-header-meta":"","header-above-stick-meta":"","header-main-stick-meta":"","header-below-stick-meta":""},"categories":[863],"tags":[],"acf":[],"_links":{"self":[{"href":"https:\/\/www.cnbb.org.br\/cnbb-app\/wp\/v2\/posts\/29194"}],"collection":[{"href":"https:\/\/www.cnbb.org.br\/cnbb-app\/wp\/v2\/posts"}],"about":[{"href":"https:\/\/www.cnbb.org.br\/cnbb-app\/wp\/v2\/types\/post"}],"author":[{"embeddable":true,"href":"https:\/\/www.cnbb.org.br\/cnbb-app\/wp\/v2\/users\/83"}],"replies":[{"embeddable":true,"href":"https:\/\/www.cnbb.org.br\/cnbb-app\/wp\/v2\/comments?post=29194"}],"version-history":[{"count":0,"href":"https:\/\/www.cnbb.org.br\/cnbb-app\/wp\/v2\/posts\/29194\/revisions"}],"wp:featuredmedia":[{"embeddable":true,"href":"https:\/\/www.cnbb.org.br\/cnbb-app\/wp\/v2\/media\/9779"}],"wp:attachment":[{"href":"https:\/\/www.cnbb.org.br\/cnbb-app\/wp\/v2\/media?parent=29194"}],"wp:term":[{"taxonomy":"category","embeddable":true,"href":"https:\/\/www.cnbb.org.br\/cnbb-app\/wp\/v2\/categories?post=29194"},{"taxonomy":"post_tag","embeddable":true,"href":"https:\/\/www.cnbb.org.br\/cnbb-app\/wp\/v2\/tags?post=29194"}],"curies":[{"name":"wp","href":"https:\/\/api.w.org\/{rel}","templated":true}]}}