{"id":29196,"date":"2011-01-31T00:00:00","date_gmt":"2011-01-31T02:00:00","guid":{"rendered":"https:\/\/www.cnbb.org.br\/relancada-a-campanha-em-combate-a-hanseniase\/"},"modified":"2020-03-11T17:12:22","modified_gmt":"2020-03-11T20:12:22","slug":"relancada-a-campanha-em-combate-a-hanseniase","status":"publish","type":"post","link":"https:\/\/www.cnbb.org.br\/relancada-a-campanha-em-combate-a-hanseniase\/","title":{"rendered":"Relan\u00e7ada a Campanha em combate \u00e0 Hansen\u00edase"},"content":{"rendered":"<p style=\"text-align: justify\">Foi relan\u00e7ada neste domingo, 30, em Aparecida (SP), a Campanha Nacional \u201cHansen\u00edase tem cura\u201d, que conta com o apoio da Confer\u00eancia Nacional dos Bispos do Brasil (CNBB). O relan\u00e7amento aconteceu ap\u00f3s uma missa, presidida pelo secret\u00e1rio Geral da CNBB, dom Dimas Lara Barbosa, no Santu\u00e1rio Nacional de Aparecida.<\/p>\n<p>  <!--more-->  <\/p>\n<p style=\"text-align: justify\">\u201cA Hansen\u00edase tem cura e se \u00e9 diagnosticada e tratada precocemente, a pessoa n\u00e3o precisa ser afastada de suas atividades e de seu conv\u00edvio social\u201d, disse dom Dimas durante a missa, alertando sobre a import\u00e2ncia das pessoas conhecerem a doen\u00e7a.<\/p>\n<p style=\"text-align: justify\">A Campanha \u00e9 uma iniciativa do Minist\u00e9rio da Sa\u00fade e foi lan\u00e7ada no ano passado com a parceria da CNBB. O novo ministro da sa\u00fade, Alexandre Padilha, que esteve em Aparecida ontem, data em que se lembra o Dia Mundial de Combate \u00e0 Hansen\u00edase, institu\u00eddo pela Organiza\u00e7\u00e3o Mundial de Sa\u00fade (OMS), afirmou que os \u00edndices da doen\u00e7a no Brasil est\u00e3o diminuindo.<\/p>\n<p style=\"text-align: justify\">\u201cNessa semana comemoramos o fato de que no Brasil, reduzimos em 27% os casos de Hansen\u00edase, entre 2003 e 2009. Mas ainda temos muito a fazer\u201d, disse o ministro Padilha. Os casos novos passaram de 51.941 casos para 37.610, respectivamente. No mesmo per\u00edodo, o n\u00famero de servi\u00e7os com pacientes em tratamento de hansen\u00edase aumentou em 45,9%.<\/p>\n<p style=\"text-align: justify\">O ministro pediu \u00e0 Igreja que se una no combate ao preconceito contra os hansenianos e na divulga\u00e7\u00e3o das informa\u00e7\u00f5es sobre a doen\u00e7a. \u201cQueria convidar a todos para que se juntem a n\u00f3s para tratar essas pessoas sem preconceito. Acolh\u00ea-las como filhos de Deus e estender a m\u00e3o a elas quando necessitarem\u201d, disse o ministro.<\/p>\n<p style=\"text-align: justify\"><strong>Diagn\u00f3stico da doen\u00e7a<\/strong><\/p>\n<p style=\"text-align: justify\">A Hansen\u00edase, tamb\u00e9m conhecida como Lepra, \u00e9 uma doen\u00e7a infecciosa causada pelo bacilo Mycobacterium leprae que afeta os nervos e a pele, provocando danos severos \u00e0 sa\u00fade do portador.\u00a0 Em 2008, foram detectados quase 40 mil casos da doen\u00e7a, dos quais 2.913 eram crian\u00e7as e adolescentes menores de 15 anos. A maior incid\u00eancia concentra-se nos estados de Tocantins, Mato Grosso, Rond\u00f4nia, Maranh\u00e3o e Piau\u00ed.<\/p>\n<p style=\"text-align: justify\">Maria Aparecida, que \u00e9 m\u00e9dica especializada em dermatologia, explicou tamb\u00e9m como diagnosticar a doen\u00e7a. \u201cA hansen\u00edase \u00e9 detectada na pele das pessoas geralmente atrav\u00e9s de manchas. No local da mancha a pessoa n\u00e3o sente diferen\u00e7a entre o quente e o frio, a ponta e a cabe\u00e7a do alfinete; n\u00e3o sente o tato. Esses casos devem procurar o servi\u00e7o de sa\u00fade para que se tenha possibilidade do tratamento precoce\u201d, explicou a coordenadora.<\/p>\n","protected":false},"excerpt":{"rendered":"<p>Foi relan\u00e7ada neste domingo, 30, em Aparecida (SP), a Campanha Nacional \u201cHansen\u00edase tem cura\u201d, que conta com o apoio da Confer\u00eancia Nacional dos Bispos do Brasil (CNBB). O relan\u00e7amento aconteceu ap\u00f3s uma missa, presidida pelo secret\u00e1rio Geral da CNBB, dom Dimas Lara Barbosa, no Santu\u00e1rio Nacional de Aparecida.<\/p>\n","protected":false},"author":83,"featured_media":17335,"comment_status":"open","ping_status":"open","sticky":false,"template":"","format":"standard","meta":{"site-sidebar-layout":"default","site-content-layout":"default","ast-global-header-display":"","ast-banner-title-visibility":"","ast-main-header-display":"","ast-hfb-above-header-display":"","ast-hfb-below-header-display":"","ast-hfb-mobile-header-display":"","site-post-title":"","ast-breadcrumbs-content":"","ast-featured-img":"","footer-sml-layout":"","theme-transparent-header-meta":"","adv-header-id-meta":"","stick-header-meta":"","header-above-stick-meta":"","header-main-stick-meta":"","header-below-stick-meta":""},"categories":[863],"tags":[],"acf":[],"_links":{"self":[{"href":"https:\/\/www.cnbb.org.br\/cnbb-app\/wp\/v2\/posts\/29196"}],"collection":[{"href":"https:\/\/www.cnbb.org.br\/cnbb-app\/wp\/v2\/posts"}],"about":[{"href":"https:\/\/www.cnbb.org.br\/cnbb-app\/wp\/v2\/types\/post"}],"author":[{"embeddable":true,"href":"https:\/\/www.cnbb.org.br\/cnbb-app\/wp\/v2\/users\/83"}],"replies":[{"embeddable":true,"href":"https:\/\/www.cnbb.org.br\/cnbb-app\/wp\/v2\/comments?post=29196"}],"version-history":[{"count":0,"href":"https:\/\/www.cnbb.org.br\/cnbb-app\/wp\/v2\/posts\/29196\/revisions"}],"wp:featuredmedia":[{"embeddable":true,"href":"https:\/\/www.cnbb.org.br\/cnbb-app\/wp\/v2\/media\/17335"}],"wp:attachment":[{"href":"https:\/\/www.cnbb.org.br\/cnbb-app\/wp\/v2\/media?parent=29196"}],"wp:term":[{"taxonomy":"category","embeddable":true,"href":"https:\/\/www.cnbb.org.br\/cnbb-app\/wp\/v2\/categories?post=29196"},{"taxonomy":"post_tag","embeddable":true,"href":"https:\/\/www.cnbb.org.br\/cnbb-app\/wp\/v2\/tags?post=29196"}],"curies":[{"name":"wp","href":"https:\/\/api.w.org\/{rel}","templated":true}]}}