{"id":29201,"date":"2011-02-25T00:00:00","date_gmt":"2011-02-25T03:00:00","guid":{"rendered":"https:\/\/www.cnbb.org.br\/ministerio-da-justica-lanca-mapa-da-violencia-2011-contra-os-jovens-do-brasil\/"},"modified":"2020-03-11T17:12:21","modified_gmt":"2020-03-11T20:12:21","slug":"ministerio-da-justica-lanca-mapa-da-violencia-2011-contra-os-jovens-do-brasil","status":"publish","type":"post","link":"https:\/\/www.cnbb.org.br\/ministerio-da-justica-lanca-mapa-da-violencia-2011-contra-os-jovens-do-brasil\/","title":{"rendered":"Minist\u00e9rio da Justi\u00e7a lan\u00e7a Mapa da Viol\u00eancia 2011 contra os jovens do Brasil"},"content":{"rendered":"<p style=\"text-align: justify\">O Minist\u00e9rio da Justi\u00e7a, em parceria com o Instituto Sangari, lan\u00e7ou nesta quinta-feira, 24, o Mapa da Viol\u00eancia 2011 \u2013 Os Jovens do Brasil. A divulga\u00e7\u00e3o aconteceu na Sala de Retratos do edif\u00edcio sede do Minist\u00e9rio e contou com a presen\u00e7a do ministro da Justi\u00e7a, Jos\u00e9 Eduardo Cardozo.<\/p>\n<p>  <!--more-->  <\/p>\n<p style=\"text-align: justify\">Coordenado pelo soci\u00f3logo Julio Jacobo Waiselfisz, o estudo faz um diagn\u00f3stico sobre como a viol\u00eancia tem levado \u00e0 morte brasileiros, especialmente os jovens, nos grandes centros urbanos e tamb\u00e9m no interior.<\/p>\n<p style=\"text-align: justify\">O estudo \u00e9 dividido em tr\u00eas formas distintas de exterm\u00ednio de jovens: homic\u00eddios, acidentes de transporte e suic\u00eddio, nos estados, nas capitais e regi\u00f5es metropolitanas. Segundo os dados, o estado de Alagoas lidera o ranking de viol\u00eancia no pa\u00eds com 60,3 homic\u00eddios [em 100 mil habitantes]. O crescimento dessa viol\u00eancia teve in\u00edcio em 1999. De forma semelhante, Paran\u00e1, Par\u00e1 e Bahia, que em 1998 apresentavam ind\u00edces relativamente baixos, em 2008 passam a se destacar no ranking de homic\u00eddios. O estado de S\u00e3o Paulo, por sua vez, fez o sentido contr\u00e1rio. Sua taxa de homic\u00eddios em 1998 ocupava a 5\u00aa coloca\u00e7\u00e3o no ranking nacional. Dez anos depois, em 2008, suas taxas caem para 14,9 homic\u00eddios [em 100 mil habitantes], passando a ocupar uma das \u00faltimas coloca\u00e7\u00f5es, a 25\u00aa.<\/p>\n<p style=\"text-align: justify\">De acordo com o Minist\u00e9rio da Justi\u00e7a, o estudo servir\u00e1 de subs\u00eddio a pol\u00edticas p\u00fablicas de enfrentamento \u00e0 viol\u00eancia. As fontes dos dados s\u00e3o do Sistema de Informa\u00e7\u00f5es sobre Mortalidade (SIM), do Minist\u00e9rio da Sa\u00fade, que aponta o crescimento das mortes de jovens por homic\u00eddio, acidentes de tr\u00e2nsito e suic\u00eddio.<\/p>\n<h4 style=\"text-align: justify\">A Igreja contra o exterm\u00ednio de jovens<\/h4>\n<p style=\"text-align: justify\">As Pastorais da Juventude do Brasil (Pastoral da Juventude, Pastoral da Juventude Estudantil, Pastoral da Juventude do Meio Popular e Pastoral da Juventude Rural), com o apoio do Setor Juventude da Confer\u00eancia Nacional dos Bispos do Brasil (CNBB), deram in\u00edcio, em 2009, \u00e0 Campanha Nacional contra o Exterm\u00ednio da Juventude. O trabalho \u00e9 fruto da reflex\u00e3o da 15\u00aa Assembleia Nacional das Pastorais da Juventude do Brasil, ocorrida em maio de 2008, e da indigna\u00e7\u00e3o crescente dos delegados presentes naquela assembleia e da revolta ante ao crescente n\u00famero de mortes de jovens no campo e na cidade, em todos os cantos do pa\u00eds.<\/p>\n<p style=\"text-align: justify\">A Campanha consiste numa a\u00e7\u00e3o articulada das Pastorais da Juventude com o apoio de diversas organiza\u00e7\u00f5es para levar a toda sociedade o debate sobre as diversas formas de viol\u00eancia contra a juventude, especialmente o exterm\u00ednio de milhares de jovens que est\u00e1 acontecendo no Brasil.<\/p>\n<p style=\"text-align: justify\">Tr\u00eas eixos norteiam as a\u00e7\u00f5es da campanha: \u201cForma\u00e7\u00e3o pol\u00edtica e trabalho de base\u201d, que tem por objetivo conscientizar e sensibilizar quanto aos debates de seguran\u00e7a p\u00fablica, sistema carcer\u00e1rio, direitos humanos, outros tipos de viol\u00eancia. O eixo II, \u201cA\u00e7\u00f5es de massa e divulga\u00e7\u00e3o\u201d, \u00e9 respons\u00e1vel pela organiza\u00e7\u00e3o de uma Marcha Nacional, que dever\u00e1 ser realizada ainda este ano, com o objetivo de denunciar a viol\u00eancia e mobilizar a sociedade no que se refere ao exterm\u00ednio de jovens e, por fim, o terceiro eixo, \u201cMonitoramento da m\u00eddia e den\u00fancia quanto \u00e0 viola\u00e7\u00e3o dos direitos humanos\u201d, cujo objetivo \u00e9 acompanhar e denunciar as viola\u00e7\u00f5es de direitos humanos praticados pela m\u00eddia.<\/p>\n<p style=\"text-align: justify\">Confira outras informa\u00e7\u00f5es no site oficial da Campanha: <a title=\"link\" href=\"http:\/\/www.juventudeemmarcha.org\" target=\"_blank\" rel=\"noopener\">http:\/\/www.juventudeemmarcha.org<\/a><\/p>\n","protected":false},"excerpt":{"rendered":"<p>O Minist\u00e9rio da Justi\u00e7a, em parceria com o Instituto Sangari, lan\u00e7ou nesta quinta-feira, 24, o Mapa da Viol\u00eancia 2011 \u2013 Os Jovens do Brasil. A divulga\u00e7\u00e3o aconteceu na Sala de Retratos do edif\u00edcio sede do Minist\u00e9rio e contou com a presen\u00e7a do ministro da Justi\u00e7a, Jos\u00e9 Eduardo Cardozo.<\/p>\n","protected":false},"author":83,"featured_media":29202,"comment_status":"open","ping_status":"open","sticky":false,"template":"","format":"standard","meta":{"site-sidebar-layout":"default","site-content-layout":"default","ast-global-header-display":"","ast-banner-title-visibility":"","ast-main-header-display":"","ast-hfb-above-header-display":"","ast-hfb-below-header-display":"","ast-hfb-mobile-header-display":"","site-post-title":"","ast-breadcrumbs-content":"","ast-featured-img":"","footer-sml-layout":"","theme-transparent-header-meta":"","adv-header-id-meta":"","stick-header-meta":"","header-above-stick-meta":"","header-main-stick-meta":"","header-below-stick-meta":""},"categories":[863],"tags":[],"acf":[],"_links":{"self":[{"href":"https:\/\/www.cnbb.org.br\/cnbb-app\/wp\/v2\/posts\/29201"}],"collection":[{"href":"https:\/\/www.cnbb.org.br\/cnbb-app\/wp\/v2\/posts"}],"about":[{"href":"https:\/\/www.cnbb.org.br\/cnbb-app\/wp\/v2\/types\/post"}],"author":[{"embeddable":true,"href":"https:\/\/www.cnbb.org.br\/cnbb-app\/wp\/v2\/users\/83"}],"replies":[{"embeddable":true,"href":"https:\/\/www.cnbb.org.br\/cnbb-app\/wp\/v2\/comments?post=29201"}],"version-history":[{"count":0,"href":"https:\/\/www.cnbb.org.br\/cnbb-app\/wp\/v2\/posts\/29201\/revisions"}],"wp:featuredmedia":[{"embeddable":true,"href":"https:\/\/www.cnbb.org.br\/cnbb-app\/wp\/v2\/media\/29202"}],"wp:attachment":[{"href":"https:\/\/www.cnbb.org.br\/cnbb-app\/wp\/v2\/media?parent=29201"}],"wp:term":[{"taxonomy":"category","embeddable":true,"href":"https:\/\/www.cnbb.org.br\/cnbb-app\/wp\/v2\/categories?post=29201"},{"taxonomy":"post_tag","embeddable":true,"href":"https:\/\/www.cnbb.org.br\/cnbb-app\/wp\/v2\/tags?post=29201"}],"curies":[{"name":"wp","href":"https:\/\/api.w.org\/{rel}","templated":true}]}}