{"id":29203,"date":"2011-02-25T00:00:00","date_gmt":"2011-02-25T03:00:00","guid":{"rendered":"https:\/\/www.cnbb.org.br\/grupo-de-trabalho-comeca-preparativos-para-a-5o-semana-social-brasileira\/"},"modified":"2020-03-11T17:12:21","modified_gmt":"2020-03-11T20:12:21","slug":"grupo-de-trabalho-comeca-preparativos-para-a-5o-semana-social-brasileira","status":"publish","type":"post","link":"https:\/\/www.cnbb.org.br\/grupo-de-trabalho-comeca-preparativos-para-a-5o-semana-social-brasileira\/","title":{"rendered":"Grupo de Trabalho come\u00e7a preparativos para a 5\u00aa Semana Social Brasileira"},"content":{"rendered":"<p style=\"text-align: justify\">A sede da Confer\u00eancia Nacional dos Bispos do Brasil (CNBB) acolheu nesta sexta-feira, 25, a Reuni\u00e3o do Grupo de Trabalho que prepara a 5\u00aa Semana Social Brasileira. De acordo com o secret\u00e1rio executivo do Regional Sul 3 da CNBB (Rio Grande do Sul), padre Tarc\u00edsio Rech, o evento vai discutir nesta quinta edi\u00e7\u00e3o a democracia participativa.<\/p>\n<p>  <!--more-->  <\/p>\n<p style=\"text-align: justify\">\u201cO estado brasileiro precisa de mecanismos para fazer com que a democracia aconte\u00e7a com a participa\u00e7\u00e3o do povo. N\u00e3o basta apenas que o cidad\u00e3o exer\u00e7a o seu voto e que as coisas sejam resolvidas pelos governantes\u201d, argumentou, o secret\u00e1rio, sobre a escolha da tem\u00e1tica.<\/p>\n<p style=\"text-align: justify\">Ainda de acordo com padre Tarc\u00edsio, a quinta semana, que tem in\u00edcio em agosto deste ano e s\u00f3 encerra com a \u201cgrande semana\u201d, em novembro de 2012, dever\u00e1 ser um evento que ir\u00e1 aprofundar e fazer com que haja a plenitude da participa\u00e7\u00e3o dos crist\u00e3os, fazendo com que a Igreja ofere\u00e7a \u00e0 sociedade contributos para que os crist\u00e3os possam melhor participar na elabora\u00e7\u00e3o de pol\u00edticas p\u00fablicas e dos projetos governamentais.<\/p>\n<p style=\"text-align: justify\">\u201cQueremos buscar a\u00e7\u00f5es que possam ajudar as pessoas a participar efetivamente da constru\u00e7\u00e3o de um estado mais voltado a todos, especialmente aos mais pobres\u201d, completou o secret\u00e1rio.<\/p>\n<p style=\"text-align: justify\">O grupo de trabalho foi escolhido pela Comiss\u00e3o Episcopal para o Servi\u00e7o da Caridade, Justi\u00e7a e Paz, da CNBB. Estiveram presentes v\u00e1rios representantes de organismos, regionais e pastorais da CNBB, al\u00e9m de institutos afins que trabalham na quest\u00e3o da cidadania e pastorais sociais.<\/p>\n","protected":false},"excerpt":{"rendered":"<p>A sede da Confer\u00eancia Nacional dos Bispos do Brasil (CNBB) acolheu nesta sexta-feira, 25, a Reuni\u00e3o do Grupo de Trabalho que prepara a 5\u00aa Semana Social Brasileira. De acordo com o secret\u00e1rio executivo do Regional Sul 3 da CNBB (Rio Grande do Sul), padre Tarc\u00edsio Rech, o evento vai discutir nesta quinta edi\u00e7\u00e3o a democracia &hellip;<\/p>\n<p class=\"read-more\"> <a class=\"\" href=\"https:\/\/www.cnbb.org.br\/grupo-de-trabalho-comeca-preparativos-para-a-5o-semana-social-brasileira\/\"> <span class=\"screen-reader-text\">Grupo de Trabalho come\u00e7a preparativos para a 5\u00aa Semana Social Brasileira<\/span> Leia mais &raquo;<\/a><\/p>\n","protected":false},"author":83,"featured_media":29204,"comment_status":"open","ping_status":"open","sticky":false,"template":"","format":"standard","meta":{"site-sidebar-layout":"default","site-content-layout":"default","ast-global-header-display":"","ast-banner-title-visibility":"","ast-main-header-display":"","ast-hfb-above-header-display":"","ast-hfb-below-header-display":"","ast-hfb-mobile-header-display":"","site-post-title":"","ast-breadcrumbs-content":"","ast-featured-img":"","footer-sml-layout":"","theme-transparent-header-meta":"","adv-header-id-meta":"","stick-header-meta":"","header-above-stick-meta":"","header-main-stick-meta":"","header-below-stick-meta":""},"categories":[863],"tags":[],"acf":[],"_links":{"self":[{"href":"https:\/\/www.cnbb.org.br\/cnbb-app\/wp\/v2\/posts\/29203"}],"collection":[{"href":"https:\/\/www.cnbb.org.br\/cnbb-app\/wp\/v2\/posts"}],"about":[{"href":"https:\/\/www.cnbb.org.br\/cnbb-app\/wp\/v2\/types\/post"}],"author":[{"embeddable":true,"href":"https:\/\/www.cnbb.org.br\/cnbb-app\/wp\/v2\/users\/83"}],"replies":[{"embeddable":true,"href":"https:\/\/www.cnbb.org.br\/cnbb-app\/wp\/v2\/comments?post=29203"}],"version-history":[{"count":0,"href":"https:\/\/www.cnbb.org.br\/cnbb-app\/wp\/v2\/posts\/29203\/revisions"}],"wp:featuredmedia":[{"embeddable":true,"href":"https:\/\/www.cnbb.org.br\/cnbb-app\/wp\/v2\/media\/29204"}],"wp:attachment":[{"href":"https:\/\/www.cnbb.org.br\/cnbb-app\/wp\/v2\/media?parent=29203"}],"wp:term":[{"taxonomy":"category","embeddable":true,"href":"https:\/\/www.cnbb.org.br\/cnbb-app\/wp\/v2\/categories?post=29203"},{"taxonomy":"post_tag","embeddable":true,"href":"https:\/\/www.cnbb.org.br\/cnbb-app\/wp\/v2\/tags?post=29203"}],"curies":[{"name":"wp","href":"https:\/\/api.w.org\/{rel}","templated":true}]}}