{"id":29205,"date":"2011-02-28T00:00:00","date_gmt":"2011-02-28T03:00:00","guid":{"rendered":"https:\/\/www.cnbb.org.br\/condenados-fazendeiros-que-mandaram-assassinar-o-cacique-guarani-kaiowa-marcos-veron\/"},"modified":"2020-03-11T17:12:20","modified_gmt":"2020-03-11T20:12:20","slug":"condenados-fazendeiros-que-mandaram-assassinar-o-cacique-guarani-kaiowa-marcos-veron","status":"publish","type":"post","link":"https:\/\/www.cnbb.org.br\/condenados-fazendeiros-que-mandaram-assassinar-o-cacique-guarani-kaiowa-marcos-veron\/","title":{"rendered":"Condenados fazendeiros que mandaram assassinar o cacique Guarani-Kaiow\u00e1, Marcos Veron"},"content":{"rendered":"<p style=\"text-align: justify\">Ap\u00f3s cinco dias de julgamento, um j\u00fari popular decidiu, na \u00faltima sexta-feira, 25, condenar tr\u00eas fazendeiros (Estev\u00e3o Romero; Carlos Roberto dos Santos e Jorge Cristaldo Insabralde) a 12 anos e tr\u00eas meses de pris\u00e3o pelos crimes de sequestro, tortura e forma\u00e7\u00e3o de quadrilha que resultaram na morte do l\u00edder do povo Guarani-Kaiow\u00e1, o cacique Marcos Veron, ocorrida em janeiro de 2003 em Juti (MS).<\/p>\n<p>  <!--more-->  <\/p>\n<p style=\"text-align: justify\">Segundo o Minist\u00e9rio P\u00fablico Federal, a morte do cacique Veron foi consequ\u00eancia de uma s\u00e9rie de ataques ao longo de dois dias contra os \u00edndios que estavam acampados na Fazenda Bras\u00edlia do Sul, reivindicada como Terra Ind\u00edgena Takuara. Os ataques teriam sido feitos por seguran\u00e7as da fazenda para remover os \u00edndios do local.<\/p>\n<p style=\"text-align: justify\">O povo Guarani-Kaiow\u00e1 vive em uma \u00e1rea de conflitos, cujos \u00edndices de viol\u00eancia s\u00e3o os mais altos entre todas as comunidades ind\u00edgenas do pa\u00eds, segundo relat\u00f3rio anual do Conselho Indigenista Mission\u00e1rio (CIMI).<\/p>\n<p style=\"text-align: justify\">Os acusados foram condenados a cumprir pena em regime fechado, mas, beneficiados por um habeas corpus, n\u00e3o foram presos ap\u00f3s o julgamento.<\/p>\n<p style=\"text-align: justify\">A ju\u00edza federal Paula Mantovani Avelino, da 1\u00aa Vara Federal Criminal de S\u00e3o Paulo, leu a senten\u00e7a no plen\u00e1rio do F\u00f3rum Jarbas Nobre, na capital paulista. Entre os presentes, estavam parentes do ind\u00edgena, que acompanharam a sess\u00e3o desde o primeiro dia, vindos do Mato Grosso do Sul.<\/p>\n<p style=\"text-align: justify\">Em nota, o CIMI do Regional Mato Grosso do Sul se diz preocupado com a n\u00e3o acolhida do j\u00fari ao crime de homic\u00eddio do cacique, quanto da tentativa de homic\u00eddio \u00e0 fam\u00edlia da v\u00edtima.<\/p>\n<p style=\"text-align: justify\">\u201cA decis\u00e3o que acolheu parcialmente as alega\u00e7\u00f5es do Minist\u00e9rio P\u00fablico Federal, mas que n\u00e3o reconheceu a pr\u00e1tica do crime de homic\u00eddio praticado contra o cacique e da tentativa de homic\u00eddio contra seus familiares e fato dos acusados poderem recorrer da senten\u00e7a em liberdade traz relevante indigna\u00e7\u00e3o e preocupa\u00e7\u00e3o desta entidade pela impunidade do fato e as consequ\u00eancias deste precedente\u201d, diz um trecho da nota.<\/p>\n<p style=\"text-align: justify\">Leia a \u00edntegra da nota do CIMI, Regional Mato Grosso do Sul:<\/p>\n<p style=\"text-align: justify\"><strong><em>Nota do Conselho Indigenista Mission\u00e1rio CIMI\/MS sobre o julgamento dos acusados pelo assassinato de Marcos Veron Kaiow\u00e1 Guarani<\/em><\/strong><\/p>\n<p style=\"text-align: justify\">O Conselho Indigenista Mission\u00e1rio, Regional Mato Grosso do Sul, vem pela presente se solidarizar com a esposa, filhos e filhas do cacique Marcos Veron pelo julgamento dos acusados de sua morte, ocorrido em (25\/02) no Tribunal do J\u00fari da Justi\u00e7a Federal de S\u00e3o Paulo, SP.<\/p>\n<p style=\"text-align: justify\">A decis\u00e3o que acolheu parcialmente as alega\u00e7\u00f5es do Minist\u00e9rio P\u00fablico Federal, mas que n\u00e3o reconheceu a pr\u00e1tica do crime de homic\u00eddio praticado contra o cacique e da tentativa de homic\u00eddio contra seus familiares e fato dos acusados poderem recorrer da senten\u00e7a em liberdade traz relevante indigna\u00e7\u00e3o e preocupa\u00e7\u00e3o desta entidade pela impunidade do fato e as consequ\u00eancias deste precedente.<\/p>\n<p style=\"text-align: justify\">Espera-se que os acusados cumpram suas penas de 12 anos e 3 meses de pris\u00e3o em regime fechado pelos crimes de sequestro, forma\u00e7\u00e3o de quadrilha armada e tortura. Esta entidade pugna pela necessidade de que seja reformada a decis\u00e3o, para que tamb\u00e9m seja acolhido o pedido de condena\u00e7\u00e3o dos acusados pela pr\u00e1tica do crime de homic\u00eddio.<\/p>\n<p style=\"text-align: justify\">O CIMI continuar\u00e1 apoiando a fam\u00edlia na busca pela condena\u00e7\u00e3o dos culpados pelo assassinato de Marcos Veron.<\/p>\n<p style=\"text-align: justify\">Que este julgamento signifique, ao menos, o in\u00edcio de uma fase de responsabiliza\u00e7\u00e3o e condena\u00e7\u00e3o dos culpados pelos v\u00e1rios outros assassinatos de lideran\u00e7as ind\u00edgenas em Mato Grosso do Sul.<\/p>\n<p style=\"text-align: justify\">Que a impunidade n\u00e3o prevale\u00e7a no estado de Mato Grosso do Sul e que os povos ind\u00edgenas Kaiow\u00e1 e Guarani possam acreditar na Justi\u00e7a para com suas lideran\u00e7as que tombaram corajosamente lutando pelos seus direitos humanos, ind\u00edgenas e territoriais assegurados pela Constitui\u00e7\u00e3o de 1988, especialmente a demarca\u00e7\u00e3o de suas terras tradicionais.<\/p>\n<p style=\"text-align: center\"><strong><em>Conselho Indigenista Mission\u00e1rio, Regional MS<br \/>Campo Grande\/MS, 26 de Fevereiro de 2011.<\/em><\/strong><\/p>\n","protected":false},"excerpt":{"rendered":"<p>Ap\u00f3s cinco dias de julgamento, um j\u00fari popular decidiu, na \u00faltima sexta-feira, 25, condenar tr\u00eas fazendeiros (Estev\u00e3o Romero; Carlos Roberto dos Santos e Jorge Cristaldo Insabralde) a 12 anos e tr\u00eas meses de pris\u00e3o pelos crimes de sequestro, tortura e forma\u00e7\u00e3o de quadrilha que resultaram na morte do l\u00edder do povo Guarani-Kaiow\u00e1, o cacique Marcos &hellip;<\/p>\n<p class=\"read-more\"> <a class=\"\" href=\"https:\/\/www.cnbb.org.br\/condenados-fazendeiros-que-mandaram-assassinar-o-cacique-guarani-kaiowa-marcos-veron\/\"> <span class=\"screen-reader-text\">Condenados fazendeiros que mandaram assassinar o cacique Guarani-Kaiow\u00e1, Marcos Veron<\/span> Leia mais &raquo;<\/a><\/p>\n","protected":false},"author":83,"featured_media":29206,"comment_status":"open","ping_status":"open","sticky":false,"template":"","format":"standard","meta":{"site-sidebar-layout":"default","site-content-layout":"default","ast-global-header-display":"","ast-banner-title-visibility":"","ast-main-header-display":"","ast-hfb-above-header-display":"","ast-hfb-below-header-display":"","ast-hfb-mobile-header-display":"","site-post-title":"","ast-breadcrumbs-content":"","ast-featured-img":"","footer-sml-layout":"","theme-transparent-header-meta":"","adv-header-id-meta":"","stick-header-meta":"","header-above-stick-meta":"","header-main-stick-meta":"","header-below-stick-meta":""},"categories":[863],"tags":[],"acf":[],"_links":{"self":[{"href":"https:\/\/www.cnbb.org.br\/cnbb-app\/wp\/v2\/posts\/29205"}],"collection":[{"href":"https:\/\/www.cnbb.org.br\/cnbb-app\/wp\/v2\/posts"}],"about":[{"href":"https:\/\/www.cnbb.org.br\/cnbb-app\/wp\/v2\/types\/post"}],"author":[{"embeddable":true,"href":"https:\/\/www.cnbb.org.br\/cnbb-app\/wp\/v2\/users\/83"}],"replies":[{"embeddable":true,"href":"https:\/\/www.cnbb.org.br\/cnbb-app\/wp\/v2\/comments?post=29205"}],"version-history":[{"count":0,"href":"https:\/\/www.cnbb.org.br\/cnbb-app\/wp\/v2\/posts\/29205\/revisions"}],"wp:featuredmedia":[{"embeddable":true,"href":"https:\/\/www.cnbb.org.br\/cnbb-app\/wp\/v2\/media\/29206"}],"wp:attachment":[{"href":"https:\/\/www.cnbb.org.br\/cnbb-app\/wp\/v2\/media?parent=29205"}],"wp:term":[{"taxonomy":"category","embeddable":true,"href":"https:\/\/www.cnbb.org.br\/cnbb-app\/wp\/v2\/categories?post=29205"},{"taxonomy":"post_tag","embeddable":true,"href":"https:\/\/www.cnbb.org.br\/cnbb-app\/wp\/v2\/tags?post=29205"}],"curies":[{"name":"wp","href":"https:\/\/api.w.org\/{rel}","templated":true}]}}