{"id":29211,"date":"2011-03-14T00:00:00","date_gmt":"2011-03-14T03:00:00","guid":{"rendered":"https:\/\/www.cnbb.org.br\/comeca-hoje-o-2o-simposio-nacional-de-mudancas-climaticas-e-justica-social\/"},"modified":"2020-03-11T17:12:20","modified_gmt":"2020-03-11T20:12:20","slug":"comeca-hoje-o-2o-simposio-nacional-de-mudancas-climaticas-e-justica-social","status":"publish","type":"post","link":"https:\/\/www.cnbb.org.br\/comeca-hoje-o-2o-simposio-nacional-de-mudancas-climaticas-e-justica-social\/","title":{"rendered":"Come\u00e7a hoje o 2\u00ba Simp\u00f3sio Nacional de Mudan\u00e7as Clim\u00e1ticas e Justi\u00e7a Social"},"content":{"rendered":"<p style=\"text-align: justify\">Come\u00e7a hoje, 14, o 2\u00ba Simp\u00f3sio Nacional de Mudan\u00e7as Clim\u00e1ticas e Justi\u00e7a Social. O evento, promovido pelo F\u00f3rum Mudan\u00e7as Clim\u00e1ticas e Justi\u00e7a Social (FMCJS), organismo ligado a Comiss\u00e3o Episcopal Pastoral para a Caridade, Justi\u00e7a e Paz, da Confer\u00eancia Nacional dos Bispos do Brasil (CNBB), ser\u00e1 realizado no Centro de Forma\u00e7\u00e3o Vicente Ca\u00f1as, no Jardim Ing\u00e1 (GO) e vai at\u00e9 a pr\u00f3xima-quarta-feira, dia 16.<\/p>\n<p>  <!--more-->  <\/p>\n<p style=\"text-align: justify\">O encontro, de acordo com Ivo Poletto, coordenador do F\u00f3rum, tem por objetivo disseminar informa\u00e7\u00f5es, gerar consci\u00eancia cr\u00edtica e mobilizar a sociedade civil visando contribuir para o enfrentamento das causas estruturais do aquecimento global que provoca mudan\u00e7as clim\u00e1ticas em todo o planeta.<\/p>\n<p style=\"text-align: justify\">Na pauta do Simp\u00f3sio, temas como: acesso e utiliza\u00e7\u00e3o dos recursos do planeta; mudan\u00e7as clim\u00e1ticas no Brasil \u2013 pol\u00edtica, legisla\u00e7\u00e3o e papel do Estado; C\u00f3digo Florestal; impactos socioambientais das mudan\u00e7as clim\u00e1ticas e das solu\u00e7\u00f5es propostas; perspectivas da produ\u00e7\u00e3o de alimentos; integra\u00e7\u00e3o com o bioma local; adapta\u00e7\u00e3o e resili\u00eancia; situa\u00e7\u00e3o do planeta e propostas de a\u00e7\u00e3o de governos e povos \u2013 Cochabamba a Durban e Rio +20.<\/p>\n<p style=\"text-align: justify\">Diversos especialistas participar\u00e3o das discuss\u00f5es, entre eles, Luiz Zarref, representante do MST\/Via Campesina; Lucia Ortiz, da ONG Amigos da Terra; Carlos Nobre, da Secretaria de Pol\u00edticas e Programas de Pesquisa e Desenvolvimento (Seped\/MCT); Maureen Santos, da Fase e FMCJS; Andrea Young, do N\u00facleo de Estudos de Popula\u00e7\u00e3o (Nepo\/Unicamp); Maria Jos\u00e9 Pachecco, do Conselho Pastoral dos Pescadores (CPP), Pe. Nelito Dornellas e dom Luiz Dem\u00e9trio Valentini, da CNBB.<\/p>\n<h4 style=\"text-align: justify\">Ato P\u00fablico<\/h4>\n<p style=\"text-align: justify\">Na agenda do Simp\u00f3sio, tamb\u00e9m est\u00e1 prevista a realiza\u00e7\u00e3o de um ato p\u00fablico, marcado para o dia 16, a partir das 14 horas. Na ocasi\u00e3o, estar\u00e3o presentes, a ministra-chefe da Secretaria de Direitos Humanos da Presid\u00eancia da Rep\u00fablica, Maria do Ros\u00e1rio Nunes, o ministro da secretaria geral da Presid\u00eancia da Rep\u00fablica, Gilberto Carvalho, um representante do Minist\u00e9rio do Meio Ambiente e o presidente da Comiss\u00e3o Episcopal Pastoral para a Caridade, Justi\u00e7a e Paz, da CNBB, dom Pedro Luiz Stringhini.<\/p>\n<p style=\"text-align: justify\">O convite para que representantes do Estado participem do ato tem como objetivo traz\u00ea-los para o debate sobre a perspectiva da constru\u00e7\u00e3o de pol\u00edticas publicas sobre mudan\u00e7as clim\u00e1ticas. Al\u00e9m disso, os participantes tamb\u00e9m aprovar\u00e3o uma carta-compromisso, em que se estabelecer\u00e3o metas a serem cumpridas e a\u00e7\u00f5es concretas para combater o aquecimento global em territ\u00f3rio nacional. O ato p\u00fablico acontecer\u00e1 no Centro Cultural de Bras\u00edlia (CCB), que fica na 601 Norte, m\u00f3dulo B.<\/p>\n<p style=\"text-align: justify\">Assista o Semin\u00e1rio, em tempo real, clicando no link abaixo:<\/p>\n<p><a href=\"http:\/\/www.ustream.tv\/channel\/ii-simp%C3%B3sio-mudan%C3%A7as-clim%C3%A1ticas-e-justi%C3%A7a-social\" target=\"_blank\" rel=\"noopener noreferrer\">http:\/\/www.ustream.tv\/channel\/ii-simp\u00f3sio-mudan\u00e7as-clim\u00e1ticas-e-justi\u00e7a-social<\/a><\/p>\n","protected":false},"excerpt":{"rendered":"<p>Come\u00e7a hoje, 14, o 2\u00ba Simp\u00f3sio Nacional de Mudan\u00e7as Clim\u00e1ticas e Justi\u00e7a Social. O evento, promovido pelo F\u00f3rum Mudan\u00e7as Clim\u00e1ticas e Justi\u00e7a Social (FMCJS), organismo ligado a Comiss\u00e3o Episcopal Pastoral para a Caridade, Justi\u00e7a e Paz, da Confer\u00eancia Nacional dos Bispos do Brasil (CNBB), ser\u00e1 realizado no Centro de Forma\u00e7\u00e3o Vicente Ca\u00f1as, no Jardim Ing\u00e1 &hellip;<\/p>\n<p class=\"read-more\"> <a class=\"\" href=\"https:\/\/www.cnbb.org.br\/comeca-hoje-o-2o-simposio-nacional-de-mudancas-climaticas-e-justica-social\/\"> <span class=\"screen-reader-text\">Come\u00e7a hoje o 2\u00ba Simp\u00f3sio Nacional de Mudan\u00e7as Clim\u00e1ticas e Justi\u00e7a Social<\/span> Leia mais &raquo;<\/a><\/p>\n","protected":false},"author":83,"featured_media":17343,"comment_status":"open","ping_status":"open","sticky":false,"template":"","format":"standard","meta":{"site-sidebar-layout":"default","site-content-layout":"default","ast-global-header-display":"","ast-banner-title-visibility":"","ast-main-header-display":"","ast-hfb-above-header-display":"","ast-hfb-below-header-display":"","ast-hfb-mobile-header-display":"","site-post-title":"","ast-breadcrumbs-content":"","ast-featured-img":"","footer-sml-layout":"","theme-transparent-header-meta":"","adv-header-id-meta":"","stick-header-meta":"","header-above-stick-meta":"","header-main-stick-meta":"","header-below-stick-meta":""},"categories":[863],"tags":[],"acf":[],"_links":{"self":[{"href":"https:\/\/www.cnbb.org.br\/cnbb-app\/wp\/v2\/posts\/29211"}],"collection":[{"href":"https:\/\/www.cnbb.org.br\/cnbb-app\/wp\/v2\/posts"}],"about":[{"href":"https:\/\/www.cnbb.org.br\/cnbb-app\/wp\/v2\/types\/post"}],"author":[{"embeddable":true,"href":"https:\/\/www.cnbb.org.br\/cnbb-app\/wp\/v2\/users\/83"}],"replies":[{"embeddable":true,"href":"https:\/\/www.cnbb.org.br\/cnbb-app\/wp\/v2\/comments?post=29211"}],"version-history":[{"count":0,"href":"https:\/\/www.cnbb.org.br\/cnbb-app\/wp\/v2\/posts\/29211\/revisions"}],"wp:featuredmedia":[{"embeddable":true,"href":"https:\/\/www.cnbb.org.br\/cnbb-app\/wp\/v2\/media\/17343"}],"wp:attachment":[{"href":"https:\/\/www.cnbb.org.br\/cnbb-app\/wp\/v2\/media?parent=29211"}],"wp:term":[{"taxonomy":"category","embeddable":true,"href":"https:\/\/www.cnbb.org.br\/cnbb-app\/wp\/v2\/categories?post=29211"},{"taxonomy":"post_tag","embeddable":true,"href":"https:\/\/www.cnbb.org.br\/cnbb-app\/wp\/v2\/tags?post=29211"}],"curies":[{"name":"wp","href":"https:\/\/api.w.org\/{rel}","templated":true}]}}