{"id":29212,"date":"2011-03-16T00:00:00","date_gmt":"2011-03-16T03:00:00","guid":{"rendered":"https:\/\/www.cnbb.org.br\/alternativas-de-desenvolvimento-sao-destaque-do-2o-dia-do-simposio-de-mudancas-climaticas\/"},"modified":"2020-03-11T17:12:19","modified_gmt":"2020-03-11T20:12:19","slug":"alternativas-de-desenvolvimento-sao-destaque-do-2o-dia-do-simposio-de-mudancas-climaticas","status":"publish","type":"post","link":"https:\/\/www.cnbb.org.br\/alternativas-de-desenvolvimento-sao-destaque-do-2o-dia-do-simposio-de-mudancas-climaticas\/","title":{"rendered":"Alternativas de desenvolvimento s\u00e3o destaque do 2\u00ba dia do Simp\u00f3sio de Mudan\u00e7as Clim\u00e1ticas"},"content":{"rendered":"<p style=\"text-align: justify\">A discuss\u00e3o sobre a influ\u00eancia direta da a\u00e7\u00e3o do homem sobre o meio ambiente e as conseq\u00fc\u00eancias dessa a\u00e7\u00e3o para a vida no planeta n\u00e3o \u00e9 recente. No entanto, somente a cerca de 10 anos come\u00e7ou-se a discutir no meio cientifico o conceito de mudan\u00e7as clim\u00e1ticas. O termo, ainda novo, tem gerado longas e importantes discuss\u00f5es. Exemplo disso s\u00e3o os diversos eventos realizados em todo o pa\u00eds, qui\u00e7\u00e1 no mundo, sobre a tem\u00e1tica.<\/p>\n<p>  <!--more-->  <\/p>\n<p style=\"text-align: justify\">Desde o dia 14, acontece em Luzi\u00e2nia (GO), o 2\u00ba Simp\u00f3sio Nacional de Mudan\u00e7as Clim\u00e1ticas e Justi\u00e7a Social, promovido pelo F\u00f3rum Mudan\u00e7as Clim\u00e1ticas e Justi\u00e7a Social (FMCJS), organismo vinculado \u00e0 Comiss\u00e3o Episcopal Pastoral para a Caridade, Justi\u00e7a e Paz, da Confer\u00eancia Nacional dos Bispos do Brasil (CNBB). O evento que se encerra hoje, com um ato p\u00fablico, discute tem\u00e1ticas relacionadas \u00e0s principais causas e tamb\u00e9m conseq\u00fc\u00eancias das mudan\u00e7as clim\u00e1ticas na vida das popula\u00e7\u00f5es de todo o mundo.<\/p>\n<p style=\"text-align: justify\">Na abertura das atividades de ontem, o soci\u00f3logo Ivo Poletto, coordenador do FMCJS, falou sobre a realidade encontrada durante suas viagens \u00e0s diversas regi\u00f5es do pa\u00eds. De acordo com ele, muito tem se ouvido falar que as mudan\u00e7as clim\u00e1ticas de fato n\u00e3o existem. No entanto, especialistas em clima e os pr\u00f3prios agricultores, pescadores e demais trabalhadores que vivem diretamente dos frutos da terra, t\u00eam comprovado que seus efeitos t\u00eam aumentado, sendo percept\u00edveis a qualquer um.<\/p>\n<p style=\"text-align: justify\">Os principais efeitos das mudan\u00e7as clim\u00e1ticas s\u00e3o: aumento da temperatura mundial, fen\u00f4meno conhecido como aquecimento global, gerado pelo aumento da polui\u00e7\u00e3o do ar, e que tem provocado o derretimento das calotas polares e o conseq\u00fcente aumento no n\u00edvel de \u00e1gua dos oceanos; e a desertifica\u00e7\u00e3o, que tem aumentado velozmente nas \u00faltimas d\u00e9cadas. Consequ\u00eancia de tais fen\u00f4menos s\u00e3o as enchentes e inunda\u00e7\u00f5es, os furac\u00f5es, as nevascas e a seca em diversas regi\u00f5es do planeta.<\/p>\n<p style=\"text-align: justify\">Grande parte desses efeitos s\u00e3o causados pela a\u00e7\u00e3o do homem, criado sob o modelo de desenvolvimento capitalista, que visa o lucro crescente e incessante, exigindo cada vez mais produ\u00e7\u00e3o e consumo. Diversas a\u00e7\u00f5es contribuem para isso, como a minera\u00e7\u00e3o; a invas\u00e3o de territ\u00f3rios tradicionais e \u00e1reas de florestas para a constru\u00e7\u00e3o de hidrel\u00e9tricas e\/ou pequenas centrais hidrel\u00e9tricas; a agroind\u00fastria e as monoculturas de soja e cana de a\u00e7\u00facar, que geram energia para empresas multinacionais, entre outras.<\/p>\n<p style=\"text-align: justify\">De acordo com dados publicados pelo Intergovenmental Panel on Climate Change ou Painel Intergovernamental sobre Mudan\u00e7as Clim\u00e1ticas (IPCC), em 2007, h\u00e1 estreita rela\u00e7\u00e3o entre a a\u00e7\u00e3o humana e o aquecimento global. Exemplos disso podem ser constatados em diversos eventos que t\u00eam se multiplicado nos \u00faltimos anos no Brasil, como a seca na Amaz\u00f4nia, que em 2010 foi mais intensa que a de 2005 ou anos anteriores.<\/p>\n<p style=\"text-align: justify\">Para Poletto, de acordo com estudos, se a situa\u00e7\u00e3o continuar assim, a Amaz\u00f4nia ser\u00e1, em poucos anos, a regi\u00e3o do pa\u00eds que apresentar\u00e1 os maiores \u00edndices de aquecimento, podendo, inclusive, ser transformada em uma \u00e1rea de cerrado. Com os rios secos n\u00e3o ser\u00e1 poss\u00edvel seque a navega\u00e7\u00e3o e locomo\u00e7\u00e3o das diversas comunidades que vivem na regi\u00e3o.<\/p>\n<p style=\"text-align: justify\">Ele ainda aponta que tais mudan\u00e7as t\u00eam alterado de forma eminente a produ\u00e7\u00e3o de frutas e sementes. \u201cOs seres vivos vegetais est\u00e3o sofrendo\u201d, afirmou. Outra grande quest\u00e3o \u00e9 a das migra\u00e7\u00f5es, que poder\u00e3o ocorrer em massa na Am\u00e9rica do Sul por conta da falta de \u00e1gua nessa regi\u00e3o, se a forma de consumo e aproveitamento desse bem n\u00e3o for alterada. \u201cO grande problema \u00e9 a constru\u00e7\u00e3o de hidrel\u00e9tricas e PCH\u2019s, ou ainda, a transposi\u00e7\u00e3o do rio S\u00e3o Francisco e a constru\u00e7\u00e3o de centrais nucleares, que est\u00e3o acontecendo no nordeste\u201d, continuou.<\/p>\n<p style=\"text-align: justify\">De acordo com o soci\u00f3logo, as mudan\u00e7as clim\u00e1ticas s\u00e3o eventos globais, mas tamb\u00e9m locais, decorrentes de a\u00e7\u00f5es pontuais em determinadas regi\u00f5es.\u00a0 \u201cO Brasil \u00e9 um dos principais causadores desses problemas e ser\u00e1 enquanto der continuidade ao desmatamento, em especial na Amaz\u00f4nia; aumentar a produ\u00e7\u00e3o e uso de ve\u00edculos automotivos, mesmo os movidos a \u00e1lcool; aumentar a agropecu\u00e1ria qu\u00edmica comandada pelo agroneg\u00f3cio, emissor em massa do \u00f3xido nitroso; e continuar devastando e poluindo \u00e1rea para expandir a minera\u00e7\u00e3o, que retira toda a cobertura vegetal e a vitalidade da \u00e1rea, poluindo rios e solo, entre outros\u201d, disse Poletto.<\/p>\n<p style=\"text-align: justify\">Estima-se, de acordo com dados do IPCC 1996a, que 20% do incremento anual da emiss\u00e3o de gases do efeito estufa, como o \u00f3xido nitroso (N2O e \u00f3xidos de nitrog\u00eanio NOx), o mon\u00f3xido de carbono (CO), o di\u00f3xido de carbono (CO2) e o metano (CH4), \u00e9 atribu\u00eddo ao setor agr\u00edcola, emitidos principalmente, pelas grandes empresas madeireiras, pecuaristas, mineradoras, petrol\u00edferas, pelo reflorestamento industrial e pelo pr\u00f3prio governo, quando este financia e estimula as atividades destas e a atual pol\u00edtica econ\u00f4mica mundial.<\/p>\n<h4 style=\"text-align: justify\">Ato P\u00fablico<\/h4>\n<p style=\"text-align: justify\">Dando encerramento ao 2\u00ba Semin\u00e1rio Nacional de Mudan\u00e7as Clim\u00e1ticas e Justi\u00e7a Social, promovido pelo F\u00f3rum Mudan\u00e7as Clim\u00e1ticas e Justi\u00e7a Social (FMCJF), acontece hoje, 16, a partir das 14h, um ato p\u00fablico com a presen\u00e7a de entidades que participam do simp\u00f3sio e autoridades governamentais do pa\u00eds.<\/p>\n<p style=\"text-align: justify\">O ato ser\u00e1 no Centro Cultural de Bras\u00edlia (CCB), e estar\u00e3o presentes Maria do Ros\u00e1rio Nunes, ministra-chefe da Secretaria de Direitos Humanos da Presid\u00eancia da Rep\u00fablica, Gilberto Carvalho, ministro da secretaria geral da Presid\u00eancia da Rep\u00fablica, Eduardo Delgado Assad, secret\u00e1rio de Mudan\u00e7as Clim\u00e1ticas e Qualidade Ambiental do Minist\u00e9rio do Meio Ambiente, e dom Pedro Luiz Stringhini, presidente da Comiss\u00e3o Episcopal Pastoral para a Caridade, Justi\u00e7a e Paz, da CNBB.<\/p>\n<p style=\"text-align: justify\">\u201cA ideia de convidar os representantes do Estado tem como objetivo traz\u00ea-los para o debate sobre a perspectiva da constru\u00e7\u00e3o de pol\u00edticas p\u00fablicas sobre mudan\u00e7as clim\u00e1ticas. Al\u00e9m disso, os participantes tamb\u00e9m aprovar\u00e3o uma carta-compromisso, em que se estabelecer\u00e3o metas a serem cumpridas e a\u00e7\u00f5es concretas para combater o aquecimento global em territ\u00f3rio nacional\u201d, destacou o coordenador do F\u00f3rum Mudan\u00e7as Clim\u00e1ticas e Justi\u00e7a Social, o soci\u00f3logo Ivo Poletto.<\/p>\n","protected":false},"excerpt":{"rendered":"<p>A discuss\u00e3o sobre a influ\u00eancia direta da a\u00e7\u00e3o do homem sobre o meio ambiente e as conseq\u00fc\u00eancias dessa a\u00e7\u00e3o para a vida no planeta n\u00e3o \u00e9 recente. No entanto, somente a cerca de 10 anos come\u00e7ou-se a discutir no meio cientifico o conceito de mudan\u00e7as clim\u00e1ticas. O termo, ainda novo, tem gerado longas e importantes &hellip;<\/p>\n<p class=\"read-more\"> <a class=\"\" href=\"https:\/\/www.cnbb.org.br\/alternativas-de-desenvolvimento-sao-destaque-do-2o-dia-do-simposio-de-mudancas-climaticas\/\"> <span class=\"screen-reader-text\">Alternativas de desenvolvimento s\u00e3o destaque do 2\u00ba dia do Simp\u00f3sio de Mudan\u00e7as Clim\u00e1ticas<\/span> Leia mais &raquo;<\/a><\/p>\n","protected":false},"author":83,"featured_media":29213,"comment_status":"open","ping_status":"open","sticky":false,"template":"","format":"standard","meta":{"site-sidebar-layout":"default","site-content-layout":"default","ast-global-header-display":"","ast-banner-title-visibility":"","ast-main-header-display":"","ast-hfb-above-header-display":"","ast-hfb-below-header-display":"","ast-hfb-mobile-header-display":"","site-post-title":"","ast-breadcrumbs-content":"","ast-featured-img":"","footer-sml-layout":"","theme-transparent-header-meta":"","adv-header-id-meta":"","stick-header-meta":"","header-above-stick-meta":"","header-main-stick-meta":"","header-below-stick-meta":""},"categories":[863],"tags":[],"acf":[],"_links":{"self":[{"href":"https:\/\/www.cnbb.org.br\/cnbb-app\/wp\/v2\/posts\/29212"}],"collection":[{"href":"https:\/\/www.cnbb.org.br\/cnbb-app\/wp\/v2\/posts"}],"about":[{"href":"https:\/\/www.cnbb.org.br\/cnbb-app\/wp\/v2\/types\/post"}],"author":[{"embeddable":true,"href":"https:\/\/www.cnbb.org.br\/cnbb-app\/wp\/v2\/users\/83"}],"replies":[{"embeddable":true,"href":"https:\/\/www.cnbb.org.br\/cnbb-app\/wp\/v2\/comments?post=29212"}],"version-history":[{"count":0,"href":"https:\/\/www.cnbb.org.br\/cnbb-app\/wp\/v2\/posts\/29212\/revisions"}],"wp:featuredmedia":[{"embeddable":true,"href":"https:\/\/www.cnbb.org.br\/cnbb-app\/wp\/v2\/media\/29213"}],"wp:attachment":[{"href":"https:\/\/www.cnbb.org.br\/cnbb-app\/wp\/v2\/media?parent=29212"}],"wp:term":[{"taxonomy":"category","embeddable":true,"href":"https:\/\/www.cnbb.org.br\/cnbb-app\/wp\/v2\/categories?post=29212"},{"taxonomy":"post_tag","embeddable":true,"href":"https:\/\/www.cnbb.org.br\/cnbb-app\/wp\/v2\/tags?post=29212"}],"curies":[{"name":"wp","href":"https:\/\/api.w.org\/{rel}","templated":true}]}}