{"id":29216,"date":"2011-08-05T00:00:00","date_gmt":"2011-08-05T03:00:00","guid":{"rendered":"https:\/\/www.cnbb.org.br\/mocao-de-solidariedade-aos-que-lutam-contra-a-instalacao-de-pchs-na-bacia-do-rio-taquari\/"},"modified":"2020-03-11T17:12:19","modified_gmt":"2020-03-11T20:12:19","slug":"mocao-de-solidariedade-aos-que-lutam-contra-a-instalacao-de-pchs-na-bacia-do-rio-taquari","status":"publish","type":"post","link":"https:\/\/www.cnbb.org.br\/mocao-de-solidariedade-aos-que-lutam-contra-a-instalacao-de-pchs-na-bacia-do-rio-taquari\/","title":{"rendered":"Mo\u00e7\u00e3o de Solidariedade aos que lutam contra a  instala\u00e7\u00e3o de PCHS na Bacia do Rio  Taquari"},"content":{"rendered":"<p style=\"text-align: justify\"><em>Aos Senhores representantes dos \u00f3rg\u00e3os municipais, estaduais e federal dos poderes executivo, legislativo e judici\u00e1rio.<\/em><\/p>\n<p style=\"text-align: justify\">Os crist\u00e3os leigos e leigas, membros do Conselho Nacional do Laicato do Brasil \u2013 CNLB, reunidos em assembl\u00e9ia geral, em Belo Horizonte, nos dias 23 a 26 de junho do corrente ano,  com o tema \u201cCrist\u00e3os Leigos e Leigas, disc\u00edpulos mission\u00e1rios comprometidos com a vida no planeta\u201d v\u00eam manifestar  sua preocupa\u00e7\u00e3o em rela\u00e7\u00e3o a instala\u00e7\u00e3o de PCHs, em  especial as que est\u00e3o sendo previstas para a Amaz\u00f4nia.<\/p>\n<p>  <!--more-->  <\/p>\n<p style=\"text-align: justify\">A Campanha da Fraternidade de 2011, coordenada e organizada pela Confer\u00eancia Nacional dos Bispos do Brasil &#8211; CNBB traz claramente esta preocupa\u00e7\u00e3o e reflex\u00e3o quando em seu texto base diz: \u201c&#8230; \u00e9 preocupante o direcionamento que as recentes decis\u00f5es do governo est\u00e3o conferindo \u00e0 quest\u00e3o das fontes energ\u00e9ticas em nosso pa\u00eds. Hoje, a regi\u00e3o amaz\u00f4nica \u00e9 palco de grandes projetos hidroel\u00e9tricos, como as usinas Jirau e Santo Ant\u00f4nio, no Rio Madeira, em Rond\u00f4nia, Belo Monte e Tapaj\u00f3s, no Par\u00e1, al\u00e9m de muitas Pequenas Centrais Hidrel\u00e9tricas (PCH) espalhadas pelo pa\u00eds e os acenos de expans\u00e3o da matriz energ\u00e9tica at\u00f4mica. E, em meio \u00e0s dificuldades mundiais de conten\u00e7\u00e3o das emiss\u00f5es de CO2, o governo praticamente ignora o potencial oferecido pelo nosso imenso territ\u00f3rio para a implementa\u00e7\u00e3o e expans\u00e3o da energia solar e da e\u00f3lica. Pode-se estabelecer paralelo com o ocorrido no passado quando, com desprezo ao meio ambiente e \u00e0 sociedade local, foram constru\u00eddas as hidrel\u00e9tricas de Samuel, Balbina e Tucuru\u00ed e foi abandonado o primeiro Pr\u00f3-\u00c1lcool. Essa postura governamental se explica pela guinada neodesenvolvimentista assumida pelo Plano de Acelera\u00e7\u00e3o do Crescimento (PAC), que busca incrementar o crescimento a qualquer custo, com clara aus\u00eancia de preocupa\u00e7\u00f5es ambientais (n\u00ba41)\u201d.<\/p>\n<p style=\"text-align: justify\">Reiteramos que somos conscientes e solid\u00e1rios \u00e0 necessidade de se buscar solu\u00e7\u00f5es para a quest\u00e3o de energia, no entanto, esta busca de solu\u00e7\u00f5es n\u00e3o pode justificar projetos que ignorem o meio ambiente, desalojem povos inteiros, matem culturas, como \u00e9 o caso da instala\u00e7\u00e3o de PCHs  na bacia do rio Taquari. Em audi\u00eancia p\u00fablica realizada no dia 25 de junho de 2010, em Coxim-MS, os dados apresentados pelos respons\u00e1veis do projeto n\u00e3o foram suficientes para comprovar a  fetiva mitiga\u00e7\u00e3o e compensa\u00e7\u00e3o dos impactos negativos de ordem ambiental, cultural, social e econ\u00f4mica que marcar\u00e3o a vida daquela regi\u00e3o, em especial a comunidade de Coxim \u2013MS onde cerca de 500 fam\u00edlias vivem diretamente da pesca artesanal de subsist\u00eancia, al\u00e9m das centenas de outros trabalhadores e dos cursos de \u00e1gua da sub-bacia do Rio Coxim.<\/p>\n<p style=\"text-align: justify\">Reafirmamos a nossa preocupa\u00e7\u00e3o com a quest\u00e3o da crise energ\u00e9tica, entretanto, n\u00e3o podemos esquecer a tarefa de defender e proteger este grande dom que recebemos e precisamos. Somos convidados a contemplar a obra da cria\u00e7\u00e3o com o mesmo olhar do Criador: \u201cE Deus viu que tudo era muito bom (Gn1,31)\u201d e que nos confiou a miss\u00e3o de cuidar. Fiquemos atentos e sens\u00edveis para ouvir o clamor da nossa m\u00e3e Terra e de seus filhos: \u201cNossa m\u00e3e Terra, Senhor, geme de dor noite e dia. Ser\u00e1 de parto essa dor ou simplesmente agonia? Vai depender s\u00f3 de n\u00f3s!\u201d (Hino da CF\/2011)<\/p>\n<p style=\"text-align: justify\">Assim, confiantes de que o pleito da popula\u00e7\u00e3o local ser\u00e1 deferido, e que as provid\u00eancias ser\u00e3o tomadas no intuito de resguardamos vidas humanas e protegermos nossas riquezas naturais em prol de um modelo de desenvolvimento sustent\u00e1vel para todos, apresentamos a presente Mo\u00e7\u00e3o de Solidariedade aos que lutam contra a Instala\u00e7\u00e3o de PCHs \u2013 Pequenas Centrais Hidrel\u00e9tricas, na bacia do Rio Taquari, regi\u00e3o Norte do Estado de Mato Grosso do Sul.<\/p>\n<p style=\"text-align: right\">Belo Horizonte, 26 de junho de 2011<\/p>\n<p style=\"text-align: center\">Laudelino Augusto dos Santos Azevedo<br \/> Presidente<\/p>\n<p style=\"text-align: center\">Marilza Jos\u00e9 Lopes<br \/> Vice-Presidente<\/p>\n<p style=\"text-align: center\">Leila Cristina Assun\u00e7\u00e3o Carvalho<br \/> Secret\u00e1ria Geral<\/p>\n","protected":false},"excerpt":{"rendered":"<p>Aos Senhores representantes dos \u00f3rg\u00e3os municipais, estaduais e federal dos poderes executivo, legislativo e judici\u00e1rio. Os crist\u00e3os leigos e leigas, membros do Conselho Nacional do Laicato do Brasil \u2013 CNLB, reunidos em assembl\u00e9ia geral, em Belo Horizonte, nos dias 23 a 26 de junho do corrente ano, com o tema \u201cCrist\u00e3os Leigos e Leigas, disc\u00edpulos &hellip;<\/p>\n<p class=\"read-more\"> <a class=\"\" href=\"https:\/\/www.cnbb.org.br\/mocao-de-solidariedade-aos-que-lutam-contra-a-instalacao-de-pchs-na-bacia-do-rio-taquari\/\"> <span class=\"screen-reader-text\">Mo\u00e7\u00e3o de Solidariedade aos que lutam contra a  instala\u00e7\u00e3o de PCHS na Bacia do Rio  Taquari<\/span> Leia mais &raquo;<\/a><\/p>\n","protected":false},"author":83,"featured_media":19334,"comment_status":"open","ping_status":"open","sticky":false,"template":"","format":"standard","meta":{"site-sidebar-layout":"default","site-content-layout":"default","ast-global-header-display":"","ast-banner-title-visibility":"","ast-main-header-display":"","ast-hfb-above-header-display":"","ast-hfb-below-header-display":"","ast-hfb-mobile-header-display":"","site-post-title":"","ast-breadcrumbs-content":"","ast-featured-img":"","footer-sml-layout":"","theme-transparent-header-meta":"","adv-header-id-meta":"","stick-header-meta":"","header-above-stick-meta":"","header-main-stick-meta":"","header-below-stick-meta":""},"categories":[863],"tags":[],"acf":[],"_links":{"self":[{"href":"https:\/\/www.cnbb.org.br\/cnbb-app\/wp\/v2\/posts\/29216"}],"collection":[{"href":"https:\/\/www.cnbb.org.br\/cnbb-app\/wp\/v2\/posts"}],"about":[{"href":"https:\/\/www.cnbb.org.br\/cnbb-app\/wp\/v2\/types\/post"}],"author":[{"embeddable":true,"href":"https:\/\/www.cnbb.org.br\/cnbb-app\/wp\/v2\/users\/83"}],"replies":[{"embeddable":true,"href":"https:\/\/www.cnbb.org.br\/cnbb-app\/wp\/v2\/comments?post=29216"}],"version-history":[{"count":0,"href":"https:\/\/www.cnbb.org.br\/cnbb-app\/wp\/v2\/posts\/29216\/revisions"}],"wp:featuredmedia":[{"embeddable":true,"href":"https:\/\/www.cnbb.org.br\/cnbb-app\/wp\/v2\/media\/19334"}],"wp:attachment":[{"href":"https:\/\/www.cnbb.org.br\/cnbb-app\/wp\/v2\/media?parent=29216"}],"wp:term":[{"taxonomy":"category","embeddable":true,"href":"https:\/\/www.cnbb.org.br\/cnbb-app\/wp\/v2\/categories?post=29216"},{"taxonomy":"post_tag","embeddable":true,"href":"https:\/\/www.cnbb.org.br\/cnbb-app\/wp\/v2\/tags?post=29216"}],"curies":[{"name":"wp","href":"https:\/\/api.w.org\/{rel}","templated":true}]}}