{"id":29226,"date":"2011-08-15T00:00:00","date_gmt":"2011-08-15T03:00:00","guid":{"rendered":"https:\/\/www.cnbb.org.br\/manifestacao-em-brasilia-pede-a-aprovacao-do-estatuto-do-nascituro\/"},"modified":"2020-03-11T17:12:18","modified_gmt":"2020-03-11T20:12:18","slug":"manifestacao-em-brasilia-pede-a-aprovacao-do-estatuto-do-nascituro","status":"publish","type":"post","link":"https:\/\/www.cnbb.org.br\/manifestacao-em-brasilia-pede-a-aprovacao-do-estatuto-do-nascituro\/","title":{"rendered":"Manifesta\u00e7\u00e3o em Bras\u00edlia pede a aprova\u00e7\u00e3o do Estatuto do Nascituro"},"content":{"rendered":"<p style=\"text-align: justify\">No dia 31 de agosto, a Esplanada dos Minist\u00e9rios, em Bras\u00edlia (DF), ser\u00e1 palco da 4\u00aa Marcha Nacional da Cidadania pela Vida, que neste ano ter\u00e1 como tema \u201cQuero viver! Voc\u00ea me ajuda?\u201d. A marcha \u00e9 uma iniciativa do Movimento Nacional da Cidadania pela Vida \u2013 Brasil sem Aborto.<\/p>\n<p>  <!--more-->  <\/p>\n<p style=\"text-align: justify\">O evento acontecer\u00e1 \u00e0s 15 horas e pedir\u00e1 a aprova\u00e7\u00e3o do Estatuto do Nascituro (Projeto de Lei 478\/2007) que tramita no Congresso Nacional.<\/p>\n<p style=\"text-align: justify\">\u201cO Brasil j\u00e1 tem leis aprovadas como o Estatuto da Crian\u00e7a e do Adolescente, o Estatuto do Idoso e j\u00e1 existe proposta para aprovar o Estatuto da Juventude. Chegou a hora de o pa\u00eds ter o seu Estatuto do Nascituro, que j\u00e1 foi aprovado na Comiss\u00e3o de Seguridade Social e Fam\u00edlia, mas precisa ser aprovado tamb\u00e9m por mais duas Comiss\u00f5es na C\u00e2mara dos Deputados\u201d, diz um dos trechos do panfleto da 4\u00aa Marcha Nacional, que convoca a popula\u00e7\u00e3o para a concentra\u00e7\u00e3o em frente ao Museu Nacional.<\/p>\n<p style=\"text-align: justify\">A manifesta\u00e7\u00e3o pretende ainda entregar 50 mil assinaturas ao Presidente da C\u00e2mara dos Deputados, pedindo a aprova\u00e7\u00e3o do Estatuto.<\/p>\n<p><strong><a target=\"_blank\" href=\"http:\/\/www.brasilsemaborto.com.br\/index.php?action=noticia&amp;idn_noticia=136&amp;cache=0.42098079341899297\" rel=\"noopener noreferrer\">Confira tamb\u00e9m a coleta de assinatura online em apoio ao Projeto de Lei do Estatuto do Nascituro.<\/a><\/strong><\/p>\n","protected":false},"excerpt":{"rendered":"<p>No dia 31 de agosto, a Esplanada dos Minist\u00e9rios, em Bras\u00edlia (DF), ser\u00e1 palco da 4\u00aa Marcha Nacional da Cidadania pela Vida, que neste ano ter\u00e1 como tema \u201cQuero viver! Voc\u00ea me ajuda?\u201d. A marcha \u00e9 uma iniciativa do Movimento Nacional da Cidadania pela Vida \u2013 Brasil sem Aborto.<\/p>\n","protected":false},"author":83,"featured_media":29227,"comment_status":"open","ping_status":"open","sticky":false,"template":"","format":"standard","meta":{"site-sidebar-layout":"default","site-content-layout":"default","ast-global-header-display":"","ast-banner-title-visibility":"","ast-main-header-display":"","ast-hfb-above-header-display":"","ast-hfb-below-header-display":"","ast-hfb-mobile-header-display":"","site-post-title":"","ast-breadcrumbs-content":"","ast-featured-img":"","footer-sml-layout":"","theme-transparent-header-meta":"","adv-header-id-meta":"","stick-header-meta":"","header-above-stick-meta":"","header-main-stick-meta":"","header-below-stick-meta":""},"categories":[863],"tags":[],"acf":[],"_links":{"self":[{"href":"https:\/\/www.cnbb.org.br\/cnbb-app\/wp\/v2\/posts\/29226"}],"collection":[{"href":"https:\/\/www.cnbb.org.br\/cnbb-app\/wp\/v2\/posts"}],"about":[{"href":"https:\/\/www.cnbb.org.br\/cnbb-app\/wp\/v2\/types\/post"}],"author":[{"embeddable":true,"href":"https:\/\/www.cnbb.org.br\/cnbb-app\/wp\/v2\/users\/83"}],"replies":[{"embeddable":true,"href":"https:\/\/www.cnbb.org.br\/cnbb-app\/wp\/v2\/comments?post=29226"}],"version-history":[{"count":0,"href":"https:\/\/www.cnbb.org.br\/cnbb-app\/wp\/v2\/posts\/29226\/revisions"}],"wp:featuredmedia":[{"embeddable":true,"href":"https:\/\/www.cnbb.org.br\/cnbb-app\/wp\/v2\/media\/29227"}],"wp:attachment":[{"href":"https:\/\/www.cnbb.org.br\/cnbb-app\/wp\/v2\/media?parent=29226"}],"wp:term":[{"taxonomy":"category","embeddable":true,"href":"https:\/\/www.cnbb.org.br\/cnbb-app\/wp\/v2\/categories?post=29226"},{"taxonomy":"post_tag","embeddable":true,"href":"https:\/\/www.cnbb.org.br\/cnbb-app\/wp\/v2\/tags?post=29226"}],"curies":[{"name":"wp","href":"https:\/\/api.w.org\/{rel}","templated":true}]}}