{"id":29247,"date":"2011-11-09T00:00:00","date_gmt":"2011-11-09T02:00:00","guid":{"rendered":"https:\/\/www.cnbb.org.br\/programa-mundial-de-alimentos-destaca-brasil-como-exemplo-no-combate-a-fome\/"},"modified":"2020-03-11T17:12:15","modified_gmt":"2020-03-11T20:12:15","slug":"programa-mundial-de-alimentos-destaca-brasil-como-exemplo-no-combate-a-fome","status":"publish","type":"post","link":"https:\/\/www.cnbb.org.br\/programa-mundial-de-alimentos-destaca-brasil-como-exemplo-no-combate-a-fome\/","title":{"rendered":"Programa Mundial de Alimentos destaca Brasil como exemplo no combate a fome"},"content":{"rendered":"<p style=\"text-align: justify\">&#8220;O Brasil assumiu seriamente a luta contra a fome e a desnutri\u00e7\u00e3o e se encontra hoje entre os pa\u00edses que est\u00e1 combatendo com rapidez este fen\u00f4meno&#8221;, foi o que disse a diretora-executiva do Programa Mundial de Alimentos (PMA), Josette Sheeran, durante sua visita a Salvador, na Bahia.<\/p>\n<p>  <!--more-->  <\/p>\n<p style=\"text-align: justify\">Sheeran elogiou o Brasil definindo-o campe\u00e3o mundial de luta contra a fome. &#8220;O pa\u00eds conta com uma experi\u00eancia v\u00e1lida que pode ser partilhada com os Governos da \u00c1frica, \u00c1sia e Am\u00e9rica Latina&#8221;, frisou a diretora na cerim\u00f4nia de inaugura\u00e7\u00e3o, ontem, 8, em Bras\u00edlia, de uma filial do Centro de Excel\u00eancia contra a Fome, organismo que colabora com o PMA em Mo\u00e7ambique, Timor-Leste e Haiti.<\/p>\n<p style=\"text-align: justify\">Programas como &#8220;Fome Zero&#8221; reduziram a desnutri\u00e7\u00e3o em 25% e tirou da pobreza, nos \u00faltimos oito anos, 30 milh\u00f5es de brasileiros. \u201cFome Zero\u201d prev\u00ea a distribui\u00e7\u00e3o de recursos e alimentos para as fam\u00edlias mais pobres, desde que seus filhos frequentam escolas e centros de sa\u00fade.<\/p>\n<p style=\"text-align: justify\">Em Salvador, est\u00e1 em andamento at\u00e9 o pr\u00f3ximo dia 10, a 4\u00aa Confer\u00eancia Nacional de Seguran\u00e7a Alimentar e Nutricional que debate o tema &#8220;Alimenta\u00e7\u00e3o adequada e saud\u00e1vel: direito de todos&#8221;.<\/p>\n<p style=\"text-align: justify\">O encontro re\u00fane representantes de todos os estados brasileiros e convidados internacionais a fim de criar compromissos para efetivar o direito humano \u00e0 alimenta\u00e7\u00e3o adequada e saud\u00e1vel e promover a soberania alimentar.<\/p>\n","protected":false},"excerpt":{"rendered":"<p>&#8220;O Brasil assumiu seriamente a luta contra a fome e a desnutri\u00e7\u00e3o e se encontra hoje entre os pa\u00edses que est\u00e1 combatendo com rapidez este fen\u00f4meno&#8221;, foi o que disse a diretora-executiva do Programa Mundial de Alimentos (PMA), Josette Sheeran, durante sua visita a Salvador, na Bahia.<\/p>\n","protected":false},"author":83,"featured_media":29248,"comment_status":"open","ping_status":"open","sticky":false,"template":"","format":"standard","meta":{"site-sidebar-layout":"default","site-content-layout":"default","ast-global-header-display":"","ast-banner-title-visibility":"","ast-main-header-display":"","ast-hfb-above-header-display":"","ast-hfb-below-header-display":"","ast-hfb-mobile-header-display":"","site-post-title":"","ast-breadcrumbs-content":"","ast-featured-img":"","footer-sml-layout":"","theme-transparent-header-meta":"","adv-header-id-meta":"","stick-header-meta":"","header-above-stick-meta":"","header-main-stick-meta":"","header-below-stick-meta":""},"categories":[863],"tags":[],"acf":[],"_links":{"self":[{"href":"https:\/\/www.cnbb.org.br\/cnbb-app\/wp\/v2\/posts\/29247"}],"collection":[{"href":"https:\/\/www.cnbb.org.br\/cnbb-app\/wp\/v2\/posts"}],"about":[{"href":"https:\/\/www.cnbb.org.br\/cnbb-app\/wp\/v2\/types\/post"}],"author":[{"embeddable":true,"href":"https:\/\/www.cnbb.org.br\/cnbb-app\/wp\/v2\/users\/83"}],"replies":[{"embeddable":true,"href":"https:\/\/www.cnbb.org.br\/cnbb-app\/wp\/v2\/comments?post=29247"}],"version-history":[{"count":0,"href":"https:\/\/www.cnbb.org.br\/cnbb-app\/wp\/v2\/posts\/29247\/revisions"}],"wp:featuredmedia":[{"embeddable":true,"href":"https:\/\/www.cnbb.org.br\/cnbb-app\/wp\/v2\/media\/29248"}],"wp:attachment":[{"href":"https:\/\/www.cnbb.org.br\/cnbb-app\/wp\/v2\/media?parent=29247"}],"wp:term":[{"taxonomy":"category","embeddable":true,"href":"https:\/\/www.cnbb.org.br\/cnbb-app\/wp\/v2\/categories?post=29247"},{"taxonomy":"post_tag","embeddable":true,"href":"https:\/\/www.cnbb.org.br\/cnbb-app\/wp\/v2\/tags?post=29247"}],"curies":[{"name":"wp","href":"https:\/\/api.w.org\/{rel}","templated":true}]}}