{"id":29259,"date":"2012-01-31T00:00:00","date_gmt":"2012-01-31T02:00:00","guid":{"rendered":"https:\/\/www.cnbb.org.br\/cnbb-participa-de-debate-sobre-codigo-florestal-no-forum-social-tematico\/"},"modified":"2020-03-11T17:12:14","modified_gmt":"2020-03-11T20:12:14","slug":"cnbb-participa-de-debate-sobre-codigo-florestal-no-forum-social-tematico","status":"publish","type":"post","link":"https:\/\/www.cnbb.org.br\/cnbb-participa-de-debate-sobre-codigo-florestal-no-forum-social-tematico\/","title":{"rendered":"CNBB participa de debate sobre C\u00f3digo Florestal no F\u00f3rum Social Tem\u00e1tico"},"content":{"rendered":"<p style=\"text-align: justify\">O cuidado com as florestas significa o cuidado com toda a humanidade e as gera\u00e7\u00f5es futuras. Este foi o ponto de partida da participa\u00e7\u00e3o da Confer\u00eancia Nacional dos Bispos do Brasil \u2013 CNBB no debate sobre o C\u00f3digo Florestal, promovido durante o F\u00f3rum Social Mundial Tem\u00e1tico, em Porto Alegre.<\/p>\n<p>  <!--more-->  <\/p>\n<p style=\"text-align: justify\">A sess\u00e3o, realizada na Assembleia Legislativa do Rio Grande do Sul no dia 26 de janeiro, contou com a presen\u00e7a de representantes de organiza\u00e7\u00f5es como o Greenpeace, a WWF e Via Campesina. Tamb\u00e9m participaram o deputado federal Ivan Valente, do PSOL\/SP, e a ex-ministra do Meio Ambiente Marina Silva. A CNBB foi representada pelo assessor da Comiss\u00e3o Episcopal Pastoral para a Caridade, Justi\u00e7a e Paz, padre Ari Ant\u00f4nio dos Reis.<\/p>\n<p style=\"text-align: justify\">\u201cO cuidado com o nosso espa\u00e7o de vida tem sido uma preocupa\u00e7\u00e3o constante da Igreja\u201d, afirmou padre Ari, dizendo que tal posicionamento \u00e9 presente nas a\u00e7\u00f5es pastorais e no di\u00e1logo com os grupos e entidades que tem a mesma preocupa\u00e7\u00e3o. Ele recordou ainda ocasi\u00f5es em que a Campanha da Fraternidade tratou especificamente do cuidado com o planeta, em 1979, 2004, 2007 e 2011. \u201cTodos estes temas de reflex\u00e3o encontraram espa\u00e7o de di\u00e1logo na sociedade e geraram iniciativas significativas voltadas ao cuidado do nosso espa\u00e7o de vida\u201d, refor\u00e7ou o assessor.<\/p>\n<p style=\"text-align: justify\">A CNBB acompanha com interesse os debates sobre o C\u00f3digo Florestal, e conclama para que os envolvidos promovam um debate fundado na \u00e9tica e no desejo de construir um texto afeito \u00e0s reais necessidades de cuidado das florestas brasileiras. \u201cInsistimos que haja equil\u00edbrio entre justi\u00e7a social, economia e ecologia, como uma forma de garantir e proteger as comunidades ind\u00edgenas, ribeirinhas e quilombolas e de defender os grupos que sabem produzir em intera\u00e7\u00e3o e respeito com a natureza\u201d, afirmou Ari.<\/p>\n<p style=\"text-align: justify\">Durante a sua exposi\u00e7\u00e3o, Padre Ari parabenizou a iniciativa das diferentes entidades da sociedade civil que se esfor\u00e7am no di\u00e1logo na perspectiva de um caminho comum. \u201cFazemos uma experi\u00eancia profunda de exerc\u00edcio da democracia. Certamente sairemos enriquecidos deste processo\u201d.<\/p>\n<p style=\"text-align: justify\">A CNBB participou deste debate na condi\u00e7\u00e3o de membro do Comit\u00ea Brasil em Defesa das Florestas e do Desenvolvimento Sustent\u00e1vel, do qual participam tamb\u00e9m outras 163 organiza\u00e7\u00f5es da sociedade civil.<\/p>\n","protected":false},"excerpt":{"rendered":"<p>O cuidado com as florestas significa o cuidado com toda a humanidade e as gera\u00e7\u00f5es futuras. Este foi o ponto de partida da participa\u00e7\u00e3o da Confer\u00eancia Nacional dos Bispos do Brasil \u2013 CNBB no debate sobre o C\u00f3digo Florestal, promovido durante o F\u00f3rum Social Mundial Tem\u00e1tico, em Porto Alegre.<\/p>\n","protected":false},"author":83,"featured_media":29260,"comment_status":"open","ping_status":"open","sticky":false,"template":"","format":"standard","meta":{"site-sidebar-layout":"default","site-content-layout":"default","ast-global-header-display":"","ast-banner-title-visibility":"","ast-main-header-display":"","ast-hfb-above-header-display":"","ast-hfb-below-header-display":"","ast-hfb-mobile-header-display":"","site-post-title":"","ast-breadcrumbs-content":"","ast-featured-img":"","footer-sml-layout":"","theme-transparent-header-meta":"","adv-header-id-meta":"","stick-header-meta":"","header-above-stick-meta":"","header-main-stick-meta":"","header-below-stick-meta":""},"categories":[863],"tags":[],"acf":[],"_links":{"self":[{"href":"https:\/\/www.cnbb.org.br\/cnbb-app\/wp\/v2\/posts\/29259"}],"collection":[{"href":"https:\/\/www.cnbb.org.br\/cnbb-app\/wp\/v2\/posts"}],"about":[{"href":"https:\/\/www.cnbb.org.br\/cnbb-app\/wp\/v2\/types\/post"}],"author":[{"embeddable":true,"href":"https:\/\/www.cnbb.org.br\/cnbb-app\/wp\/v2\/users\/83"}],"replies":[{"embeddable":true,"href":"https:\/\/www.cnbb.org.br\/cnbb-app\/wp\/v2\/comments?post=29259"}],"version-history":[{"count":0,"href":"https:\/\/www.cnbb.org.br\/cnbb-app\/wp\/v2\/posts\/29259\/revisions"}],"wp:featuredmedia":[{"embeddable":true,"href":"https:\/\/www.cnbb.org.br\/cnbb-app\/wp\/v2\/media\/29260"}],"wp:attachment":[{"href":"https:\/\/www.cnbb.org.br\/cnbb-app\/wp\/v2\/media?parent=29259"}],"wp:term":[{"taxonomy":"category","embeddable":true,"href":"https:\/\/www.cnbb.org.br\/cnbb-app\/wp\/v2\/categories?post=29259"},{"taxonomy":"post_tag","embeddable":true,"href":"https:\/\/www.cnbb.org.br\/cnbb-app\/wp\/v2\/tags?post=29259"}],"curies":[{"name":"wp","href":"https:\/\/api.w.org\/{rel}","templated":true}]}}