{"id":29261,"date":"2012-01-31T00:00:00","date_gmt":"2012-01-31T02:00:00","guid":{"rendered":"https:\/\/www.cnbb.org.br\/com-apoio-da-igreja-casos-de-hanseniase-caem-15-em-um-ano\/"},"modified":"2020-03-11T17:12:14","modified_gmt":"2020-03-11T20:12:14","slug":"com-apoio-da-igreja-casos-de-hanseniase-caem-15-em-um-ano","status":"publish","type":"post","link":"https:\/\/www.cnbb.org.br\/com-apoio-da-igreja-casos-de-hanseniase-caem-15-em-um-ano\/","title":{"rendered":"Com apoio da Igreja, casos de hansen\u00edase caem 15% em um ano"},"content":{"rendered":"<p style=\"text-align: justify\">O Minist\u00e9rio da Sa\u00fade divulgou na quinta-feira, 26 de janeiro, os novos n\u00fameros dos casos de hansen\u00edase no pa\u00eds. Houve queda de 15% nos novos casos entre os anos de 2010 e 2011. A Confer\u00eancia Nacional dos Bispos do Brasil (CNBB), em parceria com a Pastoral da Crian\u00e7a, Pastorais Sociais e Minist\u00e9rio da Sa\u00fade, participa da campanha pela mobiliza\u00e7\u00e3o e conscientiza\u00e7\u00e3o sobre a hansen\u00edase, com a\u00e7\u00f5es espec\u00edficas de combate, identifica\u00e7\u00e3o e tratamento da doen\u00e7a.<\/p>\n<p>  <!--more-->  <\/p>\n<p style=\"text-align: justify\">O Brasil mant\u00e9m a queda na incid\u00eancia da hansen\u00edase. Entre 2010 e 2011, o coeficiente de detec\u00e7\u00e3o de casos novos caiu 15%. Entre menores de 15 anos, este percentual baixou 11%. Os dados preliminares mostram que, em 2011, houve 30.298 casos novos detectados, um coeficiente de 15,88 casos novos por 100 mil habitantes. Destes, 2.192 casos foram registrados em menores de 15 anos (4,77 por 100 mil habitantes). Em 2010, o coeficiente de detec\u00e7\u00e3o geral foi de 18,22 por 100 mil habitantes, correspondendo a 34.894 casos novos da doen\u00e7a no pa\u00eds, sendo 2.461 casos na popula\u00e7\u00e3o menor de 15 anos (5,36 por 100 mil habitantes).<\/p>\n<p style=\"text-align: justify\">Neste \u00faltimo domingo de janeiro, 29, foi celebrado o Dia Mundial de Luta Contra a Hansen\u00edase. &#8220;Estas datas servem para refletirmos a situa\u00e7\u00e3o da doen\u00e7a no Brasil. Entre 2010 e 2011, o coeficiente de detec\u00e7\u00e3o de casos novos caiu 15%. Queremos ampliar esse esfor\u00e7o para obter a elimina\u00e7\u00e3o da doen\u00e7a como problema de sa\u00fade p\u00fablica no pa\u00eds&#8221;, afirma o secret\u00e1rio de Vigil\u00e2ncia em Sa\u00fade do Minist\u00e9rio da Sa\u00fade, Jarbas Barbosa. Dados preliminares mostram que, em 2011, 23.660 pessoas est\u00e3o em tratamento.<\/p>\n<p style=\"text-align: justify\">Jarbas Barbosa lembra a import\u00e2ncia do trabalho dos agentes comunit\u00e1rios da Sa\u00fade, que v\u00e3o at\u00e9 as escolas ensinar aos adolescentes a fazerem o autoexame. &#8220;Os profissionais fazem uma triagem. Onde h\u00e1 crian\u00e7as ou adolescentes com hansen\u00edase, certamente h\u00e1 adultos tamb\u00e9m, mas o medo de ser discriminado muitas vezes torna-se barreira para procurar ajuda&#8221;, explica Jarbas Barbosa. O tempo entre o cont\u00e1gio e o aparecimento dos sintomas varia de dois a cinco anos.<\/p>\n<p style=\"text-align: justify\"><strong>A\u00e7\u00e3o da Igreja<\/strong><\/p>\n<p style=\"text-align: justify\">Desde o ano de 2000, a Pastoral da Crian\u00e7a integra a Rede Global de Elimina\u00e7\u00e3o da Hansen\u00edase e mobiliza esfor\u00e7os nos munic\u00edpios onde existem muitos casos da doen\u00e7a. O alerta para ficar atento \u00e0 doen\u00e7a, no entanto, serve para todas as comunidades.<\/p>\n<p style=\"text-align: justify\">No Brasil existem muitas pessoas com hansen\u00edase, nas diferentes faixas et\u00e1rias, que podem n\u00e3o saber quais s\u00e3o os sinais da doen\u00e7a e que ela pode ser tratada gratuitamente e curada. A falta de informa\u00e7\u00e3o e as lendas sobre a doen\u00e7a prejudicam a identifica\u00e7\u00e3o da Hansen\u00edase, geram preconceito e dificultam o tratamento.<\/p>\n<p style=\"text-align: justify\">Al\u00e9m de participar da mobiliza\u00e7\u00e3o nacional para conscientiza\u00e7\u00e3o da hanseniase (tratamento e cura, no dia 10 de outubro) a entidade tamb\u00e9m prepara materiais espec\u00edficos de comunica\u00e7\u00e3o sobre sintomas, tratamento e meios de preven\u00e7\u00e3o da doen\u00e7a. A estrat\u00e9gia da Pastoral da Crian\u00e7a \u00e9 a soma de esfor\u00e7os com dioceses, par\u00f3quias, congrega\u00e7\u00f5es religiosas como os Franciscanos e Franciscanas e outras. Os l\u00edderes da Pastoral da Crian\u00e7a s\u00e3o parceiros na luta contra a Hansen\u00edase no Brasil e por estarem pr\u00f3ximos das fam\u00edlias, podem ajudar a reconhecer sinais da doen\u00e7a e orient\u00e1-las na busca de tratamento nos servi\u00e7os de sa\u00fade.<\/p>\n","protected":false},"excerpt":{"rendered":"<p>O Minist\u00e9rio da Sa\u00fade divulgou na quinta-feira, 26 de janeiro, os novos n\u00fameros dos casos de hansen\u00edase no pa\u00eds. Houve queda de 15% nos novos casos entre os anos de 2010 e 2011. A Confer\u00eancia Nacional dos Bispos do Brasil (CNBB), em parceria com a Pastoral da Crian\u00e7a, Pastorais Sociais e Minist\u00e9rio da Sa\u00fade, participa &hellip;<\/p>\n<p class=\"read-more\"> <a class=\"\" href=\"https:\/\/www.cnbb.org.br\/com-apoio-da-igreja-casos-de-hanseniase-caem-15-em-um-ano\/\"> <span class=\"screen-reader-text\">Com apoio da Igreja, casos de hansen\u00edase caem 15% em um ano<\/span> Leia mais &raquo;<\/a><\/p>\n","protected":false},"author":83,"featured_media":29164,"comment_status":"open","ping_status":"open","sticky":false,"template":"","format":"standard","meta":{"site-sidebar-layout":"default","site-content-layout":"default","ast-global-header-display":"","ast-banner-title-visibility":"","ast-main-header-display":"","ast-hfb-above-header-display":"","ast-hfb-below-header-display":"","ast-hfb-mobile-header-display":"","site-post-title":"","ast-breadcrumbs-content":"","ast-featured-img":"","footer-sml-layout":"","theme-transparent-header-meta":"","adv-header-id-meta":"","stick-header-meta":"","header-above-stick-meta":"","header-main-stick-meta":"","header-below-stick-meta":""},"categories":[863],"tags":[],"acf":[],"_links":{"self":[{"href":"https:\/\/www.cnbb.org.br\/cnbb-app\/wp\/v2\/posts\/29261"}],"collection":[{"href":"https:\/\/www.cnbb.org.br\/cnbb-app\/wp\/v2\/posts"}],"about":[{"href":"https:\/\/www.cnbb.org.br\/cnbb-app\/wp\/v2\/types\/post"}],"author":[{"embeddable":true,"href":"https:\/\/www.cnbb.org.br\/cnbb-app\/wp\/v2\/users\/83"}],"replies":[{"embeddable":true,"href":"https:\/\/www.cnbb.org.br\/cnbb-app\/wp\/v2\/comments?post=29261"}],"version-history":[{"count":0,"href":"https:\/\/www.cnbb.org.br\/cnbb-app\/wp\/v2\/posts\/29261\/revisions"}],"wp:featuredmedia":[{"embeddable":true,"href":"https:\/\/www.cnbb.org.br\/cnbb-app\/wp\/v2\/media\/29164"}],"wp:attachment":[{"href":"https:\/\/www.cnbb.org.br\/cnbb-app\/wp\/v2\/media?parent=29261"}],"wp:term":[{"taxonomy":"category","embeddable":true,"href":"https:\/\/www.cnbb.org.br\/cnbb-app\/wp\/v2\/categories?post=29261"},{"taxonomy":"post_tag","embeddable":true,"href":"https:\/\/www.cnbb.org.br\/cnbb-app\/wp\/v2\/tags?post=29261"}],"curies":[{"name":"wp","href":"https:\/\/api.w.org\/{rel}","templated":true}]}}