{"id":29262,"date":"2012-02-06T00:00:00","date_gmt":"2012-02-06T02:00:00","guid":{"rendered":"https:\/\/www.cnbb.org.br\/pastorais-do-campo-debatem-desafios-para-os-proximos-anos\/"},"modified":"2020-03-11T17:12:14","modified_gmt":"2020-03-11T20:12:14","slug":"pastorais-do-campo-debatem-desafios-para-os-proximos-anos","status":"publish","type":"post","link":"https:\/\/www.cnbb.org.br\/pastorais-do-campo-debatem-desafios-para-os-proximos-anos\/","title":{"rendered":"Pastorais do Campo debatem desafios para os pr\u00f3ximos anos"},"content":{"rendered":"<p style=\"text-align: justify\">Mais de 40 lideran\u00e7as, que atuam nas Pastorais do Campo: CPT (Comiss\u00e3o Pastoral da Terra), CIMI (Conselho Indigenista Mission\u00e1rio), PJR (Pastoral da Juventude Rural), C\u00e1ritas, Pastoral dos Migrantes e Pastoral dos Pescadores, estiveram reunidas no \u00faltimo final de semana, 4 e 5, na ch\u00e1cara Vicente Ca\u00f1as, em Luzi\u00e2nia (GO).<\/p>\n<p>  <!--more-->  <\/p>\n<p style=\"text-align: justify\">O encontro serviu para socializar os desafios enfrentados pelos povos e comunidades que vivem no campo, conhecer o trabalho espec\u00edfico de cada Pastoral que atua junto a esta popula\u00e7\u00e3o, em vista de uma melhor articula\u00e7\u00e3o, fortalecimento e forma\u00e7\u00e3o.<\/p>\n<p style=\"text-align: justify\">Foram apresentadas a situa\u00e7\u00e3o sofrida pelos pescadores artesanais com a invas\u00e3o dos seus territ\u00f3rios pela ind\u00fastria do turismo, a burocracia do Estado que exclui as popula\u00e7\u00f5es tradicionais das pol\u00edticas p\u00fablicas.<\/p>\n<p style=\"text-align: justify\">O integrante da Comiss\u00e3o Episcopal Pastoral para o servi\u00e7o da Caridade, Justi\u00e7a e Paz, dom Enem\u00e9sio Lazzaris, bispo de Balsas (MA), acompanhou o encontro, juntamente com o assessor da mesma Comiss\u00e3o, padre Nelito Dornelas.<\/p>\n<p style=\"text-align: justify\">Neste encontro foi discutida ainda a conjuntura eclesial, a partir do documento da CNBB, \u201cA Igreja e a quest\u00e3o agr\u00e1ria no inicio do s\u00e9culo XXI\u201d, al\u00e9m de tratar das Diretrizes Gerais de A\u00e7\u00e3o Evangelizadora da Igreja no Brasil (DGAE), contando com assessoria do te\u00f3logo padre Paulo Suess e do soci\u00f3logo S\u00e9rgio Sauer, para a an\u00e1lise da realidade do campo brasileiro.<\/p>\n<p style=\"text-align: justify\">Dentre os desafios, destacou-se a situa\u00e7\u00e3o da juventude no campo. Dos 50 milh\u00f5es de jovens brasileiros, oito milh\u00f5es vivem no campo, dos quais quatro milh\u00f5es est\u00e3o no Nordeste, sendo que 2,5 milh\u00f5es de jovens ganham at\u00e9 R$70,00 por m\u00eas, vivendo abaixo da linha de mis\u00e9ria. Tem tamb\u00e9m a problem\u00e1tica vivida pelos povos ind\u00edgenas, com a invas\u00e3o de suas terras pelos megaprojetos, expans\u00e3o do agroneg\u00f3cio e do monocultivo e a morosidade na demarca\u00e7\u00e3o de suas terras, causando-lhes enormes sofrimentos, conflitos e viol\u00eancia, devido a omiss\u00e3o do Estado.<\/p>\n<p style=\"text-align: justify\">\u201cO encontro foi permeado por uma profunda espiritualidade e grande consci\u00eancia eclesial, visto que estas pastorais d\u00e3o visibilidade \u00e0 presen\u00e7a da Igreja em sua dimens\u00e3o mission\u00e1ria e prof\u00e9tica junto \u00e0s popula\u00e7\u00f5es do campo\u201d, disse o padre Nelito Dornelas.<\/p>\n<p style=\"text-align: justify\">Ap\u00f3s a reuni\u00e3o, ficou estabelecida linhas de a\u00e7\u00e3o: a luta pela reforma agr\u00e1ria e a defesa dos territ\u00f3rios dos ind\u00edgenas e povos tradicionais (Constru\u00e7\u00e3o do segundo Congresso campon\u00eas-2012); enfrentamento dos megaprojetos patrocinados pelo Estado (atua\u00e7\u00e3o permanente junto ao congresso e das popula\u00e7\u00f5es atingidas) e articula\u00e7\u00e3o das Pastorais do Campo e os movimentos sociais (participa\u00e7\u00e3o na constru\u00e7\u00e3o e realiza\u00e7\u00e3o da 5\u00aa Semana Social Brasileira).<\/p>\n","protected":false},"excerpt":{"rendered":"<p>Mais de 40 lideran\u00e7as, que atuam nas Pastorais do Campo: CPT (Comiss\u00e3o Pastoral da Terra), CIMI (Conselho Indigenista Mission\u00e1rio), PJR (Pastoral da Juventude Rural), C\u00e1ritas, Pastoral dos Migrantes e Pastoral dos Pescadores, estiveram reunidas no \u00faltimo final de semana, 4 e 5, na ch\u00e1cara Vicente Ca\u00f1as, em Luzi\u00e2nia (GO).<\/p>\n","protected":false},"author":83,"featured_media":29263,"comment_status":"open","ping_status":"open","sticky":false,"template":"","format":"standard","meta":{"site-sidebar-layout":"default","site-content-layout":"default","ast-global-header-display":"","ast-banner-title-visibility":"","ast-main-header-display":"","ast-hfb-above-header-display":"","ast-hfb-below-header-display":"","ast-hfb-mobile-header-display":"","site-post-title":"","ast-breadcrumbs-content":"","ast-featured-img":"","footer-sml-layout":"","theme-transparent-header-meta":"","adv-header-id-meta":"","stick-header-meta":"","header-above-stick-meta":"","header-main-stick-meta":"","header-below-stick-meta":""},"categories":[863],"tags":[],"acf":[],"_links":{"self":[{"href":"https:\/\/www.cnbb.org.br\/cnbb-app\/wp\/v2\/posts\/29262"}],"collection":[{"href":"https:\/\/www.cnbb.org.br\/cnbb-app\/wp\/v2\/posts"}],"about":[{"href":"https:\/\/www.cnbb.org.br\/cnbb-app\/wp\/v2\/types\/post"}],"author":[{"embeddable":true,"href":"https:\/\/www.cnbb.org.br\/cnbb-app\/wp\/v2\/users\/83"}],"replies":[{"embeddable":true,"href":"https:\/\/www.cnbb.org.br\/cnbb-app\/wp\/v2\/comments?post=29262"}],"version-history":[{"count":0,"href":"https:\/\/www.cnbb.org.br\/cnbb-app\/wp\/v2\/posts\/29262\/revisions"}],"wp:featuredmedia":[{"embeddable":true,"href":"https:\/\/www.cnbb.org.br\/cnbb-app\/wp\/v2\/media\/29263"}],"wp:attachment":[{"href":"https:\/\/www.cnbb.org.br\/cnbb-app\/wp\/v2\/media?parent=29262"}],"wp:term":[{"taxonomy":"category","embeddable":true,"href":"https:\/\/www.cnbb.org.br\/cnbb-app\/wp\/v2\/categories?post=29262"},{"taxonomy":"post_tag","embeddable":true,"href":"https:\/\/www.cnbb.org.br\/cnbb-app\/wp\/v2\/tags?post=29262"}],"curies":[{"name":"wp","href":"https:\/\/api.w.org\/{rel}","templated":true}]}}