{"id":29264,"date":"2012-02-09T00:00:00","date_gmt":"2012-02-09T02:00:00","guid":{"rendered":"https:\/\/www.cnbb.org.br\/pe-edenio-valle-esclarece-declaracoes-sobre-combate-a-pedofilia-no-brasil\/"},"modified":"2020-03-11T17:12:14","modified_gmt":"2020-03-11T20:12:14","slug":"pe-edenio-valle-esclarece-declaracoes-sobre-combate-a-pedofilia-no-brasil","status":"publish","type":"post","link":"https:\/\/www.cnbb.org.br\/pe-edenio-valle-esclarece-declaracoes-sobre-combate-a-pedofilia-no-brasil\/","title":{"rendered":"Padre Ed\u00eanio Valle esclarece declara\u00e7\u00f5es sobre combate \u00e0 pedofilia no Brasil"},"content":{"rendered":"<p style=\"text-align: justify\">Diante da repercuss\u00e3o nacional e internacional de supostas afirma\u00e7\u00f5es feitas em Roma pelo conferencista brasileiro, psic\u00f3logo e terapeuta, Pe. Ed\u00eanio Valle, de que a Igreja no Brasil n\u00e3o &#8220;teria id\u00e9ia&#8221; de como enfrentar os casos de pedofilia no clero,\u00a0 ele deu entrevista \u00e0 R\u00e1dio Vaticano para esclarecer seus pronunciamentos nesta quinta-feira, 9 de fevereiro.<\/p>\n<p>  <!--more-->  <\/p>\n<p style=\"text-align: justify\">Pe Ed\u00eanio, ao ser indagado se teria afirmado que medidas e procedimentos efetivos por parte da  Igreja curto, m\u00e9dio e longo prazo n\u00e3o est\u00e3o sendo  planejados, respondeu: &#8220;Isso  eu n\u00e3o disse e n\u00e3o penso, mesmo porque sei que a curto prazo temos  algumas atividades: o Instituto que dirijo existe h\u00e1 12 anos (o que \u00e9  m\u00e9dio prazo), mas a longo prazo, precisamos pensar na quest\u00e3o da  forma\u00e7\u00e3o do clero, na forma\u00e7\u00e3o humana e afetiva. Eu conhe\u00e7o os  documentos que a CNBB fez&#8221;.<\/p>\n<p><\/p>\n","protected":false},"excerpt":{"rendered":"<p>Diante da repercuss\u00e3o nacional e internacional de supostas afirma\u00e7\u00f5es feitas em Roma pelo conferencista brasileiro, psic\u00f3logo e terapeuta, Pe. Ed\u00eanio Valle, de que a Igreja no Brasil n\u00e3o &#8220;teria id\u00e9ia&#8221; de como enfrentar os casos de pedofilia no clero,\u00a0 ele deu entrevista \u00e0 R\u00e1dio Vaticano para esclarecer seus pronunciamentos nesta quinta-feira, 9 de fevereiro.<\/p>\n","protected":false},"author":83,"featured_media":29265,"comment_status":"open","ping_status":"open","sticky":false,"template":"","format":"standard","meta":{"site-sidebar-layout":"default","site-content-layout":"default","ast-global-header-display":"","ast-banner-title-visibility":"","ast-main-header-display":"","ast-hfb-above-header-display":"","ast-hfb-below-header-display":"","ast-hfb-mobile-header-display":"","site-post-title":"","ast-breadcrumbs-content":"","ast-featured-img":"","footer-sml-layout":"","theme-transparent-header-meta":"","adv-header-id-meta":"","stick-header-meta":"","header-above-stick-meta":"","header-main-stick-meta":"","header-below-stick-meta":""},"categories":[863],"tags":[],"acf":[],"_links":{"self":[{"href":"https:\/\/www.cnbb.org.br\/cnbb-app\/wp\/v2\/posts\/29264"}],"collection":[{"href":"https:\/\/www.cnbb.org.br\/cnbb-app\/wp\/v2\/posts"}],"about":[{"href":"https:\/\/www.cnbb.org.br\/cnbb-app\/wp\/v2\/types\/post"}],"author":[{"embeddable":true,"href":"https:\/\/www.cnbb.org.br\/cnbb-app\/wp\/v2\/users\/83"}],"replies":[{"embeddable":true,"href":"https:\/\/www.cnbb.org.br\/cnbb-app\/wp\/v2\/comments?post=29264"}],"version-history":[{"count":0,"href":"https:\/\/www.cnbb.org.br\/cnbb-app\/wp\/v2\/posts\/29264\/revisions"}],"wp:featuredmedia":[{"embeddable":true,"href":"https:\/\/www.cnbb.org.br\/cnbb-app\/wp\/v2\/media\/29265"}],"wp:attachment":[{"href":"https:\/\/www.cnbb.org.br\/cnbb-app\/wp\/v2\/media?parent=29264"}],"wp:term":[{"taxonomy":"category","embeddable":true,"href":"https:\/\/www.cnbb.org.br\/cnbb-app\/wp\/v2\/categories?post=29264"},{"taxonomy":"post_tag","embeddable":true,"href":"https:\/\/www.cnbb.org.br\/cnbb-app\/wp\/v2\/tags?post=29264"}],"curies":[{"name":"wp","href":"https:\/\/api.w.org\/{rel}","templated":true}]}}