{"id":29291,"date":"2012-05-28T00:00:00","date_gmt":"2012-05-28T03:00:00","guid":{"rendered":"https:\/\/www.cnbb.org.br\/diocese-de-minas-gerais-promove-forum-das-pastorais-sociais\/"},"modified":"2020-03-11T17:12:10","modified_gmt":"2020-03-11T20:12:10","slug":"diocese-de-minas-gerais-promove-forum-das-pastorais-sociais","status":"publish","type":"post","link":"https:\/\/www.cnbb.org.br\/diocese-de-minas-gerais-promove-forum-das-pastorais-sociais\/","title":{"rendered":"Diocese de Minas Gerais promove F\u00f3rum das Pastorais Sociais"},"content":{"rendered":"<p style=\"text-align: justify\">A diocese de Itabira\/ Coronel Fabriciano, em Minas Gerais, promoveu nos dias 25, 26 e 27 de maio o F\u00f3rum Diocesano das Pastorais Sociais na Par\u00f3quia Cristo Libertador, em Ipatinga (MG), no Santu\u00e1rio S\u00e3o Judas Tadeu. O objetivo desse f\u00f3rum foi apresentar um diagn\u00f3stico da a\u00e7\u00e3o das pastorais, movimentos e servi\u00e7os que contemplam o social, e apontar o rumo para essas a\u00e7\u00f5es, tendo em vista as prioridades diocesanas, votadas por ocasi\u00e3o da \u00faltima Assembleia Diocesana de 2006, e retomadas na revis\u00e3o e prorroga\u00e7\u00e3o do Plano Quadrienal de Evangeliza\u00e7\u00e3o, na qual escolheram o ano de 2012 como o ano das Pastorais Sociais.<\/p>\n<p>  <!--more-->  <\/p>\n<p style=\"text-align: justify\">O F\u00f3rum teve como tema \u201cPastorais Sociais e seus Desafios\u201d e contou com a assessoria do padre Nelito Dornelas, um dos assessores da Comiss\u00e3o Episcopal Pastoral para o Servi\u00e7o da Caridade, da Justi\u00e7a e da Paz, da CNBB.<\/p>\n<p style=\"text-align: justify\">Foram realizadas seis oficinas tem\u00e1ticas, participaram 200 pessoas representantes das Pastorais Sociais, os quais, ap\u00f3s elencarem os desafios, apontaram as seguintes perspectivas: maior forma\u00e7\u00e3o dentro das pastorais e movimentos para capacitar mais pessoas para as coordena\u00e7\u00f5es; fortalecer e apoiar os agentes; sensibilizar e\u00a0 conquistar\u00a0 novas pessoas; ser mais criativos; renovar as pastorais; promover mais f\u00f3runs sociais localizados; refor\u00e7ar os conselhos; ampliar ajuda entre\u00a0 as par\u00f3quias com recursos financeiros e humanos; promover uma semana mission\u00e1ria das Pastorais Sociais, por ocasi\u00e3o da festa da Diocese; maior investimento nas fam\u00edlias; divulgar as atividades; ampliar as parcerias entre as Pastorais Sociais e os Movimentos Sociais e os Conselhos de Cidadania, em vista da constru\u00e7\u00e3o de pol\u00edticas p\u00fablicas.<\/p>\n<p style=\"text-align: justify\">O F\u00f3rum contou a presen\u00e7a do bispo diocesano, dom Odilon Guimar\u00e3es Moreira, v\u00e1rios padres e religiosas.<\/p>\n<p style=\"text-align: justify\">A equipe de liturgia e anima\u00e7\u00e3o, deu um tom profundamente orante e b\u00edblico ao evento, refor\u00e7ando as motiva\u00e7\u00f5es que sustentam as Pastorais Sociais em seu compromisso com os pobres exclu\u00eddos.<\/p>\n","protected":false},"excerpt":{"rendered":"<p>A diocese de Itabira\/ Coronel Fabriciano, em Minas Gerais, promoveu nos dias 25, 26 e 27 de maio o F\u00f3rum Diocesano das Pastorais Sociais na Par\u00f3quia Cristo Libertador, em Ipatinga (MG), no Santu\u00e1rio S\u00e3o Judas Tadeu. O objetivo desse f\u00f3rum foi apresentar um diagn\u00f3stico da a\u00e7\u00e3o das pastorais, movimentos e servi\u00e7os que contemplam o social, &hellip;<\/p>\n<p class=\"read-more\"> <a class=\"\" href=\"https:\/\/www.cnbb.org.br\/diocese-de-minas-gerais-promove-forum-das-pastorais-sociais\/\"> <span class=\"screen-reader-text\">Diocese de Minas Gerais promove F\u00f3rum das Pastorais Sociais<\/span> Leia mais &raquo;<\/a><\/p>\n","protected":false},"author":83,"featured_media":29292,"comment_status":"open","ping_status":"open","sticky":false,"template":"","format":"standard","meta":{"site-sidebar-layout":"default","site-content-layout":"default","ast-global-header-display":"","ast-banner-title-visibility":"","ast-main-header-display":"","ast-hfb-above-header-display":"","ast-hfb-below-header-display":"","ast-hfb-mobile-header-display":"","site-post-title":"","ast-breadcrumbs-content":"","ast-featured-img":"","footer-sml-layout":"","theme-transparent-header-meta":"","adv-header-id-meta":"","stick-header-meta":"","header-above-stick-meta":"","header-main-stick-meta":"","header-below-stick-meta":""},"categories":[863],"tags":[],"acf":[],"_links":{"self":[{"href":"https:\/\/www.cnbb.org.br\/cnbb-app\/wp\/v2\/posts\/29291"}],"collection":[{"href":"https:\/\/www.cnbb.org.br\/cnbb-app\/wp\/v2\/posts"}],"about":[{"href":"https:\/\/www.cnbb.org.br\/cnbb-app\/wp\/v2\/types\/post"}],"author":[{"embeddable":true,"href":"https:\/\/www.cnbb.org.br\/cnbb-app\/wp\/v2\/users\/83"}],"replies":[{"embeddable":true,"href":"https:\/\/www.cnbb.org.br\/cnbb-app\/wp\/v2\/comments?post=29291"}],"version-history":[{"count":0,"href":"https:\/\/www.cnbb.org.br\/cnbb-app\/wp\/v2\/posts\/29291\/revisions"}],"wp:featuredmedia":[{"embeddable":true,"href":"https:\/\/www.cnbb.org.br\/cnbb-app\/wp\/v2\/media\/29292"}],"wp:attachment":[{"href":"https:\/\/www.cnbb.org.br\/cnbb-app\/wp\/v2\/media?parent=29291"}],"wp:term":[{"taxonomy":"category","embeddable":true,"href":"https:\/\/www.cnbb.org.br\/cnbb-app\/wp\/v2\/categories?post=29291"},{"taxonomy":"post_tag","embeddable":true,"href":"https:\/\/www.cnbb.org.br\/cnbb-app\/wp\/v2\/tags?post=29291"}],"curies":[{"name":"wp","href":"https:\/\/api.w.org\/{rel}","templated":true}]}}