{"id":29295,"date":"2012-06-17T00:00:00","date_gmt":"2012-06-17T03:00:00","guid":{"rendered":"https:\/\/www.cnbb.org.br\/encontro-latinoamericano-de-articulacao-de-cebs-no-caribe\/"},"modified":"2020-03-11T17:12:09","modified_gmt":"2020-03-11T20:12:09","slug":"encontro-latinoamericano-de-articulacao-de-cebs-no-caribe","status":"publish","type":"post","link":"https:\/\/www.cnbb.org.br\/encontro-latinoamericano-de-articulacao-de-cebs-no-caribe\/","title":{"rendered":"Encontro latinoamericano de articula\u00e7\u00e3o de CEBs no Caribe"},"content":{"rendered":"<div style=\"text-align: justify\"><\/div>\n<div style=\"text-align: justify\"><\/div>\n<div style=\"text-align: justify\">Est\u00e1 em andamento desde o \u00faltimo s\u00e1bado, 16 de junho, na cidade de San Pedro, Honduras, o 9\u00ba Encontro latino-americano e caribenho das Comunidades Eclesiais de Base (CEBs).<\/div>\n<div style=\"text-align: justify\"><\/div>\n<p>  <!--more-->  <\/p>\n<div style=\"text-align: justify\">\u201cRefletimos sobre a incultura\u00e7\u00e3o de um novo paradigma de evangeliza\u00e7\u00e3o na Am\u00e9rica. Civiliza\u00e7\u00e3o e cultura s\u00e3o campos de conflito na sociedade continental. Fica claro que precisamos superar um culturalismo rom\u00e2ntico e defender a incultura\u00e7\u00e3o, mostrando que existem alternativas e caminhos como resposta as demandas do tempo presente\u201d, afirmou o Padre Vileci B. Vidal, um dos coordenadores 13\u00ba Intereclesial.<\/p>\n<p>Padre Vileci afirmou que o 9\u00ba Encontro est\u00e1 servindo de novas bases de articula\u00e7\u00e3o das CEBs no Continente Americano. \u201cNeste dia de encontro, estamos tratando do relan\u00e7amento das CEBs no continente dada nestes quatros anos de caminhada. Vimos que o 12\u00ba Intereclesial no Brasil foi o marco deste relan\u00e7amento para revitalizar as CEBs, tendo como fruto o Documento 92 da CNBB. Al\u00e9m disso, o 13\u00ba Intereclesial nos fez ver que precisamos discutir mais a rela\u00e7\u00e3o CEBs e Religiosidade Popular na Am\u00e9rica\u201d.<\/p>\n<p>O religioso continuou explicando: \u201cNeste sentido, a miss\u00e3o \u00e9 pela conquista da Am\u00e9rica como lugar do di\u00e1logo e rela\u00e7\u00e3o intercultural no campo da evangeliza\u00e7\u00e3o numa atitude ecum\u00eanica. Pois, n\u00e3o podemos aceitar a mudan\u00e7a do mundo sem a nossa participa\u00e7\u00e3o\u201d. O encontro vai at\u00e9 o dia 21 de junho.<\/p><\/div>\n","protected":false},"excerpt":{"rendered":"<p>Est\u00e1 em andamento desde o \u00faltimo s\u00e1bado, 16 de junho, na cidade de San Pedro, Honduras, o 9\u00ba Encontro latino-americano e caribenho das Comunidades Eclesiais de Base (CEBs).<\/p>\n","protected":false},"author":83,"featured_media":29296,"comment_status":"open","ping_status":"open","sticky":false,"template":"","format":"standard","meta":{"site-sidebar-layout":"default","site-content-layout":"default","ast-global-header-display":"","ast-banner-title-visibility":"","ast-main-header-display":"","ast-hfb-above-header-display":"","ast-hfb-below-header-display":"","ast-hfb-mobile-header-display":"","site-post-title":"","ast-breadcrumbs-content":"","ast-featured-img":"","footer-sml-layout":"","theme-transparent-header-meta":"","adv-header-id-meta":"","stick-header-meta":"","header-above-stick-meta":"","header-main-stick-meta":"","header-below-stick-meta":""},"categories":[863],"tags":[],"acf":[],"_links":{"self":[{"href":"https:\/\/www.cnbb.org.br\/cnbb-app\/wp\/v2\/posts\/29295"}],"collection":[{"href":"https:\/\/www.cnbb.org.br\/cnbb-app\/wp\/v2\/posts"}],"about":[{"href":"https:\/\/www.cnbb.org.br\/cnbb-app\/wp\/v2\/types\/post"}],"author":[{"embeddable":true,"href":"https:\/\/www.cnbb.org.br\/cnbb-app\/wp\/v2\/users\/83"}],"replies":[{"embeddable":true,"href":"https:\/\/www.cnbb.org.br\/cnbb-app\/wp\/v2\/comments?post=29295"}],"version-history":[{"count":0,"href":"https:\/\/www.cnbb.org.br\/cnbb-app\/wp\/v2\/posts\/29295\/revisions"}],"wp:featuredmedia":[{"embeddable":true,"href":"https:\/\/www.cnbb.org.br\/cnbb-app\/wp\/v2\/media\/29296"}],"wp:attachment":[{"href":"https:\/\/www.cnbb.org.br\/cnbb-app\/wp\/v2\/media?parent=29295"}],"wp:term":[{"taxonomy":"category","embeddable":true,"href":"https:\/\/www.cnbb.org.br\/cnbb-app\/wp\/v2\/categories?post=29295"},{"taxonomy":"post_tag","embeddable":true,"href":"https:\/\/www.cnbb.org.br\/cnbb-app\/wp\/v2\/tags?post=29295"}],"curies":[{"name":"wp","href":"https:\/\/api.w.org\/{rel}","templated":true}]}}