{"id":29305,"date":"2012-06-21T00:00:00","date_gmt":"2012-06-21T03:00:00","guid":{"rendered":"https:\/\/www.cnbb.org.br\/termina-hoje-ix-encontro-de-cebs-latino-americano-e-caribenho\/"},"modified":"2020-03-11T17:12:08","modified_gmt":"2020-03-11T20:12:08","slug":"termina-hoje-ix-encontro-de-cebs-latino-americano-e-caribenho","status":"publish","type":"post","link":"https:\/\/www.cnbb.org.br\/termina-hoje-ix-encontro-de-cebs-latino-americano-e-caribenho\/","title":{"rendered":"Termina hoje IX Encontro de CEBs Latino-americano e Caribenho"},"content":{"rendered":"<div style=\"text-align: justify\">Aberto no \u00faltimo dia 16 de junho, termina hoje em San Pedro Sula, Honduras, o 9\u00ba encontro de CEBs latino-americano e caribenho. A pauta do encontro previa uma reflex\u00e3o sobre a an\u00e1lise de conjuntura da regi\u00e3o, bem como a atua\u00e7\u00e3o das comunidades de base. O padre Vileci Vidal, coordenador do 13\u00ba Intereclesial brasileiro, marcado para o ano que vem em Juazeiro do Norte (CE), participou do evento.<\/div>\n<div style=\"text-align: justify\"><\/div>\n<p>  <!--more-->  <\/p>\n<div style=\"text-align: justify\">Ele destacou que frente a situa\u00e7\u00e3o atual do continente, os participantes perceberam que o Esp\u00edrito de Jesus inspira o trabalho das comunidades de base. \u201cOs grupos de estudo ajudaram a dar um panorama da realidade da Am\u00e9rica Latina na dimens\u00e3o pol\u00edtica, econ\u00f4mica, social, educacional, ecol\u00f3gica, al\u00e9m do pluralismo religioso e eclesial. Frente aos aspectos relevantes apresentados destacou-se que devemos estar atentos ao sistema ecobiopol\u00edtico, como fluxo de vida donde se define o alimento com a presen\u00e7a de tr\u00eas elementos necess\u00e1rios \u00e1gua, ar e energia\u201d, relatou. <\/p>\n<p>A assembleia frisou as conclus\u00f5es do relan\u00e7amento das CEBs na Am\u00e9rica Latina que, nos \u00faltimos quatros anos, fortaleceram a forma\u00e7\u00e3o e articula\u00e7\u00e3o. O encontro encerra-se com a busca da afirma\u00e7\u00e3o de um compromisso frente \u00e0s diferentes lutas, iluminada pela reflex\u00e3o b\u00edblico-teol\u00f3gica. <\/p>\n<p>Participaram do evento cerca de 200 delegados. Padre Vileci afirma que a representa\u00e7\u00e3o brasileira destacou o documento 92 da CNBB, que ajudou na revitaliza\u00e7\u00e3o e fortalecimento das CEBs atrav\u00e9s dos encontros das grandes regi\u00f5es, encontros regionais e diocesanos, rumo ao 13\u00ba Intereclesial. \u201cA Assembleia em Honduras foi uma riqueza pela sua diversidade cultural, a presen\u00e7a de representantes das comunidades ind\u00edgenas e afro americanas\u201d.<\/p><\/div>\n","protected":false},"excerpt":{"rendered":"<p>Aberto no \u00faltimo dia 16 de junho, termina hoje em San Pedro Sula, Honduras, o 9\u00ba encontro de CEBs latino-americano e caribenho. A pauta do encontro previa uma reflex\u00e3o sobre a an\u00e1lise de conjuntura da regi\u00e3o, bem como a atua\u00e7\u00e3o das comunidades de base. O padre Vileci Vidal, coordenador do 13\u00ba Intereclesial brasileiro, marcado para &hellip;<\/p>\n<p class=\"read-more\"> <a class=\"\" href=\"https:\/\/www.cnbb.org.br\/termina-hoje-ix-encontro-de-cebs-latino-americano-e-caribenho\/\"> <span class=\"screen-reader-text\">Termina hoje IX Encontro de CEBs Latino-americano e Caribenho<\/span> Leia mais &raquo;<\/a><\/p>\n","protected":false},"author":83,"featured_media":10547,"comment_status":"open","ping_status":"open","sticky":false,"template":"","format":"standard","meta":{"site-sidebar-layout":"default","site-content-layout":"default","ast-global-header-display":"","ast-banner-title-visibility":"","ast-main-header-display":"","ast-hfb-above-header-display":"","ast-hfb-below-header-display":"","ast-hfb-mobile-header-display":"","site-post-title":"","ast-breadcrumbs-content":"","ast-featured-img":"","footer-sml-layout":"","theme-transparent-header-meta":"","adv-header-id-meta":"","stick-header-meta":"","header-above-stick-meta":"","header-main-stick-meta":"","header-below-stick-meta":""},"categories":[863],"tags":[],"acf":[],"_links":{"self":[{"href":"https:\/\/www.cnbb.org.br\/cnbb-app\/wp\/v2\/posts\/29305"}],"collection":[{"href":"https:\/\/www.cnbb.org.br\/cnbb-app\/wp\/v2\/posts"}],"about":[{"href":"https:\/\/www.cnbb.org.br\/cnbb-app\/wp\/v2\/types\/post"}],"author":[{"embeddable":true,"href":"https:\/\/www.cnbb.org.br\/cnbb-app\/wp\/v2\/users\/83"}],"replies":[{"embeddable":true,"href":"https:\/\/www.cnbb.org.br\/cnbb-app\/wp\/v2\/comments?post=29305"}],"version-history":[{"count":0,"href":"https:\/\/www.cnbb.org.br\/cnbb-app\/wp\/v2\/posts\/29305\/revisions"}],"wp:featuredmedia":[{"embeddable":true,"href":"https:\/\/www.cnbb.org.br\/cnbb-app\/wp\/v2\/media\/10547"}],"wp:attachment":[{"href":"https:\/\/www.cnbb.org.br\/cnbb-app\/wp\/v2\/media?parent=29305"}],"wp:term":[{"taxonomy":"category","embeddable":true,"href":"https:\/\/www.cnbb.org.br\/cnbb-app\/wp\/v2\/categories?post=29305"},{"taxonomy":"post_tag","embeddable":true,"href":"https:\/\/www.cnbb.org.br\/cnbb-app\/wp\/v2\/tags?post=29305"}],"curies":[{"name":"wp","href":"https:\/\/api.w.org\/{rel}","templated":true}]}}