{"id":29308,"date":"2012-07-12T00:00:00","date_gmt":"2012-07-12T03:00:00","guid":{"rendered":"https:\/\/www.cnbb.org.br\/forum-de-mudancas-climaticas-e-cupula-dos-povos-por-justica-social-e-ambiental\/"},"modified":"2020-03-11T17:12:08","modified_gmt":"2020-03-11T20:12:08","slug":"forum-de-mudancas-climaticas-e-cupula-dos-povos-por-justica-social-e-ambiental","status":"publish","type":"post","link":"https:\/\/www.cnbb.org.br\/forum-de-mudancas-climaticas-e-cupula-dos-povos-por-justica-social-e-ambiental\/","title":{"rendered":"F\u00f3rum de Mudan\u00e7as Clim\u00e1ticas e C\u00fapula dos Povos: por Justi\u00e7a social e ambiental"},"content":{"rendered":"<div style=\"text-align: right\"><span style=\"font-size: 12pt\">Dom Pedro Luiz Stringhini<br \/>Bispo de Franca (SP) <br \/>Representante da CNBB no F\u00f3rum MCJC<\/span><\/div>\n<div style=\"text-align: justify\"><\/div>\n<div style=\"text-align: justify\">Acompanhei com aten\u00e7\u00e3o a importante realiza\u00e7\u00e3o da C\u00fapula dos Povos por justi\u00e7a social e ambiental, realizada nos dias 15 a 22 de junho de 2012, por ocasi\u00e3o da Confer\u00eancia das Na\u00e7\u00f5es Unidas Rio+20.\u00a0 As entidades e redes que constituem o F\u00f3rum Mudan\u00e7as Clim\u00e1ticas e Justi\u00e7a Social \u2013 pastorais sociais da CNBB, CIMI, C\u00e1ritas Nacional, Movimentos da Via Campesina, Rede Jubileu, ASA (Articula\u00e7\u00e3o do Semi-\u00c1rido), FASE e PACS \u2013, marcaram presen\u00e7a na C\u00fapula dos Povos de muitas formas e com muitas iniciativas. Participaram das Oficinas de debate, nos di\u00e1logos de religi\u00f5es e igrejas crist\u00e3s, nas plen\u00e1rias e assembleias, e de modo especial nas mobiliza\u00e7\u00f5es que aconteceram durante a Rio+20.<\/div>\n<div style=\"text-align: justify\"><\/div>\n<div style=\"text-align: justify\">  <!--more-->  <\/div>\n<p> <\/p>\n<div style=\"text-align: justify\">A C\u00fapula dos Povos contemplou o que caracteriza o objetivo do F\u00f3rum: tornar conhecidas as causas das crises sociais e ambientais que atingem a humanidade na Terra, na forma\u00e7\u00e3o de uma consci\u00eancia cr\u00edtica, na elabora\u00e7\u00e3o de propostas, e na mobiliza\u00e7\u00e3o para mudar o que \u00e9 necess\u00e1rio e urgente. O resgate e a valoriza\u00e7\u00e3o do que os povos e movimentos sociais est\u00e3o fazendo de positivo, e com \u00eaxito, serve de exemplo e de prova de que \u00e9 poss\u00edvel a conviv\u00eancia entre os seres humanos e povos, bem como entre eles e a Terra, com base na justi\u00e7a social e ambiental.<\/div>\n<div style=\"text-align: justify\">Uma contribui\u00e7\u00e3o especial do F\u00f3rum de Mudan\u00e7as Clim\u00e1ticas foi a de levar ao Rio de Janeiro, gra\u00e7as ao apoio de organismos de solidariedade nacionais e internacionais \u2013 entre eles, o Fundo Nacional de Solidariedade, da CNBB -, quarenta e seis representantes dos afetados por desastres socioambientais. E o fez com duplo objetivo: possibilitar a realiza\u00e7\u00e3o da primeira assembleia do movimento social que eles est\u00e3o organizando e viabilizar sua participa\u00e7\u00e3o e contribui\u00e7\u00e3o na C\u00fapula dos Povos.<\/div>\n<div style=\"text-align: justify\">A assembleia foi realizada e seus membros confirmaram a cria\u00e7\u00e3o do MONADES \u2013 Movimento Nacional de Afetados por Desastres Socioambientais \u2013, escolheram uma comiss\u00e3o nacional, com afetados das grandes regi\u00f5es do Pa\u00eds, e todos os participantes retornaram aos 18 Estados decididos a enraizar o Movimento nas muitas comunidades de afetados por diferentes tipos de desastres socioambientais. O desejo e objetivo \u00e9 que as pessoas afetadas se organizem e lutem por seus direitos, contando com o apoio de todas as entidades e pessoas de boa vontade e exigindo que os governantes garantam seus direitos por meio pol\u00edticas p\u00fablicas adequadas \u00e0s necessidades das v\u00edtimas dos eventos clim\u00e1ticos.<\/div>\n<div style=\"text-align: justify\">A humanidade precisa com urg\u00eancia enfrentar os desequil\u00edbrios e crises existentes. E o MONADES contribuiu, na C\u00fapula dos Povos, analisando as causas e conseq\u00fc\u00eancias da crise social e ambiental e elaborando propostas pr\u00e1ticas e eficazes de mobiliza\u00e7\u00e3o para que a humanidade enfrente os desequil\u00edbrios e crises existentes. Prop\u00f5e que a C\u00fapula dos Povos apoie e ajude a viabilizar a articula\u00e7\u00e3o dos Afetados em todo o Planeta, a come\u00e7ar da Am\u00e9rica Latina. Os pobres s\u00e3o os que pagam com a vida as consequ\u00eancias das mudan\u00e7as clim\u00e1ticas causadas pelo aquecimento global.<\/div>\n<div style=\"text-align: justify\">Na Rio+20, justificados pela crise financeira mundial, os chefes de Estado tenderam a dar mais peso ao tema do desenvolvimento que da sustentabilidade. A C\u00fapula dos Povos colocou os movimentos populares entre os protagonistas das mobiliza\u00e7\u00f5es que exigem mudan\u00e7as profundas no modo de produzir, consumir, desejar, pensar e sentir da civiliza\u00e7\u00e3o moderna capitalista. Na linha da mensagem do Papa Bento XVI para a Rio+20, os participantes da C\u00fapula trouxeram \u00e0 tona a necessidade de se retomar a \u2018dimens\u00e3o \u00e9tica\u2019 e os valores a partir dos quais a vida do ser humano e da cria\u00e7\u00e3o, bem como uma \u2018justa solidariedade entre os seres humanos\u2019, tenham prioridade sobre o lucro e o consumismo predador.<\/div>\n<div style=\"text-align: justify\">O F\u00f3rum de Mudan\u00e7as Clim\u00e1ticas estimula a que se promovam atividades \u2013 estudos, encontros, semin\u00e1rios, etc. \u2013, sobre a realidade das mudan\u00e7as clim\u00e1ticas, que comprometam sempre mais pessoas a assumirem a bandeira da justi\u00e7a social e ambiental em nosso tempo. A assessoria do F\u00f3rum est\u00e1 \u00e0 disposi\u00e7\u00e3o, na medida das possibilidades, para refor\u00e7ar estas iniciativas.<\/div>\n","protected":false},"excerpt":{"rendered":"<p>Dom Pedro Luiz StringhiniBispo de Franca (SP) Representante da CNBB no F\u00f3rum MCJC Acompanhei com aten\u00e7\u00e3o a importante realiza\u00e7\u00e3o da C\u00fapula dos Povos por justi\u00e7a social e ambiental, realizada nos dias 15 a 22 de junho de 2012, por ocasi\u00e3o da Confer\u00eancia das Na\u00e7\u00f5es Unidas Rio+20.\u00a0 As entidades e redes que constituem o F\u00f3rum Mudan\u00e7as &hellip;<\/p>\n<p class=\"read-more\"> <a class=\"\" href=\"https:\/\/www.cnbb.org.br\/forum-de-mudancas-climaticas-e-cupula-dos-povos-por-justica-social-e-ambiental\/\"> <span class=\"screen-reader-text\">F\u00f3rum de Mudan\u00e7as Clim\u00e1ticas e C\u00fapula dos Povos: por Justi\u00e7a social e ambiental<\/span> Leia mais &raquo;<\/a><\/p>\n","protected":false},"author":83,"featured_media":0,"comment_status":"open","ping_status":"open","sticky":false,"template":"","format":"standard","meta":{"site-sidebar-layout":"default","site-content-layout":"default","ast-global-header-display":"","ast-banner-title-visibility":"","ast-main-header-display":"","ast-hfb-above-header-display":"","ast-hfb-below-header-display":"","ast-hfb-mobile-header-display":"","site-post-title":"","ast-breadcrumbs-content":"","ast-featured-img":"","footer-sml-layout":"","theme-transparent-header-meta":"","adv-header-id-meta":"","stick-header-meta":"","header-above-stick-meta":"","header-main-stick-meta":"","header-below-stick-meta":""},"categories":[863],"tags":[],"acf":[],"_links":{"self":[{"href":"https:\/\/www.cnbb.org.br\/cnbb-app\/wp\/v2\/posts\/29308"}],"collection":[{"href":"https:\/\/www.cnbb.org.br\/cnbb-app\/wp\/v2\/posts"}],"about":[{"href":"https:\/\/www.cnbb.org.br\/cnbb-app\/wp\/v2\/types\/post"}],"author":[{"embeddable":true,"href":"https:\/\/www.cnbb.org.br\/cnbb-app\/wp\/v2\/users\/83"}],"replies":[{"embeddable":true,"href":"https:\/\/www.cnbb.org.br\/cnbb-app\/wp\/v2\/comments?post=29308"}],"version-history":[{"count":0,"href":"https:\/\/www.cnbb.org.br\/cnbb-app\/wp\/v2\/posts\/29308\/revisions"}],"wp:attachment":[{"href":"https:\/\/www.cnbb.org.br\/cnbb-app\/wp\/v2\/media?parent=29308"}],"wp:term":[{"taxonomy":"category","embeddable":true,"href":"https:\/\/www.cnbb.org.br\/cnbb-app\/wp\/v2\/categories?post=29308"},{"taxonomy":"post_tag","embeddable":true,"href":"https:\/\/www.cnbb.org.br\/cnbb-app\/wp\/v2\/tags?post=29308"}],"curies":[{"name":"wp","href":"https:\/\/api.w.org\/{rel}","templated":true}]}}