{"id":29312,"date":"2012-08-08T00:00:00","date_gmt":"2012-08-08T03:00:00","guid":{"rendered":"https:\/\/www.cnbb.org.br\/curso-do-clero-aborda-doutrina-social\/"},"modified":"2020-03-11T17:12:07","modified_gmt":"2020-03-11T20:12:07","slug":"curso-do-clero-aborda-doutrina-social","status":"publish","type":"post","link":"https:\/\/www.cnbb.org.br\/curso-do-clero-aborda-doutrina-social\/","title":{"rendered":"Curso do clero aborda Doutrina Social"},"content":{"rendered":"<p style=\"text-align: justify\">\u201cOs padres tamb\u00e9m precisam atuar na esfera social e pol\u00edtica, apoiados pelos documentos oficiais da Igreja, e nisto tamb\u00e9m est\u00e3o evangelizando\u201d. Esta \u00e9 a opini\u00e3o do padre Ant\u00f4nio Aparecido Alves (padre Toninho), da diocese de S\u00e3o Jos\u00e9 dos Campos (SP), assessor principal do 10\u00ba Curso de Aprofundamento Teol\u00f3gico e Pastoral do Clero da arquidiocese de S\u00e3o Paulo, que teve in\u00edcio na tarde de segunda-feira, 6, em Itaici \u2013 bairro de Indaiatuiba (SP).<\/p>\n<p>  <!--more-->  <\/p>\n<p style=\"text-align: justify\">Na celebra\u00e7\u00e3o de abertura, o cardeal dom Odilo Pedro Scherer, arcebispo metropolitano, falou sobre a coincid\u00eancia de o curso come\u00e7ar no dia da Transfigura\u00e7\u00e3o do Senhor, lembrando que a Doutrina Social da Igreja ensina a recuperar a dignidade do homem, como transfigurando-o do sofrimento para a vida plena. J\u00e1 no plen\u00e1rio, o cardeal agradeceu a participa\u00e7\u00e3o expressiva dos padres e di\u00e1conos permanentes (foram mais de 200 inscritos) e ao empenho do Secretariado de Pastoral, respons\u00e1vel pela organiza\u00e7\u00e3o do curso. Os bispos auxiliares da arquidiocese de S\u00e3o Paulo tamb\u00e9m participam do curso.<\/p>\n<p style=\"text-align: justify\">O arcebispo explicou, ainda, que o curso prop\u00f5e percorrer, atrav\u00e9s especialmente da Gaudium et Spes (Constitui\u00e7\u00e3o Pastoral sobre a Igreja no mundo, de 7 de dezembro de 1965, do papa Paulo 6\u00ba), os principais aspectos da Doutrina Social da Igreja, no clima de celebra\u00e7\u00e3o dos 50 anos da realiza\u00e7\u00e3o do Conc\u00edlio Vaticano 2\u00ba.<\/p>\n<p style=\"text-align: justify\">Na primeira palestra, sobre Doutrina Social e Evangeliza\u00e7\u00e3o, padre Toninho procurou demonstrar como a dimens\u00e3o social da f\u00e9 deve ser vivida com a mesma preocupa\u00e7\u00e3o e intensidade dedicada \u00e0 espiritualidade. Para ele, a Igreja est\u00e1 recuando sua a\u00e7\u00e3o p\u00fablica e isso precisa ser retomado, valorizando-se, assim, sua miss\u00e3o prof\u00e9tica.<\/p>\n<p style=\"text-align: justify\">Padre Toninho mostrou atrav\u00e9s da cita\u00e7\u00e3o de alguns pensamentos organizados no Comp\u00eandio da Doutrina Social da Igreja (documento que concentra o cerne do pensamento social da Igreja e que, conforme explicou dom Odilo, tamb\u00e9m foi encomendado pelo Vaticano 2\u00ba, assim como o Catecismo Reformulado), como a f\u00e9 em Jesus Cristo e a proclama\u00e7\u00e3o de seu Reino n\u00e3o podem ser desvinculados de uma pr\u00e1tica social e pol\u00edtica que transformem a realidade.<\/p>\n<p style=\"text-align: justify\">O palestrante tamb\u00e9m explicou os \u201cla\u00e7os\u201d que unem evangeliza\u00e7\u00e3o e a\u00e7\u00e3o social. O primeiro desses la\u00e7os \u00e9 de ordem antropol\u00f3gica e se refere \u00e0 realidade na qual aquele que ser\u00e1 evangelizado est\u00e1 inserido. Padre Toninho deu o exemplo de uma senhora que, visitada por um padre em sua pobre resid\u00eancia, foi motivada a repetir as palavras do salmo 22. Mas, ao inv\u00e9s de \u201co Senhor \u00e9 meu pastor, nada me falta\u201d, a senhora disse \u201co senhor \u00e9 meu pastor, mas tudo me falta\u201d, provocando surpresa no padre. O homem \u201cque ser\u00e1 evangelizado n\u00e3o \u00e9 um ser abstrato, mas \u00e9, sim, um ser condicionado pelo conjunto dos problemas sociais e econ\u00f4micos\u201d, disse.<\/p>\n<p style=\"text-align: justify\">O segundo la\u00e7o \u00e9 de ordem teol\u00f3gica, levando em considera\u00e7\u00e3o que a reden\u00e7\u00e3o realizada por Jesus Cristo na Cruz n\u00e3o pode ser distante da realidade dos homens e deve atingir as situa\u00e7\u00f5es concretas \u201cda injusti\u00e7a que deve ser combatida e da justi\u00e7a que deve ser restaurada\u201d.<\/p>\n<p style=\"text-align: justify\">O terceiro la\u00e7o, de ordem evang\u00e9lica, segundo explicou padre Toninho, diz respeito \u00e0 impossibilidade de proclamar o Reino de justi\u00e7a e paz querido por Deus para o homem sem contribuir concretamente para o verdadeiro progresso do homem.<\/p>\n","protected":false},"excerpt":{"rendered":"<p>\u201cOs padres tamb\u00e9m precisam atuar na esfera social e pol\u00edtica, apoiados pelos documentos oficiais da Igreja, e nisto tamb\u00e9m est\u00e3o evangelizando\u201d. Esta \u00e9 a opini\u00e3o do padre Ant\u00f4nio Aparecido Alves (padre Toninho), da diocese de S\u00e3o Jos\u00e9 dos Campos (SP), assessor principal do 10\u00ba Curso de Aprofundamento Teol\u00f3gico e Pastoral do Clero da arquidiocese de &hellip;<\/p>\n<p class=\"read-more\"> <a class=\"\" href=\"https:\/\/www.cnbb.org.br\/curso-do-clero-aborda-doutrina-social\/\"> <span class=\"screen-reader-text\">Curso do clero aborda Doutrina Social<\/span> Leia mais &raquo;<\/a><\/p>\n","protected":false},"author":83,"featured_media":29313,"comment_status":"open","ping_status":"open","sticky":false,"template":"","format":"standard","meta":{"site-sidebar-layout":"default","site-content-layout":"default","ast-global-header-display":"","ast-banner-title-visibility":"","ast-main-header-display":"","ast-hfb-above-header-display":"","ast-hfb-below-header-display":"","ast-hfb-mobile-header-display":"","site-post-title":"","ast-breadcrumbs-content":"","ast-featured-img":"","footer-sml-layout":"","theme-transparent-header-meta":"","adv-header-id-meta":"","stick-header-meta":"","header-above-stick-meta":"","header-main-stick-meta":"","header-below-stick-meta":""},"categories":[863],"tags":[],"acf":[],"_links":{"self":[{"href":"https:\/\/www.cnbb.org.br\/cnbb-app\/wp\/v2\/posts\/29312"}],"collection":[{"href":"https:\/\/www.cnbb.org.br\/cnbb-app\/wp\/v2\/posts"}],"about":[{"href":"https:\/\/www.cnbb.org.br\/cnbb-app\/wp\/v2\/types\/post"}],"author":[{"embeddable":true,"href":"https:\/\/www.cnbb.org.br\/cnbb-app\/wp\/v2\/users\/83"}],"replies":[{"embeddable":true,"href":"https:\/\/www.cnbb.org.br\/cnbb-app\/wp\/v2\/comments?post=29312"}],"version-history":[{"count":0,"href":"https:\/\/www.cnbb.org.br\/cnbb-app\/wp\/v2\/posts\/29312\/revisions"}],"wp:featuredmedia":[{"embeddable":true,"href":"https:\/\/www.cnbb.org.br\/cnbb-app\/wp\/v2\/media\/29313"}],"wp:attachment":[{"href":"https:\/\/www.cnbb.org.br\/cnbb-app\/wp\/v2\/media?parent=29312"}],"wp:term":[{"taxonomy":"category","embeddable":true,"href":"https:\/\/www.cnbb.org.br\/cnbb-app\/wp\/v2\/categories?post=29312"},{"taxonomy":"post_tag","embeddable":true,"href":"https:\/\/www.cnbb.org.br\/cnbb-app\/wp\/v2\/tags?post=29312"}],"curies":[{"name":"wp","href":"https:\/\/api.w.org\/{rel}","templated":true}]}}