{"id":29330,"date":"2012-09-27T00:00:00","date_gmt":"2012-09-27T03:00:00","guid":{"rendered":"https:\/\/www.cnbb.org.br\/cnbb-divulga-nota-qeleicoes-municipais-2012-voto-consciente-e-limpoq\/"},"modified":"2020-03-11T17:12:04","modified_gmt":"2020-03-11T20:12:04","slug":"cnbb-divulga-nota-qeleicoes-municipais-2012-voto-consciente-e-limpoq","status":"publish","type":"post","link":"https:\/\/www.cnbb.org.br\/cnbb-divulga-nota-qeleicoes-municipais-2012-voto-consciente-e-limpoq\/","title":{"rendered":"CNBB divulga nota &#8220;Elei\u00e7\u00f5es Municipais 2012 &#8211; Voto consciente e limpo&#8221;"},"content":{"rendered":"<p style=\"text-align: justify\">Durante entrevista coletiva na tarde desta quinta-feira, 27 de setembro, a presid\u00eancia da CNBB apresentou a sua mensagem para as elei\u00e7\u00f5es municipais 2012. O texto foi aprovado durante a \u00faltima reuni\u00e3o do Conselho Episcopal Pastoral (Consep), realizado esta semana na sede da entidade, em Bras\u00edlia (DF).<\/p>\n<p>  <!--more-->  <\/p>\n<p style=\"text-align: justify\">A seguir, a \u00edntegra da nota.<\/p>\n<p style=\"text-align: center\"><strong>Elei\u00e7\u00f5es Municipais 2012 &#8211; Voto consciente e limpo<\/strong><\/p>\n<p style=\"text-align: justify\">O Conselho Episcopal Pastoral da Confer\u00eancia Nacional dos Bispos do Brasil-CNBB, reunido em Bras\u00edlia de 25 a 27 de setembro, considerando as elei\u00e7\u00f5es municipais do pr\u00f3ximo m\u00eas de outubro, vem refor\u00e7ar a import\u00e2ncia desse momento para o fortalecimento da democracia brasileira. Estas elei\u00e7\u00f5es t\u00eam caracter\u00edstica pr\u00f3pria por desencadear um processo de maior participa\u00e7\u00e3o em que os candidatos s\u00e3o mais pr\u00f3ximos dos eleitores e tamb\u00e9m por debater quest\u00f5es que atingem de forma direta o cotidiano da vida do povo.<\/p>\n<p style=\"text-align: justify\">A Igreja louva e aprecia o trabalho de quantos se dedicam ao bem da na\u00e7\u00e3o e tomam sobre si o peso de tal cargo, em servi\u00e7o de todas as pessoas (cf. GS 75). Saudamos, portanto, os candidatos e candidatas que, nesta \u00f3tica, apresentam seu nome para concorrer a um cargo eleitoral. Nascido da consci\u00eancia e do desejo de servir com vistas \u00e0 constru\u00e7\u00e3o do bem comum, este gesto corrobora o verdadeiro sentido da atividade pol\u00edtica.<\/p>\n<p style=\"text-align: justify\">Estimulamos os eleitores\/as, inclusive os que n\u00e3o t\u00eam a obriga\u00e7\u00e3o de votar, a comparecerem \u00e0s urnas no dia das elei\u00e7\u00f5es para a\u00ed depositar seu voto limpo. O voto, mais que um direito, \u00e9 um dever do cidad\u00e3o e expressa sua corresponsabilidade na constru\u00e7\u00e3o de uma sociedade justa e igualit\u00e1ria. Todos os cidad\u00e3os se lembrem do direito e simultaneamente do dever que t\u00eam de fazer uso do seu voto livre em vista da promo\u00e7\u00e3o do bem comum (cf. GS 75).<\/p>\n<p style=\"text-align: justify\">A lei que combate a compra de votos (9840\/1999) e a lei da Ficha Limpa (135\/2010), ambas nascidas da mobiliza\u00e7\u00e3o popular, s\u00e3o instrumentos que t\u00eam mostrado sua efic\u00e1cia na tarefa de impedir os corruptos de ocuparem cargos p\u00fablicos. A esses instrumentos deve associar-se a consci\u00eancia de cada eleitor tanto na hora de votar, escolhendo bem seu candidato, quanto na aplica\u00e7\u00e3o destas leis, denunciando candidatos, partidos, militantes cuja pr\u00e1tica se enquadre no que elas prescrevem.<\/p>\n<p style=\"text-align: justify\">A vigil\u00e2ncia por elei\u00e7\u00f5es limpas e transparentes \u00e9 tarefa de todos, por\u00e9m, t\u00eam especial responsabilidade institui\u00e7\u00f5es como a Justi\u00e7a Eleitoral, nos n\u00edveis Federal, Estadual e Municipal, bem como o Minist\u00e9rio P\u00fablico. Destas inst\u00e2ncias espera-se a plena aplica\u00e7\u00e3o das leis que combatem a corrup\u00e7\u00e3o eleitoral, fruto do anseio popular. O resgate da \u00e9tica na pol\u00edtica e o fim da corrup\u00e7\u00e3o eleitoral merecem nossa permanente aten\u00e7\u00e3o.<\/p>\n<p style=\"text-align: justify\">O pol\u00edtico deve cumprir seu mandato, no Executivo ou no Legislativo, para todos, independente das op\u00e7\u00f5es ideol\u00f3gicas, partid\u00e1rias ou qualquer outra leg\u00edtima op\u00e7\u00e3o que cada eleitor possa fazer. Incentivamos a sociedade organizada e cada eleitor em particular, passadas as elei\u00e7\u00f5es, a acompanharem a gest\u00e3o dos eleitos, mantendo o controle social sobre seus mandatos e cobrando deles o cumprimento das propostas apresentadas durante a campanha. Quanto mais se intensifica a participa\u00e7\u00e3o popular na gest\u00e3o p\u00fablica, tanto mais se assegura a constru\u00e7\u00e3o de uma sociedade democr\u00e1tica.<\/p>\n<p style=\"text-align: justify\">As elei\u00e7\u00f5es s\u00e3o uma festa da democracia que nasce da paix\u00e3o pol\u00edtica. O recurso \u00e0 viol\u00eancia, que marca a campanha eleitoral em muitos munic\u00edpios, \u00e9 inadmiss\u00edvel: candidatos s\u00e3o advers\u00e1rios, n\u00e3o inimigos. A divis\u00e3o, alimentada pelo \u00f3dio e pela vingan\u00e7a, contradiz o principio evang\u00e9lico do amor ao pr\u00f3ximo e do perd\u00e3o, fere a dignidade humana e desrespeita as normas b\u00e1sicas da sadia conviv\u00eancia civil, que deve orientar toda milit\u00e2ncia pol\u00edtica. Do contr\u00e1rio, como buscar o bem comum, princ\u00edpio definidor da pol\u00edtica?<\/p>\n<p style=\"text-align: justify\">A Deus elevemos nossas preces a fim de que as elei\u00e7\u00f5es reanimem a esperan\u00e7a do povo brasileiro\u00a0 e que, candidatos e eleitores, juntos, sonhem um pa\u00eds melhor, humano e fraterno, com justi\u00e7a social.<\/p>\n<p style=\"text-align: justify\">Nossa Senhora Aparecida, padroeira do Brasil, aben\u00e7oe nossa P\u00e1tria!<\/p>\n<p style=\"text-align: right\">Bras\u00edlia, 27 de setembro de 2012<\/p>\n<p style=\"text-align: center\"><em><strong>Cardeal Raymundo Damasceno Assis<br \/>Arcebispo de Aparecida<br \/>Presidente da CNBB<\/strong><\/em><\/p>\n<p style=\"text-align: center\"><em><strong>Dom Jos\u00e9 Belis\u00e1rio da Silva<br \/>Arcebispo de S\u00e3o Lu\u00eds<br \/>Vice-presidente da CNBB<\/strong><\/em><\/p>\n<p style=\"text-align: center\"><em><strong>Dom Leonardo Ulrich Steiner<br \/>Bispo Auxiliar de Bras\u00edlia<br \/>Secret\u00e1rio Geral da CNBB<\/strong><\/em><\/p>\n","protected":false},"excerpt":{"rendered":"<p>Durante entrevista coletiva na tarde desta quinta-feira, 27 de setembro, a presid\u00eancia da CNBB apresentou a sua mensagem para as elei\u00e7\u00f5es municipais 2012. O texto foi aprovado durante a \u00faltima reuni\u00e3o do Conselho Episcopal Pastoral (Consep), realizado esta semana na sede da entidade, em Bras\u00edlia (DF).<\/p>\n","protected":false},"author":83,"featured_media":6771,"comment_status":"open","ping_status":"open","sticky":false,"template":"","format":"standard","meta":{"site-sidebar-layout":"default","site-content-layout":"default","ast-global-header-display":"","ast-banner-title-visibility":"","ast-main-header-display":"","ast-hfb-above-header-display":"","ast-hfb-below-header-display":"","ast-hfb-mobile-header-display":"","site-post-title":"","ast-breadcrumbs-content":"","ast-featured-img":"","footer-sml-layout":"","theme-transparent-header-meta":"","adv-header-id-meta":"","stick-header-meta":"","header-above-stick-meta":"","header-main-stick-meta":"","header-below-stick-meta":""},"categories":[863],"tags":[],"acf":[],"_links":{"self":[{"href":"https:\/\/www.cnbb.org.br\/cnbb-app\/wp\/v2\/posts\/29330"}],"collection":[{"href":"https:\/\/www.cnbb.org.br\/cnbb-app\/wp\/v2\/posts"}],"about":[{"href":"https:\/\/www.cnbb.org.br\/cnbb-app\/wp\/v2\/types\/post"}],"author":[{"embeddable":true,"href":"https:\/\/www.cnbb.org.br\/cnbb-app\/wp\/v2\/users\/83"}],"replies":[{"embeddable":true,"href":"https:\/\/www.cnbb.org.br\/cnbb-app\/wp\/v2\/comments?post=29330"}],"version-history":[{"count":0,"href":"https:\/\/www.cnbb.org.br\/cnbb-app\/wp\/v2\/posts\/29330\/revisions"}],"wp:featuredmedia":[{"embeddable":true,"href":"https:\/\/www.cnbb.org.br\/cnbb-app\/wp\/v2\/media\/6771"}],"wp:attachment":[{"href":"https:\/\/www.cnbb.org.br\/cnbb-app\/wp\/v2\/media?parent=29330"}],"wp:term":[{"taxonomy":"category","embeddable":true,"href":"https:\/\/www.cnbb.org.br\/cnbb-app\/wp\/v2\/categories?post=29330"},{"taxonomy":"post_tag","embeddable":true,"href":"https:\/\/www.cnbb.org.br\/cnbb-app\/wp\/v2\/tags?post=29330"}],"curies":[{"name":"wp","href":"https:\/\/api.w.org\/{rel}","templated":true}]}}