{"id":29332,"date":"2012-10-04T00:00:00","date_gmt":"2012-10-04T03:00:00","guid":{"rendered":"https:\/\/www.cnbb.org.br\/comissao-brasileira-justica-e-paz-divulga-nota-sobre-os-20-anos-do-massacre-do-carandiru\/"},"modified":"2020-03-11T17:12:04","modified_gmt":"2020-03-11T20:12:04","slug":"comissao-brasileira-justica-e-paz-divulga-nota-sobre-os-20-anos-do-massacre-do-carandiru","status":"publish","type":"post","link":"https:\/\/www.cnbb.org.br\/comissao-brasileira-justica-e-paz-divulga-nota-sobre-os-20-anos-do-massacre-do-carandiru\/","title":{"rendered":"Comiss\u00e3o Brasileira Justi\u00e7a e Paz divulga nota sobre os 20 anos do massacre do Carandiru"},"content":{"rendered":"<p style=\"text-align: justify\">A Comiss\u00e3o Brasileira de Justi\u00e7a e Paz, organismo vinculado \u00e0 Confer\u00eancia Nacional dos Bispos do Brasil (CNBB), divulgou hoje (04), uma nota sobre 20 anos do massacre do Carandiru. Leia a mensagem:<\/p>\n<p>  <!--more-->  <\/p>\n<p style=\"text-align: center\"><strong>Nota da Comiss\u00e3o Brasileira justi\u00e7a e Paz sobre os 20 anos do Massacre do Carandir\u00fa<\/strong><\/p>\n<p style=\"text-align: justify\">H\u00e1 vinte anos, no dia 2 de outubro, o Brasil assistiu, estarrecido, ao massacre que vitimou 111 presos na Casa de deten\u00e7\u00e3o de S\u00e3o Paulo, conhecida como Carandiru. O massacre foi perpetrado por tropa integrante da Pol\u00edcia Militar de S\u00e3o Paulo que em opera\u00e7\u00e3o inaceit\u00e1vel a pretexto de conter motim de detentos, em que n\u00e3o haviam sido feitos ref\u00e9ns, invadiu o Pavilh\u00e3o 9 do pres\u00eddio e assassinou, sem chance de defesa, presidi\u00e1rios desarmados, como ficou demonstrado no inqu\u00e9rito instaurado pela Portaria n. 00488 de 07\/10\/91do Ministro da Justi\u00e7a, na qualidade de Presidente do Conselho de Defesa dos Direitos da Pessoa Humana.<\/p>\n<p style=\"text-align: justify\">Mais perplexidade e indigna\u00e7\u00e3o ocorrem, hoje, ao se constatar que, passadas duas d\u00e9cadas, a a\u00e7\u00e3o penal proposta pelo Minist\u00e9rio P\u00fablico de S\u00e3o Paulo, para apura\u00e7\u00e3o da responsabilidade criminal pela chacina, ainda n\u00e3o foi julgada, ocasionando a perman\u00eancia de uma inaceit\u00e1vel impunidade que, como se sabe, \u00e9 est\u00edmulo \u00e0 viol\u00eancia.<\/p>\n<p style=\"text-align: justify\">A Comiss\u00e3o Brasileira Justi\u00e7a e Paz, organismo da Confer\u00eancia Nacional dos Bispos do Brasil &#8211; CNBB vem cobrar do Poder Judici\u00e1rio e do Minist\u00e9rio P\u00fablico, a quem o processo est\u00e1 submetido, a ado\u00e7\u00e3o das provid\u00eancias urgentes para que seja julgada a a\u00e7\u00e3o penal, fazendo-se Justi\u00e7a.<\/p>\n<p style=\"text-align: center\"><strong>Bras\u00edlia \u2013 DF, 04 de outubro de 2012<\/strong><\/p>\n<p style=\"text-align: center\"><em><strong>Pedro Gontijo<\/strong><\/em><\/p>\n<p style=\"text-align: center\"><em><strong>Secret\u00e1rio Executivo da<br \/>Comiss\u00e3o Brasileira Justi\u00e7a e Paz<br \/>Organismo da CNBB<\/strong><\/em><\/p>\n","protected":false},"excerpt":{"rendered":"<p>A Comiss\u00e3o Brasileira de Justi\u00e7a e Paz, organismo vinculado \u00e0 Confer\u00eancia Nacional dos Bispos do Brasil (CNBB), divulgou hoje (04), uma nota sobre 20 anos do massacre do Carandiru. Leia a mensagem:<\/p>\n","protected":false},"author":83,"featured_media":19279,"comment_status":"open","ping_status":"open","sticky":false,"template":"","format":"standard","meta":{"site-sidebar-layout":"default","site-content-layout":"default","ast-global-header-display":"","ast-banner-title-visibility":"","ast-main-header-display":"","ast-hfb-above-header-display":"","ast-hfb-below-header-display":"","ast-hfb-mobile-header-display":"","site-post-title":"","ast-breadcrumbs-content":"","ast-featured-img":"","footer-sml-layout":"","theme-transparent-header-meta":"","adv-header-id-meta":"","stick-header-meta":"","header-above-stick-meta":"","header-main-stick-meta":"","header-below-stick-meta":""},"categories":[863],"tags":[],"acf":[],"_links":{"self":[{"href":"https:\/\/www.cnbb.org.br\/cnbb-app\/wp\/v2\/posts\/29332"}],"collection":[{"href":"https:\/\/www.cnbb.org.br\/cnbb-app\/wp\/v2\/posts"}],"about":[{"href":"https:\/\/www.cnbb.org.br\/cnbb-app\/wp\/v2\/types\/post"}],"author":[{"embeddable":true,"href":"https:\/\/www.cnbb.org.br\/cnbb-app\/wp\/v2\/users\/83"}],"replies":[{"embeddable":true,"href":"https:\/\/www.cnbb.org.br\/cnbb-app\/wp\/v2\/comments?post=29332"}],"version-history":[{"count":0,"href":"https:\/\/www.cnbb.org.br\/cnbb-app\/wp\/v2\/posts\/29332\/revisions"}],"wp:featuredmedia":[{"embeddable":true,"href":"https:\/\/www.cnbb.org.br\/cnbb-app\/wp\/v2\/media\/19279"}],"wp:attachment":[{"href":"https:\/\/www.cnbb.org.br\/cnbb-app\/wp\/v2\/media?parent=29332"}],"wp:term":[{"taxonomy":"category","embeddable":true,"href":"https:\/\/www.cnbb.org.br\/cnbb-app\/wp\/v2\/categories?post=29332"},{"taxonomy":"post_tag","embeddable":true,"href":"https:\/\/www.cnbb.org.br\/cnbb-app\/wp\/v2\/tags?post=29332"}],"curies":[{"name":"wp","href":"https:\/\/api.w.org\/{rel}","templated":true}]}}