{"id":29335,"date":"2012-11-05T00:00:00","date_gmt":"2012-11-05T02:00:00","guid":{"rendered":"https:\/\/www.cnbb.org.br\/cnbb-promove-seminario-que-discute-relacao-entre-estado-e-sociedade\/"},"modified":"2020-03-11T17:12:03","modified_gmt":"2020-03-11T20:12:03","slug":"cnbb-promove-seminario-que-discute-relacao-entre-estado-e-sociedade","status":"publish","type":"post","link":"https:\/\/www.cnbb.org.br\/cnbb-promove-seminario-que-discute-relacao-entre-estado-e-sociedade\/","title":{"rendered":"CNBB promove semin\u00e1rio que discute rela\u00e7\u00e3o entre Estado e Sociedade"},"content":{"rendered":"<div style=\"text-align: justify\"><\/div>\n<div style=\"text-align: justify\"><\/div>\n<div style=\"text-align: justify\">Foi aberto na manh\u00e3 desta segunda-feira, 5 de novembro, em Bras\u00edlia (DF) o Semin\u00e1rio \u201cRela\u00e7\u00e3o Estado e Sociedade\u201d, promovido pela Confer\u00eancia Nacional dos Bispos do Brasil (CNBB). O evento, que prossegue at\u00e9 a tarde desta ter\u00e7a-feira, re\u00fane cerca de 100 pessoas, representantes de diversas institui\u00e7\u00f5es religiosas crist\u00e3s, entidades beneficentes e organiza\u00e7\u00f5es sociais, em torno do debate sobre o Marco Regulat\u00f3rio que dever\u00e1 definir as rela\u00e7\u00f5es entre o Estado Brasileiro e estas entidades.<\/div>\n<div style=\"text-align: justify\"><\/div>\n<p>  <!--more-->  <\/p>\n<div style=\"text-align: justify\">O evento \u00e9 promovido\u00a0 em parceria com a Confer\u00eancia dos Religiosos do Brasil, Uni\u00e3o Marista do Brasil e o Centro de Assessoria e Apoio a Iniciativas Sociais. Na solenidade de abertura, o secret\u00e1rio-geral da CNBB, dom Leonardo Ulrich Steiner, destacou a import\u00e2ncia da iniciativa. \u201cA sociedade, atrav\u00e9s de diversas entidades como a Igreja Cat\u00f3lica, prestam um grande servi\u00e7o, especialmente no cuidado com os pobres. Queremos discutir e propor ao governo elementos que possam ajudar na discuss\u00e3o desse Marco Regulat\u00f3rio, que est\u00e1 sendo preparado pelo governo e \u00e9 um compromisso de campanha da presidente Dilma Roussef\u201d.<\/p>\n<p><img decoding=\"async\" loading=\"lazy\" class=\" alignleft size-full wp-image-16919\" style=\"float: left\" alt=\"MarcoRegulatorio0511b\" src=\"https:\/\/www.cnbb.org.br\/wp-content\/uploads\/2020\/03\/MarcoRegulatorio0511b.jpg\" height=\"448\" width=\"299\" \/>Entre os temas do semin\u00e1rio, est\u00e3o o acesso aos recursos p\u00fablicos e o aprimoramento de incentivos fiscais para doa\u00e7\u00f5es de pessoas f\u00edsicas e jur\u00eddicas. A representante da Rede Evang\u00e9lica Nacional de A\u00e7\u00e3o Social (Renas), Denise Fahon, lembra outro aspecto importante que est\u00e1 na pauta do Semin\u00e1rio. \u201cCreio que um dos nossos desafios \u00e9 dialogar na constru\u00e7\u00e3o das pol\u00edticas p\u00fablicas. N\u00e3o \u00e9 poss\u00edvel que as entidades que atuam na linha de frente h\u00e1 tantos anos n\u00e3o tenham nada a dizer da forma como elas entendem que deva ser a atua\u00e7\u00e3o do Estado em diversos assuntos\u201d.<\/p>\n<p>Durante o semin\u00e1rio, ser\u00e3o realizadas mesas de debates com representantes da sociedade civil que atuam no di\u00e1logo com o Governo Federal. S\u00e3o temas gerais: Marco Regulat\u00f3rio; Entidades e organiza\u00e7\u00f5es sem fins lucrativos e beneficentes; e as organiza\u00e7\u00f5es religiosas. As sugest\u00f5es colhidas nos grupos ser\u00e3o debatidas em plen\u00e1rio. Na tarde de ter\u00e7a-feira, est\u00e1 prevista a presen\u00e7a do ministro-chefe da Secretaria Geral da Presid\u00eancia da Rep\u00fablica, Gilberto Carvalho, que vai ouvir as sugest\u00f5es dos participantes do semin\u00e1rio.<\/p>\n<p>\u201cQueremos dar uma colabora\u00e7\u00e3o maior para que o Marco Regulat\u00f3rio determine precisamente a rela\u00e7\u00e3o do Estado com a sociedade, com as entidades civis que prestam ajuda e um cuidado especial com os pobres, marginalizados, os exclu\u00eddos\u201d, explicou dom Leonardo. <\/p>\n<p>A aus\u00eancia deste Marco Regulat\u00f3rio proporciona uma s\u00e9rie de dificuldades para as entidades. \u201cN\u00f3s temos cerca de 2.100 entidades que tem dificuldade de realizar a presta\u00e7\u00e3o de contas, porque n\u00e3o s\u00e3o aceitas a presta\u00e7\u00e3o de contas de atividades realizadas na rela\u00e7\u00e3o dos direitos. E os direitos hoje s\u00e3o fundamentais para as pessoas em nossa sociedade\u201d, lembra dom Leonardo. J\u00e1 Arlete Dias, do grupo de trabalho da CNBB que trata da quest\u00e3o do Marco Regulat\u00f3rio, fala de outras dificuldades. \u201cH\u00e1 um clima de amea\u00e7a, pois o Estado, que desonera a tributa\u00e7\u00e3o de autom\u00f3veis, fala tamb\u00e9m em tirar as isen\u00e7\u00f5es fiscais que n\u00f3s temos\u201d.<\/p><\/div>\n<div style=\"text-align: justify\"><\/div>\n<div style=\"text-align: justify\">O evento tem ainda o apoio da Associa\u00e7\u00e3o Nacional de Educa\u00e7\u00e3o Cat\u00f3lica do Brasil; Confedera\u00e7\u00e3o das Santas Casas de Miseric\u00f3rdia, Hospitais e entidades Filantr\u00f3picas; C\u00e1ritas Brasileira; Funda\u00e7\u00e3o Esquel; Editora FTD e School Picture.<\/div>\n","protected":false},"excerpt":{"rendered":"<p>Foi aberto na manh\u00e3 desta segunda-feira, 5 de novembro, em Bras\u00edlia (DF) o Semin\u00e1rio \u201cRela\u00e7\u00e3o Estado e Sociedade\u201d, promovido pela Confer\u00eancia Nacional dos Bispos do Brasil (CNBB). O evento, que prossegue at\u00e9 a tarde desta ter\u00e7a-feira, re\u00fane cerca de 100 pessoas, representantes de diversas institui\u00e7\u00f5es religiosas crist\u00e3s, entidades beneficentes e organiza\u00e7\u00f5es sociais, em torno do &hellip;<\/p>\n<p class=\"read-more\"> <a class=\"\" href=\"https:\/\/www.cnbb.org.br\/cnbb-promove-seminario-que-discute-relacao-entre-estado-e-sociedade\/\"> <span class=\"screen-reader-text\">CNBB promove semin\u00e1rio que discute rela\u00e7\u00e3o entre Estado e Sociedade<\/span> Leia mais &raquo;<\/a><\/p>\n","protected":false},"author":83,"featured_media":29336,"comment_status":"open","ping_status":"open","sticky":false,"template":"","format":"standard","meta":{"site-sidebar-layout":"default","site-content-layout":"default","ast-global-header-display":"","ast-banner-title-visibility":"","ast-main-header-display":"","ast-hfb-above-header-display":"","ast-hfb-below-header-display":"","ast-hfb-mobile-header-display":"","site-post-title":"","ast-breadcrumbs-content":"","ast-featured-img":"","footer-sml-layout":"","theme-transparent-header-meta":"","adv-header-id-meta":"","stick-header-meta":"","header-above-stick-meta":"","header-main-stick-meta":"","header-below-stick-meta":""},"categories":[863],"tags":[],"acf":[],"_links":{"self":[{"href":"https:\/\/www.cnbb.org.br\/cnbb-app\/wp\/v2\/posts\/29335"}],"collection":[{"href":"https:\/\/www.cnbb.org.br\/cnbb-app\/wp\/v2\/posts"}],"about":[{"href":"https:\/\/www.cnbb.org.br\/cnbb-app\/wp\/v2\/types\/post"}],"author":[{"embeddable":true,"href":"https:\/\/www.cnbb.org.br\/cnbb-app\/wp\/v2\/users\/83"}],"replies":[{"embeddable":true,"href":"https:\/\/www.cnbb.org.br\/cnbb-app\/wp\/v2\/comments?post=29335"}],"version-history":[{"count":0,"href":"https:\/\/www.cnbb.org.br\/cnbb-app\/wp\/v2\/posts\/29335\/revisions"}],"wp:featuredmedia":[{"embeddable":true,"href":"https:\/\/www.cnbb.org.br\/cnbb-app\/wp\/v2\/media\/29336"}],"wp:attachment":[{"href":"https:\/\/www.cnbb.org.br\/cnbb-app\/wp\/v2\/media?parent=29335"}],"wp:term":[{"taxonomy":"category","embeddable":true,"href":"https:\/\/www.cnbb.org.br\/cnbb-app\/wp\/v2\/categories?post=29335"},{"taxonomy":"post_tag","embeddable":true,"href":"https:\/\/www.cnbb.org.br\/cnbb-app\/wp\/v2\/tags?post=29335"}],"curies":[{"name":"wp","href":"https:\/\/api.w.org\/{rel}","templated":true}]}}