{"id":29352,"date":"2012-11-27T00:00:00","date_gmt":"2012-11-27T02:00:00","guid":{"rendered":"https:\/\/www.cnbb.org.br\/bispos-aprofundam-reflexao-sobre-conjuntura-social-e-politica\/"},"modified":"2020-03-11T17:12:01","modified_gmt":"2020-03-11T20:12:01","slug":"bispos-aprofundam-reflexao-sobre-conjuntura-social-e-politica","status":"publish","type":"post","link":"https:\/\/www.cnbb.org.br\/bispos-aprofundam-reflexao-sobre-conjuntura-social-e-politica\/","title":{"rendered":"Bispos aprofundam reflex\u00e3o sobre conjuntura social e pol\u00edtica"},"content":{"rendered":"<p style=\"text-align: justify\">Os membros do Consep que t\u00eam por defini\u00e7\u00e3o estatut\u00e1ria da CNBB a miss\u00e3o de acompanhar a aplica\u00e7\u00e3o das Diretrizes Gerais da A\u00e7\u00e3o Evangelizadora da Igreja no Brasil se dedicaram, na \u00faltima parte da manh\u00e3 desta ter\u00e7a-feira, 27 de novembro, ao da conjuntura mundial e nacional. A assessoria de pol\u00edtica e a Comiss\u00e3o Brasileira de Justi\u00e7a e Paz (CBJP) ofereceram contribui\u00e7\u00f5es para uma an\u00e1lise dos principais movimentos econ\u00f4micos, pol\u00edticos e culturais no mundo e no pa\u00eds.<\/p>\n<p>  <!--more-->  <\/p>\n<p style=\"text-align: justify\">Essa an\u00e1lise \u00e9 sistematicamente feita nas reuni\u00f5es dos conselhos da CNBB e na assembleia geral dos bispos e \u00e9 sempre disponibilizada no site da Confer\u00eancia mesmo n\u00e3o se tratando de documento oficial. Entre os assuntos colocados em relevo na an\u00e1lise da situa\u00e7\u00e3o brasileira est\u00e1 a quest\u00e3o da Copa do Mundo de futebol e das Olimp\u00edadas com questionamentos sobre as obras, sobre os riscos que esses eventos podem trazer para a popula\u00e7\u00e3o e os ganhos reais que deixar\u00e3o para o pa\u00eds. H\u00e1 deslocamento de popula\u00e7\u00f5es que ocupavam \u00e1reas que agora s\u00e3o usadas para a constru\u00e7\u00e3o de arenas de esporte e uma nuvem de preocupa\u00e7\u00e3o est\u00e1 representada pelo risco de aumento de turismo sexual por ocasi\u00e3o desses eventos.<\/p>\n<p style=\"text-align: justify\">Outro assunto destacado, referindo-se a recente celebra\u00e7\u00e3o do Dia da Consci\u00eancia Negra, foram os avan\u00e7os da luta pela igualdade racial com especial aten\u00e7\u00e3o aos estudantes negros por meio das cotas e pela demarca\u00e7\u00e3o, ainda que m\u00ednima, de terras de popula\u00e7\u00f5es quilombolas. Dom Leonardo Steiner, secret\u00e1rio geral da CNBB, refor\u00e7ou a import\u00e2ncia da elei\u00e7\u00e3o do ministro Joaquim Barbosa para a presid\u00eancia do Supremo Tribunal Federal como afirma\u00e7\u00e3o da for\u00e7a dos negros e da popula\u00e7\u00e3o mais pobre do pa\u00eds. Os grandes desafios que exigem mudan\u00e7as e que permanecem na \u00e1rea da viol\u00eancia dom\u00e9stica, por exemplo.<\/p>\n<p style=\"text-align: justify\">Padre Geraldo Martins, assessor de pol\u00edtica da CNBB, fez um r\u00e1pido relato de not\u00edcias do Congresso. Ele destacou seis temas. Primeiro: a CPMI do Cachoeira. A dificuldade em ler o relat\u00f3rio est\u00e1 na falta de acordo entre os parlamentares da Comiss\u00e3o que deve Indiciar 34 pessoas, incluindo o Carlos Cachoeira. A CPMI termina os trabalhos em 03 de dezembro. Segundo: CPI da pedofilia. Predomina o encaminhamento do aumento do rigor na pena sobre os agressores. Terceiro: Comiss\u00e3o da Verdade. Tratam de investigar assuntos relacionados a participa\u00e7\u00e3o das religi\u00f5es nos eventos analisados pela Comiss\u00e3o. Quarto: Plebiscito da redu\u00e7\u00e3o da maioridade penal. Esse projeto est\u00e1 no Senado aguardando relator e preocupa, especialmente a Pastoral do Menor e outras. Quinto: Marco civil da internet. O tema n\u00e3o tem consenso, por enquanto. E o grande medo \u00e9 o do censu ra. Sexto: PEC das empregadas dom\u00e9sticas. Mesmo com algumas discuss\u00f5es problem\u00e1ticas a respeito do assunto, \u00e9 preciso registrar que foi um avan\u00e7o na luta pela valoriza\u00e7\u00e3o das trabalhadoras.<\/p>\n<p style=\"text-align: justify\">Os bispos receberam informa\u00e7\u00f5es mais detalhadas de como foi realizado e o sentido do Semin\u00e1rio sobre o Marco Regulat\u00f3rio realizado pela CNBB no in\u00edcio do m\u00eas, em Bras\u00edlia e que contou com a participa\u00e7\u00e3o do ministro chefe da secretaria geral da presid\u00eancia da Rep\u00fablica, Gilberto Carvalho. Entre as importantes contribui\u00e7\u00f5es do Semin\u00e1rio est\u00e1 a de \u201creconhecer explicitamente a exist\u00eancia e o papel das organiza\u00e7\u00f5es religiosas, e de outras organiza\u00e7\u00f5es vinculadas \u00e0s Igrejas, como atores de participa\u00e7\u00e3o ativa na sociedade por seu poder de organiza\u00e7\u00e3o, mobiliza\u00e7\u00e3o e autonomia nos processos de desenvolvimento social e democr\u00e1tico no pa\u00eds\u201d.<\/p>\n","protected":false},"excerpt":{"rendered":"<p>Os membros do Consep que t\u00eam por defini\u00e7\u00e3o estatut\u00e1ria da CNBB a miss\u00e3o de acompanhar a aplica\u00e7\u00e3o das Diretrizes Gerais da A\u00e7\u00e3o Evangelizadora da Igreja no Brasil se dedicaram, na \u00faltima parte da manh\u00e3 desta ter\u00e7a-feira, 27 de novembro, ao da conjuntura mundial e nacional. A assessoria de pol\u00edtica e a Comiss\u00e3o Brasileira de Justi\u00e7a &hellip;<\/p>\n<p class=\"read-more\"> <a class=\"\" href=\"https:\/\/www.cnbb.org.br\/bispos-aprofundam-reflexao-sobre-conjuntura-social-e-politica\/\"> <span class=\"screen-reader-text\">Bispos aprofundam reflex\u00e3o sobre conjuntura social e pol\u00edtica<\/span> Leia mais &raquo;<\/a><\/p>\n","protected":false},"author":83,"featured_media":29353,"comment_status":"open","ping_status":"open","sticky":false,"template":"","format":"standard","meta":{"site-sidebar-layout":"default","site-content-layout":"default","ast-global-header-display":"","ast-banner-title-visibility":"","ast-main-header-display":"","ast-hfb-above-header-display":"","ast-hfb-below-header-display":"","ast-hfb-mobile-header-display":"","site-post-title":"","ast-breadcrumbs-content":"","ast-featured-img":"","footer-sml-layout":"","theme-transparent-header-meta":"","adv-header-id-meta":"","stick-header-meta":"","header-above-stick-meta":"","header-main-stick-meta":"","header-below-stick-meta":""},"categories":[863],"tags":[],"acf":[],"_links":{"self":[{"href":"https:\/\/www.cnbb.org.br\/cnbb-app\/wp\/v2\/posts\/29352"}],"collection":[{"href":"https:\/\/www.cnbb.org.br\/cnbb-app\/wp\/v2\/posts"}],"about":[{"href":"https:\/\/www.cnbb.org.br\/cnbb-app\/wp\/v2\/types\/post"}],"author":[{"embeddable":true,"href":"https:\/\/www.cnbb.org.br\/cnbb-app\/wp\/v2\/users\/83"}],"replies":[{"embeddable":true,"href":"https:\/\/www.cnbb.org.br\/cnbb-app\/wp\/v2\/comments?post=29352"}],"version-history":[{"count":0,"href":"https:\/\/www.cnbb.org.br\/cnbb-app\/wp\/v2\/posts\/29352\/revisions"}],"wp:featuredmedia":[{"embeddable":true,"href":"https:\/\/www.cnbb.org.br\/cnbb-app\/wp\/v2\/media\/29353"}],"wp:attachment":[{"href":"https:\/\/www.cnbb.org.br\/cnbb-app\/wp\/v2\/media?parent=29352"}],"wp:term":[{"taxonomy":"category","embeddable":true,"href":"https:\/\/www.cnbb.org.br\/cnbb-app\/wp\/v2\/categories?post=29352"},{"taxonomy":"post_tag","embeddable":true,"href":"https:\/\/www.cnbb.org.br\/cnbb-app\/wp\/v2\/tags?post=29352"}],"curies":[{"name":"wp","href":"https:\/\/api.w.org\/{rel}","templated":true}]}}