{"id":29358,"date":"2013-01-11T00:00:00","date_gmt":"2013-01-11T02:00:00","guid":{"rendered":"https:\/\/www.cnbb.org.br\/dia-mundial-do-migrante-e-do-refugiado-2013-traz-reflexao-sobre-crescente-mobilidade-populacional\/"},"modified":"2020-03-11T17:12:00","modified_gmt":"2020-03-11T20:12:00","slug":"dia-mundial-do-migrante-e-do-refugiado-2013-traz-reflexao-sobre-crescente-mobilidade-populacional","status":"publish","type":"post","link":"https:\/\/www.cnbb.org.br\/dia-mundial-do-migrante-e-do-refugiado-2013-traz-reflexao-sobre-crescente-mobilidade-populacional\/","title":{"rendered":"Dia Mundial do Migrante e do Refugiado 2013 traz reflex\u00e3o sobre crescente mobilidade populacional"},"content":{"rendered":"<p style=\"text-align: justify\">Que as sociedades em todo mundo assegurem o respeito, as liberdades fundamentais, direitos humanos e condi\u00e7\u00f5es dignas de vida a todos os migrantes e refugiados, essa \u00e9 a finalidade do o Dia Mundial do Migrante e do Refugiado, que ser\u00e1 celebrado dia 13 de janeiro. O papa Bento XVI publicou uma mensagem por ocasi\u00e3o do Dia Mundial do Migrante e do Refugiado 2013, cujo tema ser\u00e1 \u201cmigra\u00e7\u00f5es: peregrina\u00e7\u00e3o de f\u00e9 e de esperan\u00e7a\u201d.<\/p>\n<p>  <!--more-->  <\/p>\n<p style=\"text-align: justify\">Na mensagem, o Sumo Pont\u00edfice se inspira na Gaudium et Spes, pois o Conc\u00edlio Vaticano II marca um momento decisivo para a pastoral dos migrantes e dos itinerantes. O Conc\u00edlio destaca a dimens\u00e3o de uma Igreja que caminha com os homens. Por isso, a necessidade urgente de fazer-se pr\u00f3ximo de cada homem, entre eles, o trabalhador estrangeiro injustamente desprezado ou exilado.<\/p>\n<p style=\"text-align: justify\">No texto, Bento XVI afirma que \u201cos fluxos migrat\u00f3rios s\u00e3o um fen\u00f4meno impressionante pela quantidade de pessoas envolvidas, pelas problem\u00e1ticas sociais, econ\u00f4micas, pol\u00edticas, culturais e religiosas que levanta, pelos desafios dram\u00e1ticos que coloca \u00e0 comunidade nacional e internacional\u201d.<\/p>\n<p style=\"text-align: justify\">Ainda na mensagem, \u00e9 citado que a Igreja, pela \u201cpr\u00f3pria miss\u00e3o que lhe foi confiada por Cristo\u201d, \u00e9 chamada a prestar particular aten\u00e7\u00e3o e solicitude, de modo a acolher, favor, e acompanhar \u201ca inser\u00e7\u00e3o integral dos migrantes, requerentes de asilo e refugiados no novo contexto sociocultural, sem descuidar a dimens\u00e3o religiosa, essencial para a vida de cada pessoa.\u201d.<\/p>\n<p style=\"text-align: justify\">O bispo de Caxias do Sul (RS), dom Alessandro Ruffinoni, que recentemente foi nomeado por Bento XVI membro do Pontif\u00edcio Conselho para os Migrantes e os Itinerantes falou sobre a beleza da mensagem do santo padre. \u201cA mensagem do Papa \u00e9 muito bonita, come\u00e7ando pelo t\u00edtulo \u2018Migra\u00e7\u00f5es: peregrina\u00e7\u00e3o de f\u00e9 e de esperan\u00e7a\u2019. De fato, as migra\u00e7\u00f5es s\u00e3o um fen\u00f4meno que exige muita f\u00e9 por parte do migrante. Acreditar que \u00e9 poss\u00edvel mudar a sua vida, \u00e9 poss\u00edvel melhorar, com a esperan\u00e7a de um futuro melhor para ele e sua fam\u00edlia. E tamb\u00e9m uma esperan\u00e7a de que o pa\u00eds escolhido seja um pa\u00eds que acolhe, porque este \u00e9 o grande desafio do migrante: ser acolhido, ter um espa\u00e7o, ter confian\u00e7a nele. Antes de tudo, se trata de uma pessoa e como pessoa merece esta confian\u00e7a, este respeito e esta acolhida\u201d, comentou o bispo.<\/p>\n<p style=\"text-align: justify\">Sobre o tema do dia escolhido por Bento XVI, \u201cmigra\u00e7\u00f5es: peregrina\u00e7\u00e3o de f\u00e9 e de esperan\u00e7a\u201d, o Presidente da Funda\u00e7\u00e3o Migrantes, na It\u00e1lia, monsenhor Paolo Schiavon, afirma que a ideia de peregrina\u00e7\u00e3o pode aliviar o sofrimento que o migrante possui. &#8220;\u00c9 claro que quem migra tem a esperan\u00e7a de melhorar a pr\u00f3pria vida. Na verdade, os 215 milh\u00f5es de migrantes no mundo partem porque querem buscar uma condi\u00e7\u00e3o de vida melhor para si e suas fam\u00edlias, mas ao mesmo tempo, nesta viagem, a sua situa\u00e7\u00e3o muda de acordo com as pessoas que encontram\u201d, disse em entrevista \u00e0 R\u00e1dio Vaticano.<\/p>\n<p style=\"text-align: justify\">O monsenhor recordou que muitas vezes nesta viagem imbu\u00edda de esperan\u00e7a, encontram-se desespero, morte e viol\u00eancia. \u201cPensemos nos dois mil mortos no Mediterr\u00e2neo, que teve lugar no ano passado. \u00c9 necess\u00e1rio unir esse tema da esperan\u00e7a ao tema de uma f\u00e9 que se torna promo\u00e7\u00e3o dos direitos humanos, lutando contra aquelas formas que muitas vezes nascem no mundo da migra\u00e7\u00e3o, como viol\u00eancia e abuso&#8221;, relembrou.<\/p>\n<p style=\"text-align: justify\">A fixa\u00e7\u00e3o do Dia Mundial do Migrante e do Refugiado ocorreu em 2004, embora a data j\u00e1 fosse celebrada h\u00e1 mais de 90 anos. No entanto, cada pa\u00eds celebrava o dia em datas distintas. Ap\u00f3s a comunica\u00e7\u00e3o em 14 de outubro de 2004, do ent\u00e3o Secret\u00e1rio de Estado Cardeal Angelo Sodano, o Dia Mundial do Migrante e do Refugiado passou a ser celebrado no segundo domingo depois da Epifania, celebrada dia 6 de janeiro. Com isso, toda a Igreja Cat\u00f3lica, em todo o mundo, passou celebrar na mesma data. A institui\u00e7\u00e3o do dia fez com que houvesse o reconhecimento e maior aten\u00e7\u00e3o para o aumento dos migrantes e da crescente mobilidade populacional entre regi\u00f5es, pa\u00edses e continentes.<\/p>\n","protected":false},"excerpt":{"rendered":"<p>Que as sociedades em todo mundo assegurem o respeito, as liberdades fundamentais, direitos humanos e condi\u00e7\u00f5es dignas de vida a todos os migrantes e refugiados, essa \u00e9 a finalidade do o Dia Mundial do Migrante e do Refugiado, que ser\u00e1 celebrado dia 13 de janeiro. O papa Bento XVI publicou uma mensagem por ocasi\u00e3o do &hellip;<\/p>\n<p class=\"read-more\"> <a class=\"\" href=\"https:\/\/www.cnbb.org.br\/dia-mundial-do-migrante-e-do-refugiado-2013-traz-reflexao-sobre-crescente-mobilidade-populacional\/\"> <span class=\"screen-reader-text\">Dia Mundial do Migrante e do Refugiado 2013 traz reflex\u00e3o sobre crescente mobilidade populacional<\/span> Leia mais &raquo;<\/a><\/p>\n","protected":false},"author":83,"featured_media":29359,"comment_status":"open","ping_status":"open","sticky":false,"template":"","format":"standard","meta":{"site-sidebar-layout":"default","site-content-layout":"default","ast-global-header-display":"","ast-banner-title-visibility":"","ast-main-header-display":"","ast-hfb-above-header-display":"","ast-hfb-below-header-display":"","ast-hfb-mobile-header-display":"","site-post-title":"","ast-breadcrumbs-content":"","ast-featured-img":"","footer-sml-layout":"","theme-transparent-header-meta":"","adv-header-id-meta":"","stick-header-meta":"","header-above-stick-meta":"","header-main-stick-meta":"","header-below-stick-meta":""},"categories":[863],"tags":[],"acf":[],"_links":{"self":[{"href":"https:\/\/www.cnbb.org.br\/cnbb-app\/wp\/v2\/posts\/29358"}],"collection":[{"href":"https:\/\/www.cnbb.org.br\/cnbb-app\/wp\/v2\/posts"}],"about":[{"href":"https:\/\/www.cnbb.org.br\/cnbb-app\/wp\/v2\/types\/post"}],"author":[{"embeddable":true,"href":"https:\/\/www.cnbb.org.br\/cnbb-app\/wp\/v2\/users\/83"}],"replies":[{"embeddable":true,"href":"https:\/\/www.cnbb.org.br\/cnbb-app\/wp\/v2\/comments?post=29358"}],"version-history":[{"count":0,"href":"https:\/\/www.cnbb.org.br\/cnbb-app\/wp\/v2\/posts\/29358\/revisions"}],"wp:featuredmedia":[{"embeddable":true,"href":"https:\/\/www.cnbb.org.br\/cnbb-app\/wp\/v2\/media\/29359"}],"wp:attachment":[{"href":"https:\/\/www.cnbb.org.br\/cnbb-app\/wp\/v2\/media?parent=29358"}],"wp:term":[{"taxonomy":"category","embeddable":true,"href":"https:\/\/www.cnbb.org.br\/cnbb-app\/wp\/v2\/categories?post=29358"},{"taxonomy":"post_tag","embeddable":true,"href":"https:\/\/www.cnbb.org.br\/cnbb-app\/wp\/v2\/tags?post=29358"}],"curies":[{"name":"wp","href":"https:\/\/api.w.org\/{rel}","templated":true}]}}