{"id":29360,"date":"2013-01-23T00:00:00","date_gmt":"2013-01-23T02:00:00","guid":{"rendered":"https:\/\/www.cnbb.org.br\/tomas-balduino-apreensao-no-campo\/"},"modified":"2020-03-11T17:11:59","modified_gmt":"2020-03-11T20:11:59","slug":"tomas-balduino-apreensao-no-campo","status":"publish","type":"post","link":"https:\/\/www.cnbb.org.br\/tomas-balduino-apreensao-no-campo\/","title":{"rendered":"Tom\u00e1s Balduino: Apreens\u00e3o no campo"},"content":{"rendered":"<p style=\"text-align: right\"><strong><span style=\"font-size: 12pt\">Dom Tom\u00e1s Balduino<br \/>Bispo em\u00e9rito de Goi\u00e1s (GO)<\/span><\/strong><\/p>\n<p style=\"text-align: justify\">Eis o quadro: o pequeno agricultor Juarez Vieira foi despejado de sua terra, em 2002, no munic\u00edpio tocantinense de Campos Lindos, por 15 policiais em manuten\u00e7\u00e3o de posse acionada por K\u00e1tia Abreu. Juarez desfilou, sob a mira dos militares, com sua mulher e seus dez filhos, em dire\u00e7\u00e3o \u00e0 periferia de alguma cidade.<\/p>\n<p>  <!--more-->  <\/p>\n<p style=\"text-align: justify\">O caso acima n\u00e3o \u00e9 isolado. O governador Siqueira Campos decretou de &#8220;utilidade p\u00fablica&#8221;, em 1996, uma \u00e1rea de 105 mil hectares em Campos Lindos. Logo em 1999, uns fazendeiros foram a\u00ed contemplados com \u00e1reas de 1,2 mil hectares, por R$ 8 o hectare. A lista dos felizardos fora preparada pela Federa\u00e7\u00e3o da Agricultura e Pecu\u00e1ria do Estado do Tocantins, presidida por K\u00e1tia Abreu (PSD-TO), ent\u00e3o deputada federal pelo ex-PFL.<\/p>\n<p style=\"text-align: justify\">O irm\u00e3o dela Luiz Alfredo Abreu conseguiu uma \u00e1rea do mesmo tamanho. Emiliano Botelho, presidente da Companhia de Promo\u00e7\u00e3o Agr\u00edcola, ficou com 1,7 mil hectares. Juarez n\u00e3o foi o \u00fanico injusti\u00e7ado. Do outro lado da cerca, ficaram v\u00e1rias fam\u00edlias expulsas das terras por elas ocupadas e trabalhadas havia 40 anos. Uma descarada grilagem!<\/p>\n<p style=\"text-align: justify\">Campos Lindos, antes realmente lindos, viraram uma triste monocultura de soja, com total destrui\u00e7\u00e3o do cerrado para o enriquecimento de uma pequena minoria. No Mapa da Pobreza e Desigualdade divulgado em 2007, o munic\u00edpio apareceu como o mais pobre do pa\u00eds. Segundo o IBGE, 84% da popula\u00e7\u00e3o viviam na pobreza, dos quais 62,4% em estado de indig\u00eancia.<\/p>\n<p style=\"text-align: justify\">Outro irm\u00e3o da senadora K\u00e1tia Abreu, Andr\u00e9 Luiz Abreu, teve sua empresa envolvida na explora\u00e7\u00e3o de trabalho escravo. A Superintend\u00eancia Regional de Trabalho e Emprego do Tocantins libertou, em \u00e1reas de eucaliptais e carvoarias de propriedade dele, 56 pessoas vivendo em condi\u00e7\u00f5es degradantes, no trabalho exaustivo e na servid\u00e3o por d\u00edvida.<\/p>\n<p style=\"text-align: justify\">Com os povos ind\u00edgenas do Brasil, K\u00e1tia Abreu, senadora pelo Estado do Tocantins e presidente da Confedera\u00e7\u00e3o Nacional da Agricultura (CNA), tem tido uma raivosa e nefasta atua\u00e7\u00e3o.<\/p>\n<p style=\"text-align: justify\">Com efeito, ela vem agindo junto ao governo federal para garantir que as condicionantes impostas pelo Supremo no julgamento da demarca\u00e7\u00e3o da \u00e1rea ind\u00edgena Raposa Serra do Sol sejam estendidas, de qualquer forma, aos demais procedimentos demarcat\u00f3rios.<\/p>\n<p style=\"text-align: justify\">Com a bancada ruralista, ela pressionou a Advocacia-Geral da Uni\u00e3o (AGU), especialmente o ministro Lu\u00eds In\u00e1cio Adams. Prova disso foi a audi\u00eancia na AGU, em novembro de 2011, na qual entregou, ao lado do senador Waldemir Moka (PMDB-MS), documento propondo a cria\u00e7\u00e3o de norma sobre a demarca\u00e7\u00e3o de terras ind\u00edgenas em todo o pa\u00eds.<\/p>\n<p style=\"text-align: justify\">O ministro Lu\u00eds Adams se deixou levar e assinou a desastrosa portaria n\u00ba 303, de 16\/7\/12. K\u00e1tia Abreu, ao tomar conhecimento desse ato, desabafou exultante: &#8220;Com a nova portaria, o ministro Lu\u00eds Adams mostrou sensibilidade e elevou o campo brasileiro a um novo patamar de seguran\u00e7a jur\u00eddica&#8221;.<\/p>\n<p style=\"text-align: justify\">At\u00e9 mesmo com rela\u00e7\u00e3o \u00e0 terra de posse imemorial do povo xavante de Mar\u00e3iwats\u00e8d\u00e8, ao norte do Mato Grosso, que ganhou em todas as inst\u00e2ncias do Judici\u00e1rio o reconhecimento de que s\u00e3o terras ind\u00edgenas, K\u00e1tia Abreu assinou nota, como presidente da CNA, xingando os \u00edndios de &#8220;invasores&#8221;.<\/p>\n<p style=\"text-align: justify\">Concluindo, as lideran\u00e7as camponesas e ind\u00edgenas est\u00e3o muito apreensivas com o estranho poder econ\u00f4mico, pol\u00edtico, classista, concentracionista e cruel detido por essa mulher que, segundo dizem, est\u00e1 para ser ministra de Dilma Rousseff. E se perguntam: &#8220;N\u00e3o \u00e9 isso o Poder do Mal?&#8221; No Evangelho, Jesus ensinou aos disc\u00edpulos a enfrentar o Poder do Mal, recomendando-lhes: &#8220;Esta esp\u00e9cie de Poder s\u00f3 se enfrenta pela ora\u00e7\u00e3o e pelo jejum&#8221; (Cf. Mt 17,21).<\/p>\n","protected":false},"excerpt":{"rendered":"<p>Dom Tom\u00e1s BalduinoBispo em\u00e9rito de Goi\u00e1s (GO) Eis o quadro: o pequeno agricultor Juarez Vieira foi despejado de sua terra, em 2002, no munic\u00edpio tocantinense de Campos Lindos, por 15 policiais em manuten\u00e7\u00e3o de posse acionada por K\u00e1tia Abreu. Juarez desfilou, sob a mira dos militares, com sua mulher e seus dez filhos, em dire\u00e7\u00e3o &hellip;<\/p>\n<p class=\"read-more\"> <a class=\"\" href=\"https:\/\/www.cnbb.org.br\/tomas-balduino-apreensao-no-campo\/\"> <span class=\"screen-reader-text\">Tom\u00e1s Balduino: Apreens\u00e3o no campo<\/span> Leia mais &raquo;<\/a><\/p>\n","protected":false},"author":83,"featured_media":0,"comment_status":"open","ping_status":"open","sticky":false,"template":"","format":"standard","meta":{"site-sidebar-layout":"default","site-content-layout":"default","ast-global-header-display":"","ast-banner-title-visibility":"","ast-main-header-display":"","ast-hfb-above-header-display":"","ast-hfb-below-header-display":"","ast-hfb-mobile-header-display":"","site-post-title":"","ast-breadcrumbs-content":"","ast-featured-img":"","footer-sml-layout":"","theme-transparent-header-meta":"","adv-header-id-meta":"","stick-header-meta":"","header-above-stick-meta":"","header-main-stick-meta":"","header-below-stick-meta":""},"categories":[863],"tags":[],"acf":[],"_links":{"self":[{"href":"https:\/\/www.cnbb.org.br\/cnbb-app\/wp\/v2\/posts\/29360"}],"collection":[{"href":"https:\/\/www.cnbb.org.br\/cnbb-app\/wp\/v2\/posts"}],"about":[{"href":"https:\/\/www.cnbb.org.br\/cnbb-app\/wp\/v2\/types\/post"}],"author":[{"embeddable":true,"href":"https:\/\/www.cnbb.org.br\/cnbb-app\/wp\/v2\/users\/83"}],"replies":[{"embeddable":true,"href":"https:\/\/www.cnbb.org.br\/cnbb-app\/wp\/v2\/comments?post=29360"}],"version-history":[{"count":0,"href":"https:\/\/www.cnbb.org.br\/cnbb-app\/wp\/v2\/posts\/29360\/revisions"}],"wp:attachment":[{"href":"https:\/\/www.cnbb.org.br\/cnbb-app\/wp\/v2\/media?parent=29360"}],"wp:term":[{"taxonomy":"category","embeddable":true,"href":"https:\/\/www.cnbb.org.br\/cnbb-app\/wp\/v2\/categories?post=29360"},{"taxonomy":"post_tag","embeddable":true,"href":"https:\/\/www.cnbb.org.br\/cnbb-app\/wp\/v2\/tags?post=29360"}],"curies":[{"name":"wp","href":"https:\/\/api.w.org\/{rel}","templated":true}]}}