{"id":29361,"date":"2013-01-30T00:00:00","date_gmt":"2013-01-30T02:00:00","guid":{"rendered":"https:\/\/www.cnbb.org.br\/o-projeto-do-bem-viver-e-a-situacao-dos-brasileiros-e-tema-de-seminario-na-5o-semana-social-brasileira\/"},"modified":"2020-03-11T17:11:59","modified_gmt":"2020-03-11T20:11:59","slug":"o-projeto-do-bem-viver-e-a-situacao-dos-brasileiros-e-tema-de-seminario-na-5o-semana-social-brasileira","status":"publish","type":"post","link":"https:\/\/www.cnbb.org.br\/o-projeto-do-bem-viver-e-a-situacao-dos-brasileiros-e-tema-de-seminario-na-5o-semana-social-brasileira\/","title":{"rendered":"O projeto do \u201cbem viver e a situa\u00e7\u00e3o dos brasileiros\u201d \u00e9 tema de semin\u00e1rio na 5\u00aa Semana Social Brasileira"},"content":{"rendered":"<div style=\"text-align: justify\">O semin\u00e1rio que ocorrer\u00e1 em Bras\u00edlia (DF) de 20 a 23 de maio de 2013, \u00e9 parte do processo de realiza\u00e7\u00e3o da 5\u00aa Semana Social Brasileira (SSB) que acontece em todos os regionais da CNBB em articula\u00e7\u00e3o com diversos movimentos sociais, pastorais, organismos, associa\u00e7\u00f5es, par\u00f3quias e comunidades do Brasil. O semin\u00e1rio reunir\u00e1 representares dos grupos que constroem a 5\u00aa SSB com o objetivo de discutir o \u201cEstado e o Bem Viver\u201d, tendo como tema o projeto do \u201cbem viver e a situa\u00e7\u00e3o dos brasileiros\u201d.<\/div>\n<div style=\"text-align: justify\"><\/div>\n<p>  <!--more-->  <\/p>\n<div style=\"text-align: justify\">A 5\u00aa SSB \u00e9 um processo nacional que est\u00e1 em curso desde 2011 em todo o Brasil e promove a participa\u00e7\u00e3o ampla de pessoas e entidades, a abertura ao ecumenismo e di\u00e1logo inter-religioso, o pluralismo de ideias e valores, o exerc\u00edcio do debate democr\u00e1tico em todas as inst\u00e2ncias e o ensaio coletivo de iniciativas transformadoras. O momento de encerramento dos trabalhos ser\u00e1 entre os dias 2 a 5 de setembro de 2013.<\/div>\n","protected":false},"excerpt":{"rendered":"<p>O semin\u00e1rio que ocorrer\u00e1 em Bras\u00edlia (DF) de 20 a 23 de maio de 2013, \u00e9 parte do processo de realiza\u00e7\u00e3o da 5\u00aa Semana Social Brasileira (SSB) que acontece em todos os regionais da CNBB em articula\u00e7\u00e3o com diversos movimentos sociais, pastorais, organismos, associa\u00e7\u00f5es, par\u00f3quias e comunidades do Brasil. O semin\u00e1rio reunir\u00e1 representares dos grupos &hellip;<\/p>\n<p class=\"read-more\"> <a class=\"\" href=\"https:\/\/www.cnbb.org.br\/o-projeto-do-bem-viver-e-a-situacao-dos-brasileiros-e-tema-de-seminario-na-5o-semana-social-brasileira\/\"> <span class=\"screen-reader-text\">O projeto do \u201cbem viver e a situa\u00e7\u00e3o dos brasileiros\u201d \u00e9 tema de semin\u00e1rio na 5\u00aa Semana Social Brasileira<\/span> Leia mais &raquo;<\/a><\/p>\n","protected":false},"author":83,"featured_media":19013,"comment_status":"open","ping_status":"open","sticky":false,"template":"","format":"standard","meta":{"site-sidebar-layout":"default","site-content-layout":"default","ast-global-header-display":"","ast-banner-title-visibility":"","ast-main-header-display":"","ast-hfb-above-header-display":"","ast-hfb-below-header-display":"","ast-hfb-mobile-header-display":"","site-post-title":"","ast-breadcrumbs-content":"","ast-featured-img":"","footer-sml-layout":"","theme-transparent-header-meta":"","adv-header-id-meta":"","stick-header-meta":"","header-above-stick-meta":"","header-main-stick-meta":"","header-below-stick-meta":""},"categories":[863],"tags":[],"acf":[],"_links":{"self":[{"href":"https:\/\/www.cnbb.org.br\/cnbb-app\/wp\/v2\/posts\/29361"}],"collection":[{"href":"https:\/\/www.cnbb.org.br\/cnbb-app\/wp\/v2\/posts"}],"about":[{"href":"https:\/\/www.cnbb.org.br\/cnbb-app\/wp\/v2\/types\/post"}],"author":[{"embeddable":true,"href":"https:\/\/www.cnbb.org.br\/cnbb-app\/wp\/v2\/users\/83"}],"replies":[{"embeddable":true,"href":"https:\/\/www.cnbb.org.br\/cnbb-app\/wp\/v2\/comments?post=29361"}],"version-history":[{"count":0,"href":"https:\/\/www.cnbb.org.br\/cnbb-app\/wp\/v2\/posts\/29361\/revisions"}],"wp:featuredmedia":[{"embeddable":true,"href":"https:\/\/www.cnbb.org.br\/cnbb-app\/wp\/v2\/media\/19013"}],"wp:attachment":[{"href":"https:\/\/www.cnbb.org.br\/cnbb-app\/wp\/v2\/media?parent=29361"}],"wp:term":[{"taxonomy":"category","embeddable":true,"href":"https:\/\/www.cnbb.org.br\/cnbb-app\/wp\/v2\/categories?post=29361"},{"taxonomy":"post_tag","embeddable":true,"href":"https:\/\/www.cnbb.org.br\/cnbb-app\/wp\/v2\/tags?post=29361"}],"curies":[{"name":"wp","href":"https:\/\/api.w.org\/{rel}","templated":true}]}}