{"id":293802,"date":"2021-06-08T11:07:06","date_gmt":"2021-06-08T14:07:06","guid":{"rendered":"https:\/\/www.cnbb.org.br\/?p=293802"},"modified":"2021-06-08T11:07:06","modified_gmt":"2021-06-08T14:07:06","slug":"senado-vota-proibicao-de-despejos-durante-a-pandemia-nesta-terca-feira-cnbb-defende-a-protecao-de-familias","status":"publish","type":"post","link":"https:\/\/www.cnbb.org.br\/senado-vota-proibicao-de-despejos-durante-a-pandemia-nesta-terca-feira-cnbb-defende-a-protecao-de-familias\/","title":{"rendered":"Senado vota proibi\u00e7\u00e3o de despejos durante a pandemia nesta ter\u00e7a-feira. CNBB defende a prote\u00e7\u00e3o de fam\u00edlias"},"content":{"rendered":"<p>O Senado Federal anunciou que est\u00e1 na pauta\u00a0desta ter\u00e7a-feira, \u00e0s 16h, o <a class=\"external-link\" title=\"\" href=\"https:\/\/www25.senado.leg.br\/web\/atividade\/materias\/-\/materia\/148656\" target=\"_self\" rel=\"noopener\">PL 827\/2020<\/a>, que pro\u00edbe o despejo ou a desocupa\u00e7\u00e3o de im\u00f3veis at\u00e9 o fim de 2021, em decorr\u00eancia da pandemia da Covid-19. A Confer\u00eancia Nacional dos Bispos do Brasil (CNBB) defende a prote\u00e7\u00e3o das fam\u00edlias mais vulner\u00e1veis e prop\u00f4s ao Observat\u00f3rio dos Direitos Humanos do Poder Judici\u00e1rio (ODH), em fevereiro deste ano, que tais a\u00e7\u00f5es n\u00e3o fossem autorizadas. A sugest\u00e3o virou uma resolu\u00e7\u00e3o do Conselho Nacional de Justi\u00e7a (CNJ).<\/p>\n<p>Em v\u00eddeo, o arcebispo de Belo Horizonte (MG) e presidente da CNBB, dom Walmor Oliveira de Azevedo, destaca que entre as principais medidas necess\u00e1rias para enfrentar a pandemia, est\u00e1 a solid\u00e1ria dedica\u00e7\u00e3o aos mais pobres e vulner\u00e1veis. Por isso, o pedido de que nenhum despejo seja realizado neste tempo de pandemia. &#8220;A casa de cada um \u00e9 muito importante para a sua seguran\u00e7a e prote\u00e7\u00e3o. \u00c9 inaceit\u00e1vel que fam\u00edlias pade\u00e7am com a falta de abrigo nesse tempo de pandemia&#8221;, afirma dom Walmor.<\/p>\n<p>&#8220;Seja essa a sensibilidade do Congresso Nacional e\u00a0 de toda a sociedade, para enfrentarmos a pandemia apoiando especialmente os que precisam mais, os pobres, os sofredores. Esse \u00e9 o nosso pedido e o nosso grande compromisso&#8221;, reiterou.<\/p>\n<div class=\"ast-oembed-container\" style=\"height: 100%;\">\n<div style=\"max-width: 1333px;\">\n<div style=\"left: 0; width: 100%; height: 0; position: relative; padding-bottom: 56.25%;\"><iframe title=\"Dom Walmor comenta PL contra despejos durante a pandemia\" src=\"https:\/\/www.youtube.com\/embed\/j1_Z_dUL4aI?rel=0\" style=\"border: 0; top: 0; left: 0; width: 100%; height: 100%; position: absolute;\" allowfullscreen scrolling=\"no\" allow=\"encrypted-media; accelerometer; clipboard-write; gyroscope; picture-in-picture\"><\/iframe><\/div>\n<\/div>\n<\/div>\n<p>&nbsp;<\/p>\n<h3>Projeto de lei<\/h3>\n<p>A proposta legislativa passou pela C\u00e2mara em 18 de maio. O texto prev\u00ea que ser\u00e3o suspensos os efeitos de qualquer ato ou decis\u00e3o de despejo, desocupa\u00e7\u00e3o ou remo\u00e7\u00e3o for\u00e7ada coletiva de im\u00f3vel privado ou p\u00fablico, urbano ou rural, seja os de moradia ou para produ\u00e7\u00e3o.<\/p>\n<p>Durante a vota\u00e7\u00e3o na C\u00e2mara, os deputados alegaram que o texto ajuda as pessoas a cumprirem as medidas de isolamento social, garantindo o direito b\u00e1sico de preserva\u00e7\u00e3o da vida e dando seguran\u00e7a jur\u00eddica nesse per\u00edodo de pandemia. Al\u00e9m disso, socorre os mais pobres que t\u00eam dificuldades de conseguir dinheiro para o pagamento de aluguel em tempos de crise econ\u00f4mica.<\/p>\n<p>O cantor e compositor Chico Buarque tamb\u00e9m ressaltou a import\u00e2ncia da aprova\u00e7\u00e3o do projeto:<\/p>\n<div style=\"width: 480px;\" class=\"wp-video\"><!--[if lt IE 9]><script>document.createElement('video');<\/script><![endif]-->\n<video class=\"wp-video-shortcode\" id=\"video-293802-1\" width=\"480\" height=\"272\" preload=\"metadata\" controls=\"controls\"><source type=\"video\/mp4\" src=\"https:\/\/www.cnbb.org.br\/wp-content\/uploads\/2021\/06\/Chico-Buarque-despejo-zero.mp4?_=1\" \/><a href=\"https:\/\/www.cnbb.org.br\/wp-content\/uploads\/2021\/06\/Chico-Buarque-despejo-zero.mp4\">https:\/\/www.cnbb.org.br\/wp-content\/uploads\/2021\/06\/Chico-Buarque-despejo-zero.mp4<\/a><\/video><\/div>\n<p>&nbsp;<\/p>\n<pre>Com informa\u00e7\u00f5es da Ag\u00eancia Senado | Foto de capa: Jefferson Rudy\/Ag\u00eancia Senado<\/pre>\n<p>&nbsp;<\/p>\n<h6>Leia tamb\u00e9m<\/h6>\n<h6 class=\"elementor-heading-title elementor-size-default\"><a href=\"https:\/\/www.cnbb.org.br\/proposta-da-cnbb-para-que-o-judiciario-nao-autorize-despejos-na-pandemia-e-aprovada-no-conselho-nacional-de-justica\/\">Proposta da CNBB para que o judici\u00e1rio n\u00e3o autorize despejos coletivos na pandemia \u00e9 aprovada no Conselho Nacional de Justi\u00e7a<\/a><\/h6>\n<p>&nbsp;<\/p>\n<p>&nbsp;<\/p>\n","protected":false},"excerpt":{"rendered":"<p>Em v\u00eddeo, o arcebispo de Belo Horizonte (MG) e presidente da CNBB, dom Walmor Oliveira de Azevedo, destaca que entre as principais medidas necess\u00e1rias para enfrentar a pandemia, est\u00e1 a solid\u00e1ria dedica\u00e7\u00e3o aos mais pobres e vulner\u00e1veis. &#8220;A casa de cada um \u00e9 muito importante para a sua seguran\u00e7a e prote\u00e7\u00e3o. \u00c9 inaceit\u00e1vel que fam\u00edlias pade\u00e7am com a falta de abrigo nesse tempo de pandemia&#8221;, afirma dom Walmor<\/p>\n","protected":false},"author":83,"featured_media":293845,"comment_status":"open","ping_status":"open","sticky":false,"template":"","format":"standard","meta":{"site-sidebar-layout":"default","site-content-layout":"default","ast-global-header-display":"","ast-banner-title-visibility":"","ast-main-header-display":"","ast-hfb-above-header-display":"","ast-hfb-below-header-display":"","ast-hfb-mobile-header-display":"","site-post-title":"","ast-breadcrumbs-content":"","ast-featured-img":"","footer-sml-layout":"","theme-transparent-header-meta":"default","adv-header-id-meta":"","stick-header-meta":"","header-above-stick-meta":"","header-main-stick-meta":"","header-below-stick-meta":""},"categories":[50,797],"tags":[1855,3694,2143],"acf":[],"_links":{"self":[{"href":"https:\/\/www.cnbb.org.br\/cnbb-app\/wp\/v2\/posts\/293802"}],"collection":[{"href":"https:\/\/www.cnbb.org.br\/cnbb-app\/wp\/v2\/posts"}],"about":[{"href":"https:\/\/www.cnbb.org.br\/cnbb-app\/wp\/v2\/types\/post"}],"author":[{"embeddable":true,"href":"https:\/\/www.cnbb.org.br\/cnbb-app\/wp\/v2\/users\/83"}],"replies":[{"embeddable":true,"href":"https:\/\/www.cnbb.org.br\/cnbb-app\/wp\/v2\/comments?post=293802"}],"version-history":[{"count":0,"href":"https:\/\/www.cnbb.org.br\/cnbb-app\/wp\/v2\/posts\/293802\/revisions"}],"wp:featuredmedia":[{"embeddable":true,"href":"https:\/\/www.cnbb.org.br\/cnbb-app\/wp\/v2\/media\/293845"}],"wp:attachment":[{"href":"https:\/\/www.cnbb.org.br\/cnbb-app\/wp\/v2\/media?parent=293802"}],"wp:term":[{"taxonomy":"category","embeddable":true,"href":"https:\/\/www.cnbb.org.br\/cnbb-app\/wp\/v2\/categories?post=293802"},{"taxonomy":"post_tag","embeddable":true,"href":"https:\/\/www.cnbb.org.br\/cnbb-app\/wp\/v2\/tags?post=293802"}],"curies":[{"name":"wp","href":"https:\/\/api.w.org\/{rel}","templated":true}]}}