{"id":29382,"date":"2013-04-13T00:00:00","date_gmt":"2013-04-13T03:00:00","guid":{"rendered":"https:\/\/www.cnbb.org.br\/dom-enemesio-angelo-lazzaris-reforma-agraria-nao-foi-prioridade-de-nenhum-dos-governos-democraticos\/"},"modified":"2020-03-11T17:11:56","modified_gmt":"2020-03-11T20:11:56","slug":"dom-enemesio-angelo-lazzaris-reforma-agraria-nao-foi-prioridade-de-nenhum-dos-governos-democraticos","status":"publish","type":"post","link":"https:\/\/www.cnbb.org.br\/dom-enemesio-angelo-lazzaris-reforma-agraria-nao-foi-prioridade-de-nenhum-dos-governos-democraticos\/","title":{"rendered":"Dom Enemesio Angelo Lazzaris: \u201cReforma Agr\u00e1ria n\u00e3o foi prioridade de nenhum dos governos democr\u00e1ticos\u201d."},"content":{"rendered":"<p style=\"text-align: justify\">Em sua participa\u00e7\u00e3o na coletiva de imprensa da sexta-feira, 12 de abril, o bispo de Balsas (MA) e presidente da Comiss\u00e3o Pastoral da Terra (CPT), dom Enemesio Angelo Lazzaris falou sobre a apresenta\u00e7\u00e3o do Documento \u201cA Igreja e a quest\u00e3o agr\u00e1ria no S\u00e9culo XXI\u201d.<\/p>\n<p>  <!--more-->  <\/p>\n<p style=\"text-align: justify\">Dom Enemesio explicou que o Documento \u00e9 uma continuidade das reflex\u00f5es que a CNBB tem feito ao longo dos anos. E citou o ano de 1954, quando se realizou a 2\u00aa Assembleia Geral dos Bispos e cujo tema central foi a \u201cReforma Agr\u00e1ria\u201d, o bispo tamb\u00e9m lembrou o ano de 1980 quando na 18\u00aa AG o tema foi \u201cIgreja e problemas da terra\u201d e mais recentemente, em 2006, quando foi lan\u00e7ado o Documento \u201cOs pobres possuir\u00e3o a terra\u201d.<\/p>\n<p style=\"text-align: justify\">Dom Enemesio ressaltou que o Documento apresentado na 51\u00aa AG composto por um breve hist\u00f3rico, quatro cap\u00edtulos e conclus\u00e3o \u201cquer fazer entender de maneira cr\u00edtica as velhas e novas raz\u00f5es do sofrimento e da viol\u00eancia que marcam e ensanguentam a nossa terra hoje talvez mais que ontem\u201d. E refor\u00e7ou dizendo que \u201cde maneira clara o documento faz entender que a sempre prometida Reforma Agr\u00e1ria n\u00e3o foi prioridade de nenhum dos governos democr\u00e1ticos, menos ainda do governo atual\u201d.<\/p>\n<p style=\"text-align: justify\">O bispo fez uma alerta para a situa\u00e7\u00e3o opressora que se encontram os povos ind\u00edgenas, quilombolas, sem terras e escravizados do campo, que est\u00e3o em condi\u00e7\u00f5es degradantes. \u201cPrecisamos atuar, precisamos anunciar as coisas boas, mas precisamos denunciar as tantas formas de opress\u00e3o, os gritos, as injustas que este povo sofre\u201d.<\/p>\n<p style=\"text-align: justify\">No final da coletiva o presidente da CPT disse que o episcopado apela para que os poderes executivo, legislativo e judici\u00e1rio permita que os camponeses tenham vez e voz. \u201cDeclaramos apoio aos pequenos que buscam oportunidade de vida na terra, na floresta e nas \u00e1guas. Apoiamos as organiza\u00e7\u00f5es camponesas e suas lutas pela terra e por pol\u00edticas p\u00fablicas que lhes garantam acesso ao servi\u00e7o sa\u00fade. Estamos juntos na resist\u00eancia contra toda forma de viol\u00eancia que atinge a vida dos trabalhadores e suas fam\u00edlias. Nos colocaremos contra a grilagem e esfor\u00e7aremos sempre mais para combater o trabalho escravo\u201d.<\/p>\n<p style=\"text-align: justify\">O arcebispo de Mariana (MG) e ex-presidente da CNBB, dom Geraldo Lyrio Rocha, estava presente na coletiva e pediu a palavra para falar sobre o assunto. Com a palavra dom Geraldo questionou se a quest\u00e3o agr\u00e1ria est\u00e1 sendo discutida em nosso pa\u00eds e se h\u00e1 algum partido pol\u00edtico levantando este assunto. \u201cN\u00e3o \u00e9 que a quest\u00e3o n\u00e3o exista, \u00e9 que se faz vista grossa, se silencia\u201d.<\/p>\n<p style=\"text-align: justify\">Dom Geraldo aproveitou para ressaltar que Documento \u201cquer dizer um grito dos que est\u00e3o pedindo socorro e a Igreja quer ser porta-voz de todos aqueles que s\u00e3o v\u00edtimas desta situa\u00e7\u00e3o grav\u00edssima em nosso pa\u00eds\u201d.<\/p>\n<p style=\"text-align: justify\">E esclareceu: \u201cSabemos que esse Documento vai provocar rea\u00e7\u00f5es porque \u00e9 um documento que toma posi\u00e7\u00e3o clara e definida. \u00c9 l\u00f3gico que esperamos que ele tenha repercuss\u00e3o no Congresso Nacional, que ele possa trazer uma contribui\u00e7\u00e3o para um debate mais amplo na sociedade\u201d.<\/p>\n","protected":false},"excerpt":{"rendered":"<p>Em sua participa\u00e7\u00e3o na coletiva de imprensa da sexta-feira, 12 de abril, o bispo de Balsas (MA) e presidente da Comiss\u00e3o Pastoral da Terra (CPT), dom Enemesio Angelo Lazzaris falou sobre a apresenta\u00e7\u00e3o do Documento \u201cA Igreja e a quest\u00e3o agr\u00e1ria no S\u00e9culo XXI\u201d.<\/p>\n","protected":false},"author":83,"featured_media":29383,"comment_status":"open","ping_status":"open","sticky":false,"template":"","format":"standard","meta":{"site-sidebar-layout":"default","site-content-layout":"default","ast-global-header-display":"","ast-banner-title-visibility":"","ast-main-header-display":"","ast-hfb-above-header-display":"","ast-hfb-below-header-display":"","ast-hfb-mobile-header-display":"","site-post-title":"","ast-breadcrumbs-content":"","ast-featured-img":"","footer-sml-layout":"","theme-transparent-header-meta":"","adv-header-id-meta":"","stick-header-meta":"","header-above-stick-meta":"","header-main-stick-meta":"","header-below-stick-meta":""},"categories":[1],"tags":[],"acf":[],"_links":{"self":[{"href":"https:\/\/www.cnbb.org.br\/cnbb-app\/wp\/v2\/posts\/29382"}],"collection":[{"href":"https:\/\/www.cnbb.org.br\/cnbb-app\/wp\/v2\/posts"}],"about":[{"href":"https:\/\/www.cnbb.org.br\/cnbb-app\/wp\/v2\/types\/post"}],"author":[{"embeddable":true,"href":"https:\/\/www.cnbb.org.br\/cnbb-app\/wp\/v2\/users\/83"}],"replies":[{"embeddable":true,"href":"https:\/\/www.cnbb.org.br\/cnbb-app\/wp\/v2\/comments?post=29382"}],"version-history":[{"count":0,"href":"https:\/\/www.cnbb.org.br\/cnbb-app\/wp\/v2\/posts\/29382\/revisions"}],"wp:featuredmedia":[{"embeddable":true,"href":"https:\/\/www.cnbb.org.br\/cnbb-app\/wp\/v2\/media\/29383"}],"wp:attachment":[{"href":"https:\/\/www.cnbb.org.br\/cnbb-app\/wp\/v2\/media?parent=29382"}],"wp:term":[{"taxonomy":"category","embeddable":true,"href":"https:\/\/www.cnbb.org.br\/cnbb-app\/wp\/v2\/categories?post=29382"},{"taxonomy":"post_tag","embeddable":true,"href":"https:\/\/www.cnbb.org.br\/cnbb-app\/wp\/v2\/tags?post=29382"}],"curies":[{"name":"wp","href":"https:\/\/api.w.org\/{rel}","templated":true}]}}