{"id":29524,"date":"2014-10-22T00:00:00","date_gmt":"2014-10-22T02:00:00","guid":{"rendered":"https:\/\/www.cnbb.org.br\/cruz-vermelha-fala-aos-bispos-sobre-virus-ebola\/"},"modified":"2020-03-11T17:10:18","modified_gmt":"2020-03-11T20:10:18","slug":"cruz-vermelha-fala-aos-bispos-sobre-virus-ebola","status":"publish","type":"post","link":"https:\/\/www.cnbb.org.br\/cruz-vermelha-fala-aos-bispos-sobre-virus-ebola\/","title":{"rendered":"Representante da Cruz Vermelha fala aos bispos sobre v\u00edrus ebola"},"content":{"rendered":"<p style=\"text-align: justify\">\n<p style=\"text-align: justify\">A doen\u00e7a do v\u00edrus ebola foi tema da primeira sess\u00e3o da reuni\u00e3o do Conselho Permanente da Confer\u00eancia Nacional dos Bispos do Brasil (CNBB), nesta quarta-feira, dia 22. Um representante do Comit\u00ea Internacional da Cruz Vermelha (CICV) explicou aos bispos os aspectos t\u00e9cnicos e sociais que envolvem a incid\u00eancia no mundo.<\/p>\n<p>  <!--more-->  <\/p>\n<p style=\"text-align: justify\">\u00a0<span style=\"line-height: 1.3em\">Inicialmente, foi falado sobre a origem do v\u00edrus na Guin\u00e9, na Lib\u00e9ria e Serra Leoa. Foram apresentados dados de mais de 4,5 mil mortes e cerca de 9200 casos entre confirmados e suspeitos. O coordenador terreno e coopera\u00e7\u00e3o da delega\u00e7\u00e3o da CICV para Argentina, Brasil, Chile, Paraguai e Uruguai, Jos\u00e9 Antonio Delgado, frisou a necessidade de \u201cresposta humanit\u00e1ria\u201d. Segundo ele, a capacidade para este atendimento \u00e9 fraca por conta de situa\u00e7\u00f5es de conflitos.<\/span><\/p>\n<p style=\"text-align: justify\">A necessidade de interven\u00e7\u00f5es de organiza\u00e7\u00f5es internacionais nos pa\u00edses foi sublinhada como essencial, uma vez que os casos podem passar de meio milh\u00e3o em pa\u00edses como Lib\u00e9ria e Serra Leoa. A Cruz Vermelha fez um apelo para aumentar a contribui\u00e7\u00e3o na resposta humanit\u00e1ria.<\/p>\n<p style=\"text-align: justify\">Outros fatores que acometem as popula\u00e7\u00f5es dos pa\u00edses africanos afetados pela doen\u00e7a s\u00e3o os impactos causados pelo atendimento das unidades de sa\u00fade, que est\u00e3o focadas no combate e desinfec\u00e7\u00e3o do v\u00edrus, pelas transforma\u00e7\u00f5es socioecon\u00f4micas e pelo abalo na estrutura das fam\u00edlias, que \u00e0s vezes se separam ou perdem seus bens no processo de desinfec\u00e7\u00e3o do v\u00edrus.<\/p>\n<p style=\"text-align: justify\">De acordo com a CICV, os sistemas de sa\u00fade p\u00fablica nos tr\u00eas pa\u00edses j\u00e1 est\u00e3o enfraquecidos por conflitos prolongados, por isso enfrentam dificuldades para implementar medidas de conten\u00e7\u00e3o do v\u00edrus. \u201cOs centros dedicados ao ebola s\u00e3o poucos. Os profissionais de sa\u00fade carecem de equipamento especializado e treinamento. Alguns sucumbem \u00e0 doen\u00e7a, ao passo que outros se recusam a trabalhar por medo de se infectarem\u201d, relatam.<\/p>\n<p style=\"text-align: justify\"><img decoding=\"async\" loading=\"lazy\" class=\" alignright size-full wp-image-23815\" src=\"https:\/\/www.cnbb.org.br\/wp-content\/uploads\/2020\/03\/MG_7838-350x197-1.jpg\" border=\"0\" width=\"341\" height=\"192\" style=\"float: right\" \/>Os bispos puderam fazer perguntas para a equipe da CICV e questionaram a forma de transmiss\u00e3o, a explica\u00e7\u00e3o cient\u00edfica e a possibilidade de uma vacina contra o v\u00edrus. Foi dito a eles que a doen\u00e7a surgiu a partir de uma fruta que havia sido mordida por um morcego infectado e posteriormente consumida por uma crian\u00e7a, transmitindo a doen\u00e7a a ela.<\/p>\n<p style=\"text-align: justify\">A transmiss\u00e3o acontece a partir do contato e de fluidos das pessoas infectadas. No centro-oeste africano, h\u00e1 um costume de beijar os corpos dos familiares quando estes v\u00e3o ser enterrados. Esta pr\u00e1tica colaborou para o aumento dos casos.<\/p>\n<p style=\"text-align: justify\">Uma poss\u00edvel vacina j\u00e1 est\u00e1 sendo pesquisada. Por\u00e9m, os laborat\u00f3rios t\u00eam previs\u00e3o de disponibilidade para um medicamento a partir de 2016.<\/p>\n<p style=\"text-align: justify\">O bispo auxiliar de Bras\u00edlia e secret\u00e1rio-geral da CNBB, dom Leonardo Ulrich Steiner, agradeceu aos representantes da Cruz Vermelha pelas explica\u00e7\u00f5es aos bispos. \u201cN\u00f3s agradecemos muito essa ajuda, esses esclarecimentos. Creio que n\u00f3s podemos lev\u00e1-los para as nossas comunidades, especialmente como se transmite, a gente sente uma apreens\u00e3o de saber\u201d, disse. Dom Leonardo ainda demonstrou satisfa\u00e7\u00e3o pelo envolvimento das entidades internacionais e a preocupa\u00e7\u00e3o dos pesquisadores no enfrentamento da doen\u00e7a do v\u00edrus ebola.<\/p>\n<p>\u00a0<\/p>\n<p>\u00a0<\/p>\n<p>\u00a0<\/p>\n","protected":false},"excerpt":{"rendered":"<p>A doen\u00e7a do v\u00edrus ebola foi tema da primeira sess\u00e3o da reuni\u00e3o do Conselho Permanente da Confer\u00eancia Nacional dos Bispos do Brasil (CNBB), nesta quarta-feira, dia 22. Um representante do Comit\u00ea Internacional da Cruz Vermelha (CICV) explicou aos bispos os aspectos t\u00e9cnicos e sociais que envolvem a incid\u00eancia no mundo.<\/p>\n","protected":false},"author":83,"featured_media":29525,"comment_status":"open","ping_status":"open","sticky":false,"template":"","format":"standard","meta":{"site-sidebar-layout":"default","site-content-layout":"default","ast-global-header-display":"","ast-banner-title-visibility":"","ast-main-header-display":"","ast-hfb-above-header-display":"","ast-hfb-below-header-display":"","ast-hfb-mobile-header-display":"","site-post-title":"","ast-breadcrumbs-content":"","ast-featured-img":"","footer-sml-layout":"","theme-transparent-header-meta":"","adv-header-id-meta":"","stick-header-meta":"","header-above-stick-meta":"","header-main-stick-meta":"","header-below-stick-meta":""},"categories":[863],"tags":[],"acf":[],"_links":{"self":[{"href":"https:\/\/www.cnbb.org.br\/cnbb-app\/wp\/v2\/posts\/29524"}],"collection":[{"href":"https:\/\/www.cnbb.org.br\/cnbb-app\/wp\/v2\/posts"}],"about":[{"href":"https:\/\/www.cnbb.org.br\/cnbb-app\/wp\/v2\/types\/post"}],"author":[{"embeddable":true,"href":"https:\/\/www.cnbb.org.br\/cnbb-app\/wp\/v2\/users\/83"}],"replies":[{"embeddable":true,"href":"https:\/\/www.cnbb.org.br\/cnbb-app\/wp\/v2\/comments?post=29524"}],"version-history":[{"count":0,"href":"https:\/\/www.cnbb.org.br\/cnbb-app\/wp\/v2\/posts\/29524\/revisions"}],"wp:featuredmedia":[{"embeddable":true,"href":"https:\/\/www.cnbb.org.br\/cnbb-app\/wp\/v2\/media\/29525"}],"wp:attachment":[{"href":"https:\/\/www.cnbb.org.br\/cnbb-app\/wp\/v2\/media?parent=29524"}],"wp:term":[{"taxonomy":"category","embeddable":true,"href":"https:\/\/www.cnbb.org.br\/cnbb-app\/wp\/v2\/categories?post=29524"},{"taxonomy":"post_tag","embeddable":true,"href":"https:\/\/www.cnbb.org.br\/cnbb-app\/wp\/v2\/tags?post=29524"}],"curies":[{"name":"wp","href":"https:\/\/api.w.org\/{rel}","templated":true}]}}