{"id":29533,"date":"2014-11-20T00:00:00","date_gmt":"2014-11-20T02:00:00","guid":{"rendered":"https:\/\/www.cnbb.org.br\/cnbb-divulga-nota-pos-eleicoes\/"},"modified":"2020-03-11T17:10:17","modified_gmt":"2020-03-11T20:10:17","slug":"cnbb-divulga-nota-pos-eleicoes","status":"publish","type":"post","link":"https:\/\/www.cnbb.org.br\/cnbb-divulga-nota-pos-eleicoes\/","title":{"rendered":"CNBB divulga nota &#8220;Brasil p\u00f3s-elei\u00e7\u00f5es: compromissos e desafios&#8221;"},"content":{"rendered":"<p style=\"text-align: justify\"><span style=\"line-height: 1.3em\">A Presid\u00eancia da Confer\u00eancia Nacional dos Bispos do Brasil (CNBB) divulgou, hoje, \u00a020, a nota &#8220;<\/span><strong style=\"line-height: 1.3em\">Brasil p\u00f3s-elei\u00e7\u00f5es: compromissos e desafios&#8221;.\u00a0<\/strong><span style=\"line-height: 1.3em\">O texto foi aprovado pelo Conselho Episcopal Pastoral (Consep), reunido em Bras\u00edlia, nos dias 18 e 19 de novembro, e\u00a0<\/span><span style=\"line-height: 1.3em\">recorda aos escolhidos nas elei\u00e7\u00f5es de outubro &#8220;a\u00a0responsabilidade colocada sobre seus ombros de n\u00e3o frustrar as expectativas de quem os elegeu&#8221; e o &#8220;compromisso com a \u00e9tica, a verdade e a transpar\u00eancia no exerc\u00edcio de seu mandato, bem como o dever de servir a todo o povo brasileiro&#8221;.\u00a0Os bispos reafirmam a import\u00e2ncia da participa\u00e7\u00e3o da Igreja na Pol\u00edtica\u00a0<\/span><span style=\"line-height: 1.3em\">como aux\u00edlio na constru\u00e7\u00e3o de &#8220;uma sociedade justa e fraterna&#8221;. Neste sentido, a nota tamb\u00e9m destaca a urg\u00eancia da reforma pol\u00edtica, como arma contra a corrup\u00e7\u00e3o.<\/span><\/p>\n<p style=\"text-align: justify\">Leia o texto na \u00edntegra:<\/p>\n<p>  <!--more-->  <\/p>\n<p style=\"text-align: right\" align=\"right\">Bras\u00edlia, 19 de novembro de 2014<\/p>\n<p style=\"text-align: right\" align=\"right\">P. N. 0914\/14<\/p>\n<p style=\"text-align: center\" align=\"center\"><strong>Brasil p\u00f3s-elei\u00e7\u00f5es: compromissos e desafios<\/strong><\/p>\n<p style=\"text-align: justify\">O Conselho Episcopal Pastoral da Confer\u00eancia Nacional dos Bispos do Brasil-CNBB, reunido em Bras\u00edlia nos dias 18 e 19 de novembro de 2014, sa\u00fada a na\u00e7\u00e3o brasileira pela democracia e cidadania vivenciadas nas elei\u00e7\u00f5es de outubro deste ano. Cumprimenta a todos que participaram do processo eleitoral e os eleitos. Recorda-lhes a responsabilidade colocada sobre seus ombros de n\u00e3o frustrar as expectativas de quem os elegeu e seu compromisso com a \u00e9tica, a verdade e a transpar\u00eancia no exerc\u00edcio de seu mandato, bem como o dever de servir a todo o povo brasileiro.<\/p>\n<p style=\"text-align: justify\">A campanha eleitoral deste ano ratificou o processo democr\u00e1tico brasileiro no qual partidos, candidatos e eleitores puderam debater suas ideias e projetos. Tornou mais vis\u00edveis, no entanto, graves fragilidades de nosso sistema pol\u00edtico: \u00a0sua submiss\u00e3o ao poder econ\u00f4mico financiador das campanhas; o descompromisso de partidos e candidatos com programas, favorecendo debates com ataques pessoais; a preval\u00eancia da imagem dos candidatos produzida pelos marqueteiros; o desrespeito, em alguns casos, \u00e0s leis que combatem a corrup\u00e7\u00e3o eleitoral.<\/p>\n<p style=\"text-align: justify\">Passadas as elei\u00e7\u00f5es, urge ao Pa\u00eds recompor sua unidade no respeito \u00e0s diferen\u00e7as e \u00e0 pluralidade, pr\u00f3prias da democracia. Nada justifica a dissemina\u00e7\u00e3o de uma divis\u00e3o ou de \u00f3dio que dep\u00f5e contra a busca do bem comum, finalidade principal da Pol\u00edtica. O bem de todos coloca a pessoa humana e sua dignidade acima de ideologias e partidos.<\/p>\n<p style=\"text-align: justify\">A constru\u00e7\u00e3o do bem comum desafia, especialmente, os eleitos em outubro deste ano. A corrup\u00e7\u00e3o na Petrobras refor\u00e7a a sensa\u00e7\u00e3o de que \u00e9 um mal que n\u00e3o tem fim. Vemos aqui, claramente, as consequ\u00eancias do financiamento de campanhas por empresas, porta e janela de entrada da corrup\u00e7\u00e3o. Nenhum pa\u00eds prospera com corrup\u00e7\u00e3o que, no caso do Brasil, lamentavelmente j\u00e1 vem de muitos anos e n\u00e3o se limita \u00e0 Petrobras.<\/p>\n<p style=\"text-align: justify\">A reforma pol\u00edtica \u00e9 outra urg\u00eancia inadi\u00e1vel. Convicta disso, a CNBB se empenhar\u00e1 ainda mais na coleta de assinaturas para o Projeto de Lei de Iniciativa Popular proposto pela Coaliz\u00e3o pela Reforma Pol\u00edtica Democr\u00e1tica e Elei\u00e7\u00f5es Limpas. \u00c0 reforma pol\u00edtica, entretanto, \u00e9 necess\u00e1rio unir outras reformas igualmente urgentes como a tribut\u00e1ria e a agr\u00e1ria. O Brasil n\u00e3o pode mais conviver com tanta omiss\u00e3o em rela\u00e7\u00e3o a estas e outras mat\u00e9rias que lhe s\u00e3o vitais.<\/p>\n<p style=\"text-align: justify\">\u201cA pol\u00edtica, t\u00e3o desacreditada, \u00e9 uma sublime voca\u00e7\u00e3o, \u00e9 uma das formas mais preciosas da caridade, porque busca o bem comum\u201d (Papa Francisco. <em>Evangelii Gaudium<\/em>, n.205). Nesse esp\u00edrito, a CNBB reafirma que a sua participa\u00e7\u00e3o na vida Pol\u00edtica \u00e9 t\u00e3o importante quanto necess\u00e1ria para ajudar na constru\u00e7\u00e3o de uma sociedade justa e fraterna. Afinal, \u201cningu\u00e9m pode exigir-nos que releguemos a religi\u00e3o para a intimidade secreta das pessoas, sem qualquer influ\u00eancia na vida social e nacional, sem nos preocupar com a sa\u00fade das institui\u00e7\u00f5es da sociedade civil, sem nos pronunciar sobre os acontecimentos que interessam aos cidad\u00e3os. Uma f\u00e9 aut\u00eantica \u2013 que nunca \u00e9 c\u00f4moda nem individualista \u2013 comporta sempre um profundo desejo de mudar o mundo, transmitir valores, deixar a terra um pouco melhor depois da nossa passagem por ela\u201d (Papa Francisco. <em>Evangelii Gaudium<\/em>, n.183).<\/p>\n<p style=\"text-align: justify\">Nossa Senhora Aparecida aben\u00e7oe o Brasil e os que foram eleitos a fim de que sejam fieis ao seu compromisso com o bem comum.<\/p>\n<p style=\"text-align: justify\">\u00a0<\/p>\n<p style=\"text-align: justify\">\u00a0<\/p>\n<p style=\"text-align: justify\">\u00a0<\/p>\n<p style=\"text-align: justify\">\u00a0<\/p>\n<table border=\"0\" cellspacing=\"0\" cellpadding=\"0\">\n<tbody>\n<tr>\n<td valign=\"top\" width=\"307\">\n<p align=\"center\">\u00a0<\/p>\n<p align=\"center\">Cardeal Raymundo Damasceno Assis<\/p>\n<p align=\"center\">Arcebispo de Aparecida<\/p>\n<p align=\"center\">Presidente da CNBB<\/p>\n<\/td>\n<td valign=\"top\" width=\"307\">\n<p align=\"center\">\u00a0<\/p>\n<p align=\"center\">Dom Jos\u00e9 Belis\u00e1rio da Silva, OFM<\/p>\n<p align=\"center\">Arcebispo de S\u00e3o Lu\u00eds do Maranh\u00e3o<\/p>\n<p align=\"center\">Vice Presidente da CNBB<\/p>\n<\/td>\n<\/tr>\n<tr>\n<td colspan=\"2\" valign=\"top\" width=\"614\">\n<p>\u00a0\u00a0\u00a0\u00a0\u00a0\u00a0\u00a0\u00a0\u00a0\u00a0\u00a0\u00a0\u00a0\u00a0\u00a0\u00a0\u00a0\u00a0\u00a0\u00a0\u00a0\u00a0\u00a0\u00a0\u00a0\u00a0\u00a0\u00a0\u00a0\u00a0\u00a0\u00a0\u00a0\u00a0\u00a0\u00a0\u00a0\u00a0\u00a0\u00a0\u00a0\u00a0\u00a0\u00a0\u00a0\u00a0\u00a0\u00a0\u00a0\u00a0\u00a0\u00a0\u00a0\u00a0\u00a0\u00a0\u00a0\u00a0\u00a0\u00a0\u00a0\u00a0 Dom Leonardo Ulrich Steiner<\/p>\n<p align=\"center\">Bispo Auxiliar de Bras\u00edlia<\/p>\n<p align=\"center\">Secret\u00e1rio Geral da CNBB<\/p>\n<\/td>\n<\/tr>\n<\/tbody>\n<\/table>\n<p style=\"text-align: justify\">\u00a0<\/p>\n<p>\u00a0<\/p>\n<p>\u00a0<\/p>\n<p>\u00a0<\/p>\n","protected":false},"excerpt":{"rendered":"<p>A Presid\u00eancia da Confer\u00eancia Nacional dos Bispos do Brasil (CNBB) divulgou, hoje, \u00a020, a nota &#8220;Brasil p\u00f3s-elei\u00e7\u00f5es: compromissos e desafios&#8221;.\u00a0O texto foi aprovado pelo Conselho Episcopal Pastoral (Consep), reunido em Bras\u00edlia, nos dias 18 e 19 de novembro, e\u00a0recorda aos escolhidos nas elei\u00e7\u00f5es de outubro &#8220;a\u00a0responsabilidade colocada sobre seus ombros de n\u00e3o frustrar as expectativas &hellip;<\/p>\n<p class=\"read-more\"> <a class=\"\" href=\"https:\/\/www.cnbb.org.br\/cnbb-divulga-nota-pos-eleicoes\/\"> <span class=\"screen-reader-text\">CNBB divulga nota &#8220;Brasil p\u00f3s-elei\u00e7\u00f5es: compromissos e desafios&#8221;<\/span> Leia mais &raquo;<\/a><\/p>\n","protected":false},"author":83,"featured_media":29534,"comment_status":"open","ping_status":"open","sticky":false,"template":"","format":"standard","meta":{"site-sidebar-layout":"default","site-content-layout":"default","ast-global-header-display":"","ast-banner-title-visibility":"","ast-main-header-display":"","ast-hfb-above-header-display":"","ast-hfb-below-header-display":"","ast-hfb-mobile-header-display":"","site-post-title":"","ast-breadcrumbs-content":"","ast-featured-img":"","footer-sml-layout":"","theme-transparent-header-meta":"","adv-header-id-meta":"","stick-header-meta":"","header-above-stick-meta":"","header-main-stick-meta":"","header-below-stick-meta":""},"categories":[1],"tags":[],"acf":[],"_links":{"self":[{"href":"https:\/\/www.cnbb.org.br\/cnbb-app\/wp\/v2\/posts\/29533"}],"collection":[{"href":"https:\/\/www.cnbb.org.br\/cnbb-app\/wp\/v2\/posts"}],"about":[{"href":"https:\/\/www.cnbb.org.br\/cnbb-app\/wp\/v2\/types\/post"}],"author":[{"embeddable":true,"href":"https:\/\/www.cnbb.org.br\/cnbb-app\/wp\/v2\/users\/83"}],"replies":[{"embeddable":true,"href":"https:\/\/www.cnbb.org.br\/cnbb-app\/wp\/v2\/comments?post=29533"}],"version-history":[{"count":0,"href":"https:\/\/www.cnbb.org.br\/cnbb-app\/wp\/v2\/posts\/29533\/revisions"}],"wp:featuredmedia":[{"embeddable":true,"href":"https:\/\/www.cnbb.org.br\/cnbb-app\/wp\/v2\/media\/29534"}],"wp:attachment":[{"href":"https:\/\/www.cnbb.org.br\/cnbb-app\/wp\/v2\/media?parent=29533"}],"wp:term":[{"taxonomy":"category","embeddable":true,"href":"https:\/\/www.cnbb.org.br\/cnbb-app\/wp\/v2\/categories?post=29533"},{"taxonomy":"post_tag","embeddable":true,"href":"https:\/\/www.cnbb.org.br\/cnbb-app\/wp\/v2\/tags?post=29533"}],"curies":[{"name":"wp","href":"https:\/\/api.w.org\/{rel}","templated":true}]}}