{"id":29609,"date":"2016-09-09T00:00:00","date_gmt":"2016-09-09T03:00:00","guid":{"rendered":"https:\/\/www.cnbb.org.br\/umuarama-sedia-seminario-de-mudancas-climaticas-e-justica-social\/"},"modified":"2020-03-11T17:10:07","modified_gmt":"2020-03-11T20:10:07","slug":"umuarama-sedia-seminario-de-mudancas-climaticas-e-justica-social","status":"publish","type":"post","link":"https:\/\/www.cnbb.org.br\/umuarama-sedia-seminario-de-mudancas-climaticas-e-justica-social\/","title":{"rendered":"Umuarama sedia Semin\u00e1rio de Mudan\u00e7as Clim\u00e1ticas e Justi\u00e7a Social"},"content":{"rendered":"<p style=\"text-align: justify\">Entre as propostas do evento est\u00e3o vig\u00edlia ecum\u00eanica, grupos de articula\u00e7\u00e3o e cria\u00e7\u00e3o de F\u00f3rum Regional Clim\u00e1tico<\/p>\n<p><!--more--><\/p>\n<p style=\"text-align: justify\">A cidade de Umuarama, no Paran\u00e1, sediou no \u00faltimo fim de semana, o Semin\u00e1rio de Mudan\u00e7as Clim\u00e1ticas e Justi\u00e7a Social, na\u00a0par\u00f3quia Catedral do Divino Esp\u00edrito Santo. Dezenas de pessoas, incluindo ambientalistas, cientistas, agentes de pastoral, participaram dos dois dias do evento.<\/p>\n<p style=\"text-align: justify\">Na ocasi\u00e3o foram feitos debates a fim de trazer solu\u00e7\u00f5es pr\u00e1ticas para a preserva\u00e7\u00e3o do meio ambiente em toda cidade e regi\u00e3o. De acordo com os participantes, o primeiro encaminhamento a ser seguido no pr\u00f3ximo ano \u00e9 a realiza\u00e7\u00e3o de uma vig\u00edlia ecum\u00eanica pelos impactados clim\u00e1ticos. \u00a0\u201cVamos orar com essas pessoas e por essas pessoas. Al\u00e9m disso, todos vamos nos engajar e promover isso juntos\u201d, explicou Nicole Figueiredo de Oliveira, coordenadora da 350.org na Am\u00e9rica Latina.<\/p>\n<p style=\"text-align: justify\">Os outros dois encaminhamentos feitos durante o semin\u00e1rio foram a cria\u00e7\u00e3o de grupos de articula\u00e7\u00e3o e forma\u00e7\u00e3o, que objetivam tencionar o poder p\u00fablico para que aprovem a proibi\u00e7\u00e3o da aplica\u00e7\u00e3o do fracking em toda regi\u00e3o (Umuarama j\u00e1 est\u00e1 aprovada a proibi\u00e7\u00e3o) e a cria\u00e7\u00e3o de um F\u00f3rum Regional Clim\u00e1tico para discutir e implementar pr\u00e1ticas de energias limpas.<\/p>\n<p style=\"text-align: justify\">Para o bispo de Umuarama, dom Jo\u00e3o Mamede, toda a sociedade tem o dever de zelar pelo meio ambiente. \u201cO papa Francisco nos deixa uma mensagem muito bonita, por\u00e9m em tom de alerta na enc\u00edclica\u00a0<em>Laudato Si<\/em>\u00a0(Louvado Seja). Francisco nos convida a uma convers\u00e3o ecol\u00f3gica, ou seja, \u00e9 dever de todo crist\u00e3o, de todo cat\u00f3lico, zelar pela casa comum, que \u00e9 o nosso planeta. No Brasil, a Campanha da Fraternidade da CNBB &#8211; do ano que vem &#8211; tamb\u00e9m vai discutir a quest\u00e3o ambiental, ent\u00e3o todos os nossos diocesanos e todo nosso povo \u00e9 chamado a ouvir e agir em face das mudan\u00e7as clim\u00e1ticas\u201d, ressaltou.<\/p>\n<p style=\"text-align: justify\">O professor Ivo Poletto, assessor nacional do F\u00f3rum de Mudan\u00e7as Clim\u00e1ticas e Justi\u00e7a Social, destacou a tomada de consci\u00eancia por meio do debate sobre o Meio Ambiente. \u201cEu pude sentir como cresceu a consci\u00eancia das pessoas em rela\u00e7\u00e3o ao fracking, mas, al\u00e9m disso, nesse fim de semana n\u00f3s trabalhamos uma vis\u00e3o mais ampla, tentando compreender melhor tudo o que est\u00e1 acontecendo no nosso planeta, sobretudo o uso de combust\u00edveis f\u00f3sseis para produzir energia. E o semin\u00e1rio nos desafia a mudar nosso jeito de agir e o nosso jeito de ser\u201d, salientou.\u00a0<img decoding=\"async\" loading=\"lazy\" class=\" alignright size-full wp-image-30452\" style=\"float: right\" src=\"https:\/\/www.cnbb.org.br\/wp-content\/uploads\/2020\/03\/frack.jpg\" alt=\"\" width=\"239\" height=\"159\" \/><\/p>\n<p style=\"text-align: justify\">O presidente da C\u00e1ritas Paran\u00e1, Reginaldo Urbano Argentino, que \u00e9 membro da diocese de Umuarama e organizador do evento, falou sobre a intera\u00e7\u00e3o dos diferentes saberes durante o semin\u00e1rio. \u201cTemos professores, ambientalistas, agentes de pastorais, religiosos, enfim, todas as pessoas envolvidas na quest\u00e3o ambiental e, portanto, quero agradecer a disponibilidade e a preocupa\u00e7\u00e3o que demonstraram. Agora precisamos dar andamento nas quest\u00f5es pr\u00e1ticas\u201d,\u00a0disse.<\/p>\n<p style=\"text-align: justify\">Outro palestrante do evento foi o fundador da Coesus \u2013 Coaliza\u00e7\u00e3o N\u00e3o Fracking Brasil, o engenheiro Juliano Bueno de Ara\u00fajo, que falou da import\u00e2ncia da atua\u00e7\u00e3o da Igreja Cat\u00f3lica no fomento ao debate acerca das mudan\u00e7as clim\u00e1ticas. \u201cEstar aqui com o povo de Deus \u00e9 uma alegria, pois estamos todos com o sentimento de cuidado com a casa comum e com a necessidade deste di\u00e1logo. Todos precisam fazer a\u00e7\u00f5es individuais, a\u00e7\u00f5es coletivas, para que possamos estabelecer a condi\u00e7\u00e3o da vida como ponto principal. Nosso Senhor Jesus j\u00e1 h\u00e1 dois mil anos nos disse: \u00e9 a necessidade do caminhar e de agir\u201d, disse.<\/p>\n<h4 style=\"text-align: justify\">Com informa\u00e7\u00f5es e fotos da diocese de Umuarama<\/h4>\n","protected":false},"excerpt":{"rendered":"<p>Entre as propostas do evento est\u00e3o vig\u00edlia ecum\u00eanica, grupos de articula\u00e7\u00e3o e cria\u00e7\u00e3o de F\u00f3rum Regional Clim\u00e1tico<\/p>\n","protected":false},"author":83,"featured_media":29610,"comment_status":"open","ping_status":"open","sticky":false,"template":"","format":"standard","meta":{"site-sidebar-layout":"default","site-content-layout":"default","ast-global-header-display":"","ast-banner-title-visibility":"","ast-main-header-display":"","ast-hfb-above-header-display":"","ast-hfb-below-header-display":"","ast-hfb-mobile-header-display":"","site-post-title":"","ast-breadcrumbs-content":"","ast-featured-img":"","footer-sml-layout":"","theme-transparent-header-meta":"","adv-header-id-meta":"","stick-header-meta":"","header-above-stick-meta":"","header-main-stick-meta":"","header-below-stick-meta":""},"categories":[1],"tags":[],"acf":[],"_links":{"self":[{"href":"https:\/\/www.cnbb.org.br\/cnbb-app\/wp\/v2\/posts\/29609"}],"collection":[{"href":"https:\/\/www.cnbb.org.br\/cnbb-app\/wp\/v2\/posts"}],"about":[{"href":"https:\/\/www.cnbb.org.br\/cnbb-app\/wp\/v2\/types\/post"}],"author":[{"embeddable":true,"href":"https:\/\/www.cnbb.org.br\/cnbb-app\/wp\/v2\/users\/83"}],"replies":[{"embeddable":true,"href":"https:\/\/www.cnbb.org.br\/cnbb-app\/wp\/v2\/comments?post=29609"}],"version-history":[{"count":0,"href":"https:\/\/www.cnbb.org.br\/cnbb-app\/wp\/v2\/posts\/29609\/revisions"}],"wp:featuredmedia":[{"embeddable":true,"href":"https:\/\/www.cnbb.org.br\/cnbb-app\/wp\/v2\/media\/29610"}],"wp:attachment":[{"href":"https:\/\/www.cnbb.org.br\/cnbb-app\/wp\/v2\/media?parent=29609"}],"wp:term":[{"taxonomy":"category","embeddable":true,"href":"https:\/\/www.cnbb.org.br\/cnbb-app\/wp\/v2\/categories?post=29609"},{"taxonomy":"post_tag","embeddable":true,"href":"https:\/\/www.cnbb.org.br\/cnbb-app\/wp\/v2\/tags?post=29609"}],"curies":[{"name":"wp","href":"https:\/\/api.w.org\/{rel}","templated":true}]}}