{"id":29624,"date":"2017-01-04T00:00:00","date_gmt":"2017-01-04T02:00:00","guid":{"rendered":"https:\/\/www.cnbb.org.br\/papa-pede-que-penitenciarias-sejam-locais-de-reeducacao-e-reinsercao-social\/"},"modified":"2020-03-11T17:10:05","modified_gmt":"2020-03-11T20:10:05","slug":"papa-pede-que-penitenciarias-sejam-locais-de-reeducacao-e-reinsercao-social","status":"publish","type":"post","link":"https:\/\/www.cnbb.org.br\/papa-pede-que-penitenciarias-sejam-locais-de-reeducacao-e-reinsercao-social\/","title":{"rendered":"Papa pede que penitenci\u00e1rias sejam locais de reeduca\u00e7\u00e3o e reinser\u00e7\u00e3o social"},"content":{"rendered":"<p style=\"text-align: justify\">Na audi\u00eancia geral desta quarta-feira, Francisco lembra de rebeli\u00e3o ocorrida em Manaus<\/p>\n<p><!--more--><\/p>\n<p style=\"text-align: justify\">Ao final da audi\u00eancia geral desta quarta-feira, dia 04, o papa Francisco expressou dor e preocupa\u00e7\u00e3o diante das not\u00edcias que chegaram at\u00e9 ele sobre a rebeli\u00e3o ocorrida no Complexo Penitenci\u00e1rio An\u00edsio Jobim (Compaj), em Manaus (AM), no \u00faltimo domingo, dia 1\u00ba de janeiro, que causou ao menos 56 mortos. O pont\u00edfice fez um apelo para que as pris\u00f5es sejam lugares de reeduca\u00e7\u00e3o e reinser\u00e7\u00e3o social.<\/p>\n<p style=\"text-align: justify\">\u201cOntem, chegaram do Brasil not\u00edcias dram\u00e1ticas sobre o massacre ocorrido no c\u00e1rcere de Manaus, onde uma rebeli\u00e3o violenta entre fac\u00e7\u00f5es rivais causou dezenas de mortos. Expresso minha dor e preocupa\u00e7\u00e3o por esse acontecimento\u201d, disse o papa.<\/p>\n<p style=\"text-align: justify\">Francisco convidou os participantes da audi\u00eancia a rezarem pelos defuntos e seus familiares, por todos os detentos desse c\u00e1rcere e por aqueles que trabalham ali. \u201cRenovo o apelo para que as pris\u00f5es sejam lugares de reeduca\u00e7\u00e3o e reinser\u00e7\u00e3o social, e que as condi\u00e7\u00f5es de vida dos reclusos sejam dignas de pessoas humanas\u201d, pediu.<\/p>\n<p style=\"text-align: justify\">Ao final, convidou a todos a rezarem \u201cpelos detentos mortos e vivos, e tamb\u00e9m por todos os encarcerados do mundo para que as pris\u00f5es sejam para reinserir e n\u00e3o sejam superlotadas, para que sejam lugares de reinser\u00e7\u00e3o\u201d. Logo ap\u00f3s, iniciou uma Ave-Maria pelos detentos.<\/p>\n<p style=\"text-align: justify\">Com informa\u00e7\u00f5es da R\u00e1dio Vaticano.<\/p>\n<h5 style=\"text-align: justify\">Fotos: AP e reprodu\u00e7\u00e3o CTV<\/h5>\n<p>&nbsp;<\/p>\n","protected":false},"excerpt":{"rendered":"<p>Na audi\u00eancia geral desta quarta-feira, Francisco lembra de rebeli\u00e3o ocorrida em Manaus<\/p>\n","protected":false},"author":83,"featured_media":29625,"comment_status":"open","ping_status":"open","sticky":false,"template":"","format":"standard","meta":{"site-sidebar-layout":"default","site-content-layout":"default","ast-global-header-display":"","ast-banner-title-visibility":"","ast-main-header-display":"","ast-hfb-above-header-display":"","ast-hfb-below-header-display":"","ast-hfb-mobile-header-display":"","site-post-title":"","ast-breadcrumbs-content":"","ast-featured-img":"","footer-sml-layout":"","theme-transparent-header-meta":"","adv-header-id-meta":"","stick-header-meta":"","header-above-stick-meta":"","header-main-stick-meta":"","header-below-stick-meta":""},"categories":[1],"tags":[],"acf":[],"_links":{"self":[{"href":"https:\/\/www.cnbb.org.br\/cnbb-app\/wp\/v2\/posts\/29624"}],"collection":[{"href":"https:\/\/www.cnbb.org.br\/cnbb-app\/wp\/v2\/posts"}],"about":[{"href":"https:\/\/www.cnbb.org.br\/cnbb-app\/wp\/v2\/types\/post"}],"author":[{"embeddable":true,"href":"https:\/\/www.cnbb.org.br\/cnbb-app\/wp\/v2\/users\/83"}],"replies":[{"embeddable":true,"href":"https:\/\/www.cnbb.org.br\/cnbb-app\/wp\/v2\/comments?post=29624"}],"version-history":[{"count":0,"href":"https:\/\/www.cnbb.org.br\/cnbb-app\/wp\/v2\/posts\/29624\/revisions"}],"wp:featuredmedia":[{"embeddable":true,"href":"https:\/\/www.cnbb.org.br\/cnbb-app\/wp\/v2\/media\/29625"}],"wp:attachment":[{"href":"https:\/\/www.cnbb.org.br\/cnbb-app\/wp\/v2\/media?parent=29624"}],"wp:term":[{"taxonomy":"category","embeddable":true,"href":"https:\/\/www.cnbb.org.br\/cnbb-app\/wp\/v2\/categories?post=29624"},{"taxonomy":"post_tag","embeddable":true,"href":"https:\/\/www.cnbb.org.br\/cnbb-app\/wp\/v2\/tags?post=29624"}],"curies":[{"name":"wp","href":"https:\/\/api.w.org\/{rel}","templated":true}]}}