{"id":29630,"date":"2017-03-29T00:00:00","date_gmt":"2017-03-29T03:00:00","guid":{"rendered":"https:\/\/www.cnbb.org.br\/cbjp-convida-membros-para-insercao-nos-debates-e-mobilizacoes-sobre-pec-287\/"},"modified":"2020-03-11T17:10:05","modified_gmt":"2020-03-11T20:10:05","slug":"cbjp-convida-membros-para-insercao-nos-debates-e-mobilizacoes-sobre-pec-287","status":"publish","type":"post","link":"https:\/\/www.cnbb.org.br\/cbjp-convida-membros-para-insercao-nos-debates-e-mobilizacoes-sobre-pec-287\/","title":{"rendered":"CBJP convida membros para inser\u00e7\u00e3o nos debates e mobiliza\u00e7\u00f5es sobre PEC 287"},"content":{"rendered":"<p style=\"text-align: justify\">Iniciativa \u00e9 uma forma de atender convoca\u00e7\u00e3o dos bispos sobre a Reforma da Previd\u00eancia<\/p>\n<p><!--more--><\/p>\n<p style=\"text-align: justify\">O secret\u00e1rio executivo da Comiss\u00e3o Brasileira de Justi\u00e7a e Paz (CBJP), Carlos Alves Moura, assinou carta-aberta do organismo lembrando a convoca\u00e7\u00e3o dos bispos contida na nota sobre a Reforma da Previd\u00eancia, divulgada no \u00faltimo dia 23. \u201cO chamamento feito pelos nossos pastores, impele as comiss\u00f5es justi\u00e7a e paz a procurar formas e meios para atender ao chamado de nossos bispos\u201d.<\/p>\n<p style=\"text-align: justify\">Como sugest\u00e3o de envolvimento das comiss\u00f5es diocesanas, Moura indica a inser\u00e7\u00e3o nos debates e mobiliza\u00e7\u00f5es nas regi\u00f5es do Brasil, a identifica\u00e7\u00e3o dos deputados que atuam nas dioceses e arquidioceses, de modo a n\u00e3o aprovarem a Proposta de Emenda \u00e0 Constitui\u00e7\u00e3o (PEC) 287\/2016 \u201cpelos graves riscos nela embutidos \u00e0 Seguran\u00e7a Social, especialmente aos mais vulner\u00e1veis\u201d.<\/p>\n<p style=\"text-align: justify\">O secret\u00e1rio executivo do organismo, que \u00e9 vinculado \u00e0 Confer\u00eancia Nacional dos Bispos do Brasil (CNBB), tamb\u00e9m lembrou da aprova\u00e7\u00e3o do projeto de lei que trata da terceiriza\u00e7\u00e3o em todas as atividades de uma empresa, \u201ccom impactos negativos sobre a Previd\u00eancia Social, ampliando a precariza\u00e7\u00e3o do mercado de trabalho, favorecendo o crescimento do n\u00famero de trabalhadores que n\u00e3o contribuem regulamente com a Previd\u00eancia\u201d.<\/p>\n<p style=\"text-align: justify\">No texto, aprovado pelo Conselho Permanente da CNBB, dispon\u00edvel aqui, os bispos elencam alguns pontos da proposta, considerando que a mesma \u201cescolhe o caminho da exclus\u00e3o social\u201d e convocam os crist\u00e3os e pessoas de boa vontade \u201ca se mobilizarem para buscar o melhor para o povo brasileiro, principalmente os mais fragilizados\u201d.<\/p>\n<p style=\"text-align: justify\">\n<p style=\"text-align: justify\"><a href=\"https:\/\/www.facebook.com\/notes\/cbjp-da-cnbb\/carta-circular-%C3%A0s-comiss%C3%B5es-justi%C3%A7a-e-paz\/1280188078738291\" target=\"_blank\" rel=\"noopener noreferrer\">Acesse o\u00a0texto na \u00edntegra.<\/a><\/p>\n<p>&nbsp;<\/p>\n","protected":false},"excerpt":{"rendered":"<p>Iniciativa \u00e9 uma forma de atender convoca\u00e7\u00e3o dos bispos sobre a Reforma da Previd\u00eancia<\/p>\n","protected":false},"author":83,"featured_media":19283,"comment_status":"open","ping_status":"open","sticky":false,"template":"","format":"standard","meta":{"site-sidebar-layout":"default","site-content-layout":"default","ast-global-header-display":"","ast-banner-title-visibility":"","ast-main-header-display":"","ast-hfb-above-header-display":"","ast-hfb-below-header-display":"","ast-hfb-mobile-header-display":"","site-post-title":"","ast-breadcrumbs-content":"","ast-featured-img":"","footer-sml-layout":"","theme-transparent-header-meta":"","adv-header-id-meta":"","stick-header-meta":"","header-above-stick-meta":"","header-main-stick-meta":"","header-below-stick-meta":""},"categories":[1],"tags":[],"acf":[],"_links":{"self":[{"href":"https:\/\/www.cnbb.org.br\/cnbb-app\/wp\/v2\/posts\/29630"}],"collection":[{"href":"https:\/\/www.cnbb.org.br\/cnbb-app\/wp\/v2\/posts"}],"about":[{"href":"https:\/\/www.cnbb.org.br\/cnbb-app\/wp\/v2\/types\/post"}],"author":[{"embeddable":true,"href":"https:\/\/www.cnbb.org.br\/cnbb-app\/wp\/v2\/users\/83"}],"replies":[{"embeddable":true,"href":"https:\/\/www.cnbb.org.br\/cnbb-app\/wp\/v2\/comments?post=29630"}],"version-history":[{"count":0,"href":"https:\/\/www.cnbb.org.br\/cnbb-app\/wp\/v2\/posts\/29630\/revisions"}],"wp:featuredmedia":[{"embeddable":true,"href":"https:\/\/www.cnbb.org.br\/cnbb-app\/wp\/v2\/media\/19283"}],"wp:attachment":[{"href":"https:\/\/www.cnbb.org.br\/cnbb-app\/wp\/v2\/media?parent=29630"}],"wp:term":[{"taxonomy":"category","embeddable":true,"href":"https:\/\/www.cnbb.org.br\/cnbb-app\/wp\/v2\/categories?post=29630"},{"taxonomy":"post_tag","embeddable":true,"href":"https:\/\/www.cnbb.org.br\/cnbb-app\/wp\/v2\/tags?post=29630"}],"curies":[{"name":"wp","href":"https:\/\/api.w.org\/{rel}","templated":true}]}}