{"id":29633,"date":"2018-04-11T00:00:00","date_gmt":"2018-04-11T03:00:00","guid":{"rendered":"https:\/\/www.cnbb.org.br\/meeting-points-aprofundam-assuntos-referentes-acao-da-igreja-no-brasil\/"},"modified":"2018-04-11T00:00:00","modified_gmt":"2018-04-11T03:00:00","slug":"meeting-points-aprofundam-assuntos-referentes-acao-da-igreja-no-brasil","status":"publish","type":"post","link":"https:\/\/www.cnbb.org.br\/meeting-points-aprofundam-assuntos-referentes-acao-da-igreja-no-brasil\/","title":{"rendered":"Meeting Points aprofundam assuntos referentes \u00e0 a\u00e7\u00e3o da Igreja no Brasil"},"content":{"rendered":"<p style=\"text-align: justify\">Uma modalidade a mais de rela\u00e7\u00e3o dos bispos com os jornalistas e m\u00eddias que cobrem a 56\u00aa Assembleia Geral da CNBB foi proposta pela assessoria de imprensa da entidade com o objetivo de aprofundar assuntos referentes \u00e0 a\u00e7\u00e3o da Igreja no Brasil que n\u00e3o necessariamente est\u00e3o na pauta e que n\u00e3o ser\u00e3o abordados nas Coletivas de Imprensa. \u00c9 o famoso \u201cMeeting Point\u201d.<\/p>\n<p style=\"text-align: justify\">O assessor de imprensa da CNBB, padre Rafael Vieira, explica que esta \u00e9 uma oportunidade de dar visibilidade aos bispos e realidades mais distantes das pautas jornal\u00edsticas. \u201cNeste ano, a assessoria convidou bispos das mais diversas localidades e realidades para darem seus depoimentos e falarem sobre assuntos em voga\u201d, disse.<\/p>\n<p style=\"text-align: justify\">A proposta \u00e9 que os \u201cmeeting points\u201d aconte\u00e7am em cinco dias da 56\u00aa Assembleia Geral da CNBB. O primeiro deles j\u00e1 acontece amanh\u00e3, dia 12 de abril, \u00e0s 9h, com o tema \u201cExperi\u00eancias Mission\u00e1rias da Igreja no Brasil\u201d. O convidado \u00e9 o bispo de Est\u00e2ncia, dom\u00a0Giovanni Crippa, que atender\u00e1 \u00e0 imprensa na sala de coletiva da 56\u00aa Assembleia Geral.<\/p>\n<p style=\"text-align: justify\">O portal A12 (<a href=\"http:\/\/www.a12.com\" target=\"_blank\" rel=\"noopener\">http:\/\/www.a12.com<\/a>) transmitir\u00e1, ao vivo, os meeting points. Desta forma, al\u00e9m dos jornalistas que est\u00e3o cobrindo presencialmente o evento, outros jornalistas e o p\u00fabico em geral poder\u00e3o acessar remotamente os conte\u00fados da assembleia.<\/p>\n<p style=\"text-align: justify\">Confira, abaixo, a programa\u00e7\u00e3o completa dos meeting points:<\/p>\n<p style=\"text-align: center\"><strong>\u201cMEETING\u00a0POINTS\u201d<br \/>\n<\/strong>LOCAL: Sala de Coletiva da 56\u00aa Assembleia Geral<br \/>\nHor\u00e1rio: 9h<\/p>\n<p style=\"text-align: justify\"><strong><br \/>\nData: 12 de abril<br \/>\n<\/strong>Tema:\u00a0<em>Experi\u00eancias Mission\u00e1rias da Igreja no Brasil<br \/>\n<\/em>Bispo: Dom Giovanni Crippa, bispo de Est\u00e2ncia (SE)<\/p>\n<p style=\"text-align: justify\"><strong>Data: 13 de abril<br \/>\n<\/strong>Tema:\u00a0<em>A viv\u00eancia do Laicato na Igreja no Brasil<br \/>\n<\/em>Bispo: Dom Severino Clasen, bispo de Ca\u00e7ador (SC) e presidente da Comiss\u00e3o Episcopal Pastoral para o Laicato<\/p>\n<p style=\"text-align: justify\"><strong>Data: 16 de abril<br \/>\n<\/strong>Tema:\u00a0<em>A experi\u00eancia da Igreja local nos extremos do pa\u00eds<br \/>\n<\/em>Bispos: Dom Pedro Jos\u00e9 Conti \u2013 bispo de Macap\u00e1 (AP)\u00a0\u00a0e Dom Ricardo Hoepers \u2013 bispo de Rio Grande (RS)<\/p>\n<p style=\"text-align: justify\"><strong>Data: 17 de abril<br \/>\n<\/strong>Tema:\u00a0<em>A atua\u00e7\u00e3o da Igreja no Brasil sobre a situa\u00e7\u00e3o dos imigrantes venezuelanos<br \/>\n<\/em>Bispo: Dom M\u00e1rio Ant\u00f4nio, bispo de Boa Vista (RR)<\/p>\n<p><strong>Data: 18 de abril<br \/>\n<\/strong>Tema:\u00a0<em>O desafio de atua\u00e7\u00e3o da Igreja nos grandes centros urbanos<br \/>\n<\/em>Bispo: Dom Walmor Oliveira \u2013 arcebispo de Belo Horizonte (MG)<\/p>\n<p>&nbsp;<\/p>\n","protected":false},"excerpt":{"rendered":"<p>A proposta \u00e9 que os \u201cmeeting points\u201d aconte\u00e7am em cinco dias da 56\u00aa Assembleia Geral da CNBB. O primeiro j\u00e1 acontece amanh\u00e3, 12<\/p>\n","protected":false},"author":83,"featured_media":20894,"comment_status":"closed","ping_status":"open","sticky":false,"template":"","format":"standard","meta":{"site-sidebar-layout":"default","site-content-layout":"default","ast-global-header-display":"","ast-banner-title-visibility":"","ast-main-header-display":"","ast-hfb-above-header-display":"","ast-hfb-below-header-display":"","ast-hfb-mobile-header-display":"","site-post-title":"","ast-breadcrumbs-content":"","ast-featured-img":"","footer-sml-layout":"","theme-transparent-header-meta":"","adv-header-id-meta":"","stick-header-meta":"","header-above-stick-meta":"","header-main-stick-meta":"","header-below-stick-meta":""},"categories":[879,745,744],"tags":[],"acf":[],"_links":{"self":[{"href":"https:\/\/www.cnbb.org.br\/cnbb-app\/wp\/v2\/posts\/29633"}],"collection":[{"href":"https:\/\/www.cnbb.org.br\/cnbb-app\/wp\/v2\/posts"}],"about":[{"href":"https:\/\/www.cnbb.org.br\/cnbb-app\/wp\/v2\/types\/post"}],"author":[{"embeddable":true,"href":"https:\/\/www.cnbb.org.br\/cnbb-app\/wp\/v2\/users\/83"}],"replies":[{"embeddable":true,"href":"https:\/\/www.cnbb.org.br\/cnbb-app\/wp\/v2\/comments?post=29633"}],"version-history":[{"count":0,"href":"https:\/\/www.cnbb.org.br\/cnbb-app\/wp\/v2\/posts\/29633\/revisions"}],"wp:featuredmedia":[{"embeddable":true,"href":"https:\/\/www.cnbb.org.br\/cnbb-app\/wp\/v2\/media\/20894"}],"wp:attachment":[{"href":"https:\/\/www.cnbb.org.br\/cnbb-app\/wp\/v2\/media?parent=29633"}],"wp:term":[{"taxonomy":"category","embeddable":true,"href":"https:\/\/www.cnbb.org.br\/cnbb-app\/wp\/v2\/categories?post=29633"},{"taxonomy":"post_tag","embeddable":true,"href":"https:\/\/www.cnbb.org.br\/cnbb-app\/wp\/v2\/tags?post=29633"}],"curies":[{"name":"wp","href":"https:\/\/api.w.org\/{rel}","templated":true}]}}