{"id":29636,"date":"2010-06-26T00:00:00","date_gmt":"2010-06-26T03:00:00","guid":{"rendered":"https:\/\/www.cnbb.org.br\/comissoes-justica-e-paz-relatam-suas-atividades-em-favor-da-paz-e-dos-direitos-humanos\/"},"modified":"2020-03-11T17:14:19","modified_gmt":"2020-03-11T20:14:19","slug":"comissoes-justica-e-paz-relatam-suas-atividades-em-favor-da-paz-e-dos-direitos-humanos","status":"publish","type":"post","link":"https:\/\/www.cnbb.org.br\/comissoes-justica-e-paz-relatam-suas-atividades-em-favor-da-paz-e-dos-direitos-humanos\/","title":{"rendered":"Comiss\u00f5es Justi\u00e7a e Paz relatam suas atividades em favor da paz e dos direitos humanos"},"content":{"rendered":"<p>&nbsp;<\/p>\n<p style=\"text-align: justify\">O 11\u00ba Encontro Nacional da Rede Brasileira de Comiss\u00f5es Justi\u00e7a e Paz come\u00e7ou nesta sexta-feira, 25, em Bras\u00edlia, com o relata das principais atividades realizadas pelas mais de 40 Comiss\u00f5es Justi\u00e7a e Paz existentes no pa\u00eds. O encontro \u00e9 promovido pela Comiss\u00e3o Brasileira Justi\u00e7a e Paz (CBJP), organismo da Confer\u00eancia Nacional dos Bispos do Brasil (CNBB).<\/p>\n<p><!--more--><\/p>\n<p style=\"text-align: justify\">\u201cEm Vit\u00f3ria (ES), nossa prioridade tem sido a forma\u00e7\u00e3o de um comit\u00ea estadual de forma\u00e7\u00e3o em direitos humanos\u201d, relatou o professor Luiz Ant\u00f4nio Daji\u00f3s, da Comiss\u00e3o de Vit\u00f3ria.<\/p>\n<p>Em Curitiba (PR), uma das atividades da Comiss\u00e3o \u00e9 em favor da crian\u00e7a e do adolescente em situa\u00e7\u00e3o de risco. \u201cAtuamos atrav\u00e9s do PPCAM que trabalha na identifica\u00e7\u00e3o de crian\u00e7a e adolescente em situa\u00e7\u00e3o cr\u00edtica como tr\u00e1fico de drogas. Nossa meta \u00e9 a reinser\u00e7\u00e3o deles na sociedade\u201d, explica o advogado e membro da Comiss\u00e3o Marino Galv\u00e3o.<\/p>\n<p><img decoding=\"async\" loading=\"lazy\" class=\" alignright size-full wp-image-5162\" style=\"float: right\" src=\"https:\/\/www.cnbb.org.br\/wp-content\/uploads\/2020\/03\/CBJP2.jpg\" alt=\"CBJP2\" width=\"290\" height=\"194\" \/>Atividade semelhante tem a Comiss\u00e3o Justi\u00e7a e Paz em Jacarepagu\u00e1, no Rio de Janeiro, que atua junto a crian\u00e7a e adolescente autor de ato infracional.<\/p>\n<p>Outra \u00e1rea em que muitas Comiss\u00f5es t\u00eam atuado \u00e9 junto aos encarcerados. Os relatos apresentados pelas Comiss\u00f5es mostram a precariedade dos pres\u00eddios e o desrespeito ao direito dos presos.<\/p>\n<p>\u201cNossa dificuldade em Humait\u00e1 \u00e9 com as dist\u00e2ncias. Nossa diocese tem apenas tr\u00eas munic\u00edpios, mas com uma extens\u00e3o maior que o estado de Santa Catarina, e s\u00f3 h\u00e1 pres\u00eddio em Humait\u00e1. Nos outros munic\u00edpios s\u00f3 existem delegacias\u201d, disse a irm\u00e3 Ivonete Aparecida Paes. Os tr\u00eas munic\u00edpios da diocese amazonense (Humait\u00e1, Apu\u00ed e Manicor\u00e9) possuem Comiss\u00e3o de Justi\u00e7a e Paz.<\/p>\n<p>O 11\u00ba Encontro das Comiss\u00f5es Justi\u00e7a e Paz segue at\u00e9 domingo. Al\u00e9m de planejar a a\u00e7\u00e3o da Rede Brasileira Justi\u00e7a e Paz e aprofundar a identidade e a miss\u00e3o das Comiss\u00f5es Justi\u00e7a e Paz existentes no pa\u00eds, o encontro vai debater tamb\u00e9m temas da atualidade como elei\u00e7\u00f5es, lei Ficha Limpa, an\u00e1lise de conjuntura.<\/p>\n","protected":false},"excerpt":{"rendered":"<p>&nbsp; O 11\u00ba Encontro Nacional da Rede Brasileira de Comiss\u00f5es Justi\u00e7a e Paz come\u00e7ou nesta sexta-feira, 25, em Bras\u00edlia, com o relata das principais atividades realizadas pelas mais de 40 Comiss\u00f5es Justi\u00e7a e Paz existentes no pa\u00eds. O encontro \u00e9 promovido pela Comiss\u00e3o Brasileira Justi\u00e7a e Paz (CBJP), organismo da Confer\u00eancia Nacional dos Bispos do &hellip;<\/p>\n<p class=\"read-more\"> <a class=\"\" href=\"https:\/\/www.cnbb.org.br\/comissoes-justica-e-paz-relatam-suas-atividades-em-favor-da-paz-e-dos-direitos-humanos\/\"> <span class=\"screen-reader-text\">Comiss\u00f5es Justi\u00e7a e Paz relatam suas atividades em favor da paz e dos direitos humanos<\/span> Leia mais &raquo;<\/a><\/p>\n","protected":false},"author":83,"featured_media":29637,"comment_status":"open","ping_status":"open","sticky":false,"template":"","format":"standard","meta":{"site-sidebar-layout":"default","site-content-layout":"default","ast-global-header-display":"","ast-banner-title-visibility":"","ast-main-header-display":"","ast-hfb-above-header-display":"","ast-hfb-below-header-display":"","ast-hfb-mobile-header-display":"","site-post-title":"","ast-breadcrumbs-content":"","ast-featured-img":"","footer-sml-layout":"","theme-transparent-header-meta":"","adv-header-id-meta":"","stick-header-meta":"","header-above-stick-meta":"","header-main-stick-meta":"","header-below-stick-meta":""},"categories":[1],"tags":[],"acf":[],"_links":{"self":[{"href":"https:\/\/www.cnbb.org.br\/cnbb-app\/wp\/v2\/posts\/29636"}],"collection":[{"href":"https:\/\/www.cnbb.org.br\/cnbb-app\/wp\/v2\/posts"}],"about":[{"href":"https:\/\/www.cnbb.org.br\/cnbb-app\/wp\/v2\/types\/post"}],"author":[{"embeddable":true,"href":"https:\/\/www.cnbb.org.br\/cnbb-app\/wp\/v2\/users\/83"}],"replies":[{"embeddable":true,"href":"https:\/\/www.cnbb.org.br\/cnbb-app\/wp\/v2\/comments?post=29636"}],"version-history":[{"count":0,"href":"https:\/\/www.cnbb.org.br\/cnbb-app\/wp\/v2\/posts\/29636\/revisions"}],"wp:featuredmedia":[{"embeddable":true,"href":"https:\/\/www.cnbb.org.br\/cnbb-app\/wp\/v2\/media\/29637"}],"wp:attachment":[{"href":"https:\/\/www.cnbb.org.br\/cnbb-app\/wp\/v2\/media?parent=29636"}],"wp:term":[{"taxonomy":"category","embeddable":true,"href":"https:\/\/www.cnbb.org.br\/cnbb-app\/wp\/v2\/categories?post=29636"},{"taxonomy":"post_tag","embeddable":true,"href":"https:\/\/www.cnbb.org.br\/cnbb-app\/wp\/v2\/tags?post=29636"}],"curies":[{"name":"wp","href":"https:\/\/api.w.org\/{rel}","templated":true}]}}