{"id":29684,"date":"2014-04-10T00:00:00","date_gmt":"2014-04-10T03:00:00","guid":{"rendered":"https:\/\/www.cnbb.org.br\/papa-afirma-que-trafico-humano-e-uma-chaga-na-humanidade\/"},"modified":"2020-03-11T21:35:53","modified_gmt":"2020-03-12T00:35:53","slug":"papa-afirma-que-trafico-humano-e-uma-chaga-na-humanidade","status":"publish","type":"post","link":"https:\/\/www.cnbb.org.br\/papa-afirma-que-trafico-humano-e-uma-chaga-na-humanidade\/","title":{"rendered":"Papa afirma que tr\u00e1fico humano \u00e9 uma chaga na humanidade"},"content":{"rendered":"<p style=\"text-align: justify\">O papa Francisco pronunciou hoje, 10, pela manh\u00e3, discurso durante a 2\u00aa Confer\u00eancia Internacional sobre Combate ao Tr\u00e1fico Humano. O evento, que teve in\u00edcio ontem, 9, no Vaticano, \u00e9 uma iniciativa da Confer\u00eancia Episcopal da Inglaterra e Gales, que tem a finalidade de construir uma rede de combate a este tipo de crime. Participaram do encontro cerca de 120 pessoas, entre autoridades policiais que atuam na luta contra o tr\u00e1fico humano, representantes da Igreja Cat\u00f3lica e trabalhadores humanit\u00e1rios.<\/p>\n<p><!--more--><\/p>\n<p style=\"text-align: justify\"><span style=\"line-height: 1.3em\">Em seu discurso, o papa Francisco afirmou que o tr\u00e1fico de seres humanos \u00e9 uma \u201cchaga no corpo da humanidade contempor\u00e2nea, uma ferida na carne de Cristo\u201d.<\/span><\/p>\n<p style=\"text-align: justify\">\u201cO fato de estar aqui, para unir nossas for\u00e7as, significa que queremos que as estrat\u00e9gias e as compet\u00eancias estejam juntas e se reforcem pela compaix\u00e3o evang\u00e9lica, pela proximidade de homens e mulheres v\u00edtimas deste crime\u201d, disse o papa.<\/p>\n<p style=\"text-align: justify\">Francisco agradeceu a presen\u00e7a das autoridades policiais que, segundo ele, dedicam-se a lutar contra este \u201ctriste fen\u00f4meno\u201d, e dos trabalhadores humanit\u00e1rios, cuja tarefa principal \u00e9 \u201cfornecer hospitalidade, cordialidade e possibilidade de resgate \u00e0s v\u00edtimas\u201d. De acordo com o papa, s\u00e3o duas abordagens diferentes, mas que \u201cpodem e devem andar de m\u00e3os dadas\u201d. Para Francisco, \u00e9 por esta raz\u00e3o que eventos como este s\u00e3o de grande utilidade, pois permitem o di\u00e1logo e o confronto a partir de enfoques complementares.<\/p>\n<p style=\"text-align: justify\">O papa exortou ainda a comunidade internacional \u201cpara que adote uma estrat\u00e9gia ainda mais un\u00e2nime e eficaz de combate ao tr\u00e1fico humano, de modo que, em todas as partes do mundo, homens e mulheres jamais possam ser utilizados como meio para um fim, e para que sua dignidade inviol\u00e1vel seja sempre respeitada\u201d.<\/p>\n<p style=\"text-align: justify\">Disse que, com o altos funcion\u00e1rios encarregados da ordem p\u00fablica dentro da comunidade internacional, \u201ca Igreja se compromete a erradicar o flagelo desta grave atividade que abusa das pessoas vulner\u00e1veis\u201d. Explicou que a confer\u00eancia \u00e9 parte de um processo no qual \u00a0h\u00e1 um trabalho conjunto em \u00e2mbito internacional para desenvolver estrat\u00e9gias de preven\u00e7\u00e3o, aten\u00e7\u00e3o pastoral e reintegra\u00e7\u00e3o das v\u00edtimas.<\/p>\n<p style=\"text-align: justify\">\u201cEstou pessoalmente empenhado em parceria com a Igreja e a sociedade civil para levar \u00e0 justi\u00e7a os respons\u00e1veis por estes crimes hediondos e aliviar o sofrimento das v\u00edtimas\u201d, concluiu.<\/p>\n","protected":false},"excerpt":{"rendered":"<p>O papa Francisco pronunciou hoje, 10, pela manh\u00e3, discurso durante a 2\u00aa Confer\u00eancia Internacional sobre Combate ao Tr\u00e1fico Humano. O evento, que teve in\u00edcio ontem, 9, no Vaticano, \u00e9 uma iniciativa da Confer\u00eancia Episcopal da Inglaterra e Gales, que tem a finalidade de construir uma rede de combate a este tipo de crime. Participaram do &hellip;<\/p>\n<p class=\"read-more\"> <a class=\"\" href=\"https:\/\/www.cnbb.org.br\/papa-afirma-que-trafico-humano-e-uma-chaga-na-humanidade\/\"> <span class=\"screen-reader-text\">Papa afirma que tr\u00e1fico humano \u00e9 uma chaga na humanidade<\/span> Leia mais &raquo;<\/a><\/p>\n","protected":false},"author":83,"featured_media":29685,"comment_status":"open","ping_status":"open","sticky":false,"template":"","format":"standard","meta":{"site-sidebar-layout":"default","site-content-layout":"default","ast-global-header-display":"","ast-banner-title-visibility":"","ast-main-header-display":"","ast-hfb-above-header-display":"","ast-hfb-below-header-display":"","ast-hfb-mobile-header-display":"","site-post-title":"","ast-breadcrumbs-content":"","ast-featured-img":"","footer-sml-layout":"","theme-transparent-header-meta":"","adv-header-id-meta":"","stick-header-meta":"","header-above-stick-meta":"","header-main-stick-meta":"","header-below-stick-meta":""},"categories":[784],"tags":[],"acf":[],"_links":{"self":[{"href":"https:\/\/www.cnbb.org.br\/cnbb-app\/wp\/v2\/posts\/29684"}],"collection":[{"href":"https:\/\/www.cnbb.org.br\/cnbb-app\/wp\/v2\/posts"}],"about":[{"href":"https:\/\/www.cnbb.org.br\/cnbb-app\/wp\/v2\/types\/post"}],"author":[{"embeddable":true,"href":"https:\/\/www.cnbb.org.br\/cnbb-app\/wp\/v2\/users\/83"}],"replies":[{"embeddable":true,"href":"https:\/\/www.cnbb.org.br\/cnbb-app\/wp\/v2\/comments?post=29684"}],"version-history":[{"count":0,"href":"https:\/\/www.cnbb.org.br\/cnbb-app\/wp\/v2\/posts\/29684\/revisions"}],"wp:featuredmedia":[{"embeddable":true,"href":"https:\/\/www.cnbb.org.br\/cnbb-app\/wp\/v2\/media\/29685"}],"wp:attachment":[{"href":"https:\/\/www.cnbb.org.br\/cnbb-app\/wp\/v2\/media?parent=29684"}],"wp:term":[{"taxonomy":"category","embeddable":true,"href":"https:\/\/www.cnbb.org.br\/cnbb-app\/wp\/v2\/categories?post=29684"},{"taxonomy":"post_tag","embeddable":true,"href":"https:\/\/www.cnbb.org.br\/cnbb-app\/wp\/v2\/tags?post=29684"}],"curies":[{"name":"wp","href":"https:\/\/api.w.org\/{rel}","templated":true}]}}