{"id":29686,"date":"2014-04-22T00:00:00","date_gmt":"2014-04-22T03:00:00","guid":{"rendered":"https:\/\/www.cnbb.org.br\/diocese-de-criciuma-refletiu-sobre-o-trafico-humano-na-semana-santa\/"},"modified":"2020-03-11T21:35:16","modified_gmt":"2020-03-12T00:35:16","slug":"diocese-de-criciuma-refletiu-sobre-o-trafico-humano-na-semana-santa","status":"publish","type":"post","link":"https:\/\/www.cnbb.org.br\/diocese-de-criciuma-refletiu-sobre-o-trafico-humano-na-semana-santa\/","title":{"rendered":"Diocese de Crici\u00fama refletiu sobre o Tr\u00e1fico Humano na Semana Santa"},"content":{"rendered":"<p style=\"text-align: justify\">&#8220;Pela Campanha da Fraternidade, somos convocados a ser presen\u00e7a de luz na sociedade. Temos que crescer na liberdade, servindo com amor e generosidade nossas comunidades. Usar o ser humano como objeto e fonte de lucro \u00e9 escravid\u00e3o\u201d, disse o bispo da diocese de Crici\u00fama (SC), dom Jacinto Inacio Flach, durante a Missa do Crisma, que reuniu 2 mil fi\u00e9is, no dia 16 de abril.<\/p>\n<p><!--more--><\/p>\n<p style=\"text-align: justify\"><span style=\"line-height: 1.3em\">A celebra\u00e7\u00e3o, presidida por dom Jacinto, foi concelebrada por mais de 50 padres diocesanos e religiosos.<\/span><\/p>\n<p style=\"text-align: justify\">No in\u00edcio de sua homilia, o bispo diocesano agradeceu a acolhida da par\u00f3quia de Turvo e a representa\u00e7\u00e3o das demais par\u00f3quias e comunidades presentes. \u201cQue nas nossas comunidades, a vida possa se manifestar, ser promovida e defendida, mesmo quando a sociedade quer colocar t\u00famulos no meio de n\u00f3s. Que tenhamos um cora\u00e7\u00e3o aberto e acolhedor para com os pobres e sofredores\u201d, acrescentou o bispo.<\/p>\n<p>&nbsp;<\/p>\n","protected":false},"excerpt":{"rendered":"<p>&#8220;Pela Campanha da Fraternidade, somos convocados a ser presen\u00e7a de luz na sociedade. Temos que crescer na liberdade, servindo com amor e generosidade nossas comunidades. Usar o ser humano como objeto e fonte de lucro \u00e9 escravid\u00e3o\u201d, disse o bispo da diocese de Crici\u00fama (SC), dom Jacinto Inacio Flach, durante a Missa do Crisma, que &hellip;<\/p>\n<p class=\"read-more\"> <a class=\"\" href=\"https:\/\/www.cnbb.org.br\/diocese-de-criciuma-refletiu-sobre-o-trafico-humano-na-semana-santa\/\"> <span class=\"screen-reader-text\">Diocese de Crici\u00fama refletiu sobre o Tr\u00e1fico Humano na Semana Santa<\/span> Leia mais &raquo;<\/a><\/p>\n","protected":false},"author":83,"featured_media":29687,"comment_status":"open","ping_status":"open","sticky":false,"template":"","format":"standard","meta":{"site-sidebar-layout":"default","site-content-layout":"default","ast-global-header-display":"","ast-banner-title-visibility":"","ast-main-header-display":"","ast-hfb-above-header-display":"","ast-hfb-below-header-display":"","ast-hfb-mobile-header-display":"","site-post-title":"","ast-breadcrumbs-content":"","ast-featured-img":"","footer-sml-layout":"","theme-transparent-header-meta":"","adv-header-id-meta":"","stick-header-meta":"","header-above-stick-meta":"","header-main-stick-meta":"","header-below-stick-meta":""},"categories":[769,791],"tags":[],"acf":[],"_links":{"self":[{"href":"https:\/\/www.cnbb.org.br\/cnbb-app\/wp\/v2\/posts\/29686"}],"collection":[{"href":"https:\/\/www.cnbb.org.br\/cnbb-app\/wp\/v2\/posts"}],"about":[{"href":"https:\/\/www.cnbb.org.br\/cnbb-app\/wp\/v2\/types\/post"}],"author":[{"embeddable":true,"href":"https:\/\/www.cnbb.org.br\/cnbb-app\/wp\/v2\/users\/83"}],"replies":[{"embeddable":true,"href":"https:\/\/www.cnbb.org.br\/cnbb-app\/wp\/v2\/comments?post=29686"}],"version-history":[{"count":0,"href":"https:\/\/www.cnbb.org.br\/cnbb-app\/wp\/v2\/posts\/29686\/revisions"}],"wp:featuredmedia":[{"embeddable":true,"href":"https:\/\/www.cnbb.org.br\/cnbb-app\/wp\/v2\/media\/29687"}],"wp:attachment":[{"href":"https:\/\/www.cnbb.org.br\/cnbb-app\/wp\/v2\/media?parent=29686"}],"wp:term":[{"taxonomy":"category","embeddable":true,"href":"https:\/\/www.cnbb.org.br\/cnbb-app\/wp\/v2\/categories?post=29686"},{"taxonomy":"post_tag","embeddable":true,"href":"https:\/\/www.cnbb.org.br\/cnbb-app\/wp\/v2\/tags?post=29686"}],"curies":[{"name":"wp","href":"https:\/\/api.w.org\/{rel}","templated":true}]}}