{"id":29717,"date":"2009-05-04T00:00:00","date_gmt":"2009-05-04T03:00:00","guid":{"rendered":"https:\/\/www.cnbb.org.br\/mensagem-do-santo-padre-para-o-46o-dia-mundial-de-oracao-pelas-vocacoes\/"},"modified":"2020-03-11T17:16:15","modified_gmt":"2020-03-11T20:16:15","slug":"mensagem-do-santo-padre-para-o-46o-dia-mundial-de-oracao-pelas-vocacoes","status":"publish","type":"post","link":"https:\/\/www.cnbb.org.br\/mensagem-do-santo-padre-para-o-46o-dia-mundial-de-oracao-pelas-vocacoes\/","title":{"rendered":"Mensagem do Santo Padre para o 46\u00ba Dia Mundial de ora\u00e7\u00e3o pelas voca\u00e7\u00f5es"},"content":{"rendered":"<p style=\"text-align: justify\">Por ocasi\u00e3o do pr\u00f3ximo Dia Mundial de Ora\u00e7\u00e3o pelas Voca\u00e7\u00f5es ao sacerd\u00f3cio e \u00e0 vida consagrada, que ser\u00e1 celebrado no IV Domingo de P\u00e1scoa, dia 3 de Maio de 2009, desejo convidar todo o Povo de Deus a reflectir sobre o tema: A confian\u00e7a na iniciativa de Deus e a resposta humana. N\u00e3o cessa de ressoar na Igreja esta exorta\u00e7\u00e3o de Jesus aos seus disc\u00edpulos: \u00abRogai ao Senhor da messe que envie trabalhadores para a sua messe\u00bb (Mt 9, 38). Pedi! O premente apelo do Senhor p\u00f5e em evid\u00eancia que a ora\u00e7\u00e3o pelas voca\u00e7\u00f5es deve ser cont\u00ednua e confiante. De facto, s\u00f3 animada pela ora\u00e7\u00e3o \u00e9 que a comunidade crist\u00e3 pode realmente \u00abter maior f\u00e9 e esperan\u00e7a na iniciativa divina\u00bb (Exort. ap. p\u00f3s-sinodal Sacramentum caritatis, 26).<\/p>\n<p><!--more--><\/p>\n<p style=\"text-align: justify\">2. A voca\u00e7\u00e3o ao sacerd\u00f3cio e \u00e0 vida consagrada constitui um dom divino especial, que se insere no vasto projeto de amor e salva\u00e7\u00e3o que Deus tem para cada pessoa e para a humanidade inteira. O ap\u00f3stolo Paulo \u2013 que recordamos de modo particular durante este Ano Paulino comemorativo dos dois mil anos do seu nascimento \u2013, ao escrever aos Ef\u00e9sios, afirma: \u00abBendito seja o Deus e Pai de Nosso Senhor Jesus Cristo, que, do alto dos c\u00e9us, nos aben\u00e7oou com toda a esp\u00e9cie de b\u00ean\u00e7\u00e3os espirituais em Cristo. Foi assim que n\u2019Ele nos escolheu antes da constitui\u00e7\u00e3o do mundo, para sermos santos e imaculados diante dos seus olhos\u00bb (Ef 1, 3-4). Dentro da voca\u00e7\u00e3o universal \u00e0 santidade, sobressai a peculiar iniciativa de Deus ter escolhido alguns para seguirem mais de perto o seu Filho Jesus Cristo tornando-se seus ministros e testemunhas privilegiadas. O divino Mestre chamou pessoalmente os Ap\u00f3stolos \u00abpara andarem com Ele e para os enviar a pregar, com o poder de expulsar dem\u00f3nios\u00bb (Mc 3, 14-15); eles, por sua vez, agregaram a si mesmos outros disc\u00edpulos, fi\u00e9is colaboradores no minist\u00e9rio mission\u00e1rio. E assim no decorrer dos s\u00e9culos, respondendo \u00e0 voca\u00e7\u00e3o do Senhor e d\u00f3ceis \u00e0 a\u00e7\u00e3o do Esp\u00edrito Santo, fileiras inumer\u00e1veis de presb\u00edteros e pessoas consagradas puseramse ao servi\u00e7o total do Evangelho na Igreja. D\u00eamos gra\u00e7as ao Senhor, que continua hoje tamb\u00e9m a convocar trabalhadores para a sua vinha. Se \u00e9 verdade que, em algumas regi\u00f5es, se regista uma preocupante car\u00eancia de presb\u00edteros e que n\u00e3o faltam dificuldades e obst\u00e1culos no caminho da Igreja, sustenta-nos a certeza inabal\u00e1vel de que esta \u00e9 guiada firmemente nas sendas do tempo rumo \u00e0 realiza\u00e7\u00e3o definitiva do Reino por Ele, o Senhor, que livremente escolhe e convida a segui-Lo pessoas de qualquer cultura e idade, segundo os insond\u00e1veis des\u00edgnios do seu amor misericordioso.<\/p>\n<h4 style=\"text-align: justify\"><a href=\"http:\/\/cnbbjoomla.sitesparresia.com\/wp-content\/uploads\/sites\/85\/2009\/05\/files_49dbabf08c4eb.pdf\" target=\"_blank\" rel=\"noopener\">Confira a mensagem na \u00edntegra.<\/a><\/h4>\n","protected":false},"excerpt":{"rendered":"<p>Por ocasi\u00e3o do pr\u00f3ximo Dia Mundial de Ora\u00e7\u00e3o pelas Voca\u00e7\u00f5es ao sacerd\u00f3cio e \u00e0 vida consagrada, que ser\u00e1 celebrado no IV Domingo de P\u00e1scoa, dia 3 de Maio de 2009, desejo convidar todo o Povo de Deus a reflectir sobre o tema: A confian\u00e7a na iniciativa de Deus e a resposta humana. N\u00e3o cessa de &hellip;<\/p>\n<p class=\"read-more\"> <a class=\"\" href=\"https:\/\/www.cnbb.org.br\/mensagem-do-santo-padre-para-o-46o-dia-mundial-de-oracao-pelas-vocacoes\/\"> <span class=\"screen-reader-text\">Mensagem do Santo Padre para o 46\u00ba Dia Mundial de ora\u00e7\u00e3o pelas voca\u00e7\u00f5es<\/span> Leia mais &raquo;<\/a><\/p>\n","protected":false},"author":83,"featured_media":0,"comment_status":"open","ping_status":"open","sticky":false,"template":"","format":"standard","meta":{"site-sidebar-layout":"default","site-content-layout":"default","ast-global-header-display":"","ast-banner-title-visibility":"","ast-main-header-display":"","ast-hfb-above-header-display":"","ast-hfb-below-header-display":"","ast-hfb-mobile-header-display":"","site-post-title":"","ast-breadcrumbs-content":"","ast-featured-img":"","footer-sml-layout":"","theme-transparent-header-meta":"","adv-header-id-meta":"","stick-header-meta":"","header-above-stick-meta":"","header-main-stick-meta":"","header-below-stick-meta":""},"categories":[1],"tags":[],"acf":[],"_links":{"self":[{"href":"https:\/\/www.cnbb.org.br\/cnbb-app\/wp\/v2\/posts\/29717"}],"collection":[{"href":"https:\/\/www.cnbb.org.br\/cnbb-app\/wp\/v2\/posts"}],"about":[{"href":"https:\/\/www.cnbb.org.br\/cnbb-app\/wp\/v2\/types\/post"}],"author":[{"embeddable":true,"href":"https:\/\/www.cnbb.org.br\/cnbb-app\/wp\/v2\/users\/83"}],"replies":[{"embeddable":true,"href":"https:\/\/www.cnbb.org.br\/cnbb-app\/wp\/v2\/comments?post=29717"}],"version-history":[{"count":0,"href":"https:\/\/www.cnbb.org.br\/cnbb-app\/wp\/v2\/posts\/29717\/revisions"}],"wp:attachment":[{"href":"https:\/\/www.cnbb.org.br\/cnbb-app\/wp\/v2\/media?parent=29717"}],"wp:term":[{"taxonomy":"category","embeddable":true,"href":"https:\/\/www.cnbb.org.br\/cnbb-app\/wp\/v2\/categories?post=29717"},{"taxonomy":"post_tag","embeddable":true,"href":"https:\/\/www.cnbb.org.br\/cnbb-app\/wp\/v2\/tags?post=29717"}],"curies":[{"name":"wp","href":"https:\/\/api.w.org\/{rel}","templated":true}]}}