{"id":29719,"date":"2009-11-14T00:00:00","date_gmt":"2009-11-14T02:00:00","guid":{"rendered":"https:\/\/www.cnbb.org.br\/organismos-do-povo-de-deus-discutem-vocacao\/"},"modified":"2020-03-11T17:16:15","modified_gmt":"2020-03-11T20:16:15","slug":"organismos-do-povo-de-deus-discutem-vocacao","status":"publish","type":"post","link":"https:\/\/www.cnbb.org.br\/organismos-do-povo-de-deus-discutem-vocacao\/","title":{"rendered":"Organismos do Povo de Deus discutem voca\u00e7\u00e3o"},"content":{"rendered":"<p style=\"text-align: justify\">Toda a manh\u00e3 de s\u00e1bado, 14, foi dedicada ao estudo do tema \u201cvoca\u00e7\u00e3o\u201d, durante a 8\u00aa Assembleia Nacional dos Organismos do Povo de Deus, iniciada ontem, no Centro de Pastoral Santa F\u00e9, em S\u00e3o Paulo. O evento, realizado a cada dois anos, \u00e9 convocado pela CNBB e realizado em conjunto pela Confer\u00eancia Nacional dos Religiosos do Brasil (CRB), Conselho Nacional do Laicato do Brasil (CNLB), Confer\u00eancia Nacional dos Institutos Seculares (CNIS), Comiss\u00e3o Nacional de Di\u00e1conos (CND) e Comiss\u00e3o Nacional dos Presb\u00edteros.<\/p>\n<p><!--more--><\/p>\n<p style=\"text-align: justify\">\u201cA voca\u00e7\u00e3o tem origem divina; Deus \u00e9 quem toma a iniciativa e nos chama desde a sua gratuidade\u201d, disse o assessor da Comiss\u00e3o Episcopal para os Minist\u00e9rios Ordenados e a Vida Consagrada da CNBB, padre Reginaldo de Lima, durante sua confer\u00eancia. \u201cA voca\u00e7\u00e3o \u00e9 um processo que se passa no \u00e2mbito mais profundo da pessoa. Decisiva \u00e9 a resposta que cada um \u00e9 chamado a dar ao apelo de Jesus por meio da Igreja em continuar a miss\u00e3o no mundo\u201d.<\/p>\n<p style=\"text-align: justify\">Segundo padre Reginaldo, h\u00e1 uma estreita rela\u00e7\u00e3o entre voca\u00e7\u00e3o e miss\u00e3o. \u201cNa B\u00edblia, toda voca\u00e7\u00e3o \u00e9 para a miss\u00e3o e esta pressup\u00f5e um chamado, a voca\u00e7\u00e3o\u201d, ressaltou. \u201cA miss\u00e3o n\u00e3o \u00e9 um acr\u00e9scimo ou extens\u00e3o da voca\u00e7\u00e3o, mas um componente essencial quer seja ela leiga, religiosa ou sacerdotal. A miss\u00e3o faz parte do DNA de toda e qualquer voca\u00e7\u00e3o\u201d, afirmou.<\/p>\n<p style=\"text-align: justify\">O presidente do Conselho Nacional do Laicato do Brasil (CNLB), Carlos Francisco Signoreli, ressaltou a import\u00e2ncia de se considerar a voca\u00e7\u00e3o do leigo na Igreja e no mundo. \u201cN\u00e3o h\u00e1 voca\u00e7\u00e3o auxiliar \u00e0 outra. N\u00e3o h\u00e1 supl\u00eancia nos minist\u00e9rios. Gostar\u00edamos [Os leigos] de n\u00e3o ser colaboradores de voca\u00e7\u00e3o nenhuma, mas de viver nossa pr\u00f3pria voca\u00e7\u00e3o\u201d, disse Signoreli.<\/p>\n<p style=\"text-align: justify\">Signoreli lembrou, tamb\u00e9m, o papel dos leigos na sociedade. \u201cSomos a Igreja no cora\u00e7\u00e3o do mundo. Queremos ser tamb\u00e9m o mundo no cora\u00e7\u00e3o da Igreja e trazer os valores do mundo que devem permear a Igreja\u201d, afirmou. \u201cTemos orgulho de constituir a Igreja no Brasil\u201d, concluiu.<\/p>\n<h4 style=\"text-align: justify\">Missa<\/h4>\n<p style=\"text-align: justify\">O bispo da cidade de Goi\u00e1s, dom Eug\u00eanio Rixen, presidiu a missa que antecedeu os trabalhos de hoje na 8\u00aa Assembleia dos Organismos do Povo de Deus. Em sua homilia, dom Eug\u00eanio, valeu-se do evangelho para afirmar a necessidade do crist\u00e3o rezar sempre.<\/p>\n<p style=\"text-align: justify\"><img decoding=\"async\" loading=\"lazy\" class=\" alignright size-full wp-image-2426\" style=\"float: right\" src=\"https:\/\/www.cnbb.org.br\/wp-content\/uploads\/2020\/03\/img4afed23172aea.jpg\" width=\"362\" height=\"243\" \/>\u201cNa p\u00f3s-modernidade, as pessoas procuram Deus para pedir coisas. H\u00e1 muitas igrejas que prometem cura, dinheiro, riqueza, mas isso n\u00e3o \u00e9 autom\u00e1tico. \u00c9 mais uma religi\u00e3o de supermercado\u201d, disse. \u201cO que a f\u00e9 nos pede \u00e9 o seguimento de Jesus, o compromisso de encarnar na pr\u00f3pria vida o evangelho\u201d, acrescentou.<\/p>\n<p style=\"text-align: justify\">Os trabalhos da assembleia continuam na parte da tarde com uma confer\u00eancia de dom Eug\u00eanio sobre \u201cIgreja, disc\u00edpula mission\u00e1ria\u201d. Em grupos, os 150 participantes discutir\u00e3o o tema e apresentar\u00e3o o resultado de seu debate num plen\u00e1rio, no final da tarde.<\/p>\n","protected":false},"excerpt":{"rendered":"<p>Toda a manh\u00e3 de s\u00e1bado, 14, foi dedicada ao estudo do tema \u201cvoca\u00e7\u00e3o\u201d, durante a 8\u00aa Assembleia Nacional dos Organismos do Povo de Deus, iniciada ontem, no Centro de Pastoral Santa F\u00e9, em S\u00e3o Paulo. O evento, realizado a cada dois anos, \u00e9 convocado pela CNBB e realizado em conjunto pela Confer\u00eancia Nacional dos Religiosos &hellip;<\/p>\n<p class=\"read-more\"> <a class=\"\" href=\"https:\/\/www.cnbb.org.br\/organismos-do-povo-de-deus-discutem-vocacao\/\"> <span class=\"screen-reader-text\">Organismos do Povo de Deus discutem voca\u00e7\u00e3o<\/span> Leia mais &raquo;<\/a><\/p>\n","protected":false},"author":83,"featured_media":29720,"comment_status":"open","ping_status":"open","sticky":false,"template":"","format":"standard","meta":{"site-sidebar-layout":"default","site-content-layout":"default","ast-global-header-display":"","ast-banner-title-visibility":"","ast-main-header-display":"","ast-hfb-above-header-display":"","ast-hfb-below-header-display":"","ast-hfb-mobile-header-display":"","site-post-title":"","ast-breadcrumbs-content":"","ast-featured-img":"","footer-sml-layout":"","theme-transparent-header-meta":"","adv-header-id-meta":"","stick-header-meta":"","header-above-stick-meta":"","header-main-stick-meta":"","header-below-stick-meta":""},"categories":[1],"tags":[],"acf":[],"_links":{"self":[{"href":"https:\/\/www.cnbb.org.br\/cnbb-app\/wp\/v2\/posts\/29719"}],"collection":[{"href":"https:\/\/www.cnbb.org.br\/cnbb-app\/wp\/v2\/posts"}],"about":[{"href":"https:\/\/www.cnbb.org.br\/cnbb-app\/wp\/v2\/types\/post"}],"author":[{"embeddable":true,"href":"https:\/\/www.cnbb.org.br\/cnbb-app\/wp\/v2\/users\/83"}],"replies":[{"embeddable":true,"href":"https:\/\/www.cnbb.org.br\/cnbb-app\/wp\/v2\/comments?post=29719"}],"version-history":[{"count":0,"href":"https:\/\/www.cnbb.org.br\/cnbb-app\/wp\/v2\/posts\/29719\/revisions"}],"wp:featuredmedia":[{"embeddable":true,"href":"https:\/\/www.cnbb.org.br\/cnbb-app\/wp\/v2\/media\/29720"}],"wp:attachment":[{"href":"https:\/\/www.cnbb.org.br\/cnbb-app\/wp\/v2\/media?parent=29719"}],"wp:term":[{"taxonomy":"category","embeddable":true,"href":"https:\/\/www.cnbb.org.br\/cnbb-app\/wp\/v2\/categories?post=29719"},{"taxonomy":"post_tag","embeddable":true,"href":"https:\/\/www.cnbb.org.br\/cnbb-app\/wp\/v2\/tags?post=29719"}],"curies":[{"name":"wp","href":"https:\/\/api.w.org\/{rel}","templated":true}]}}