{"id":29724,"date":"2010-04-25T00:00:00","date_gmt":"2010-04-25T03:00:00","guid":{"rendered":"https:\/\/www.cnbb.org.br\/vocacoes-em-tempo-de-crise\/"},"modified":"2020-03-11T17:16:14","modified_gmt":"2020-03-11T20:16:14","slug":"vocacoes-em-tempo-de-crise","status":"publish","type":"post","link":"https:\/\/www.cnbb.org.br\/vocacoes-em-tempo-de-crise\/","title":{"rendered":"Voca\u00e7\u00f5es em tempo de crise"},"content":{"rendered":"<p style=\"text-align: justify\">O quarto Domingo da P\u00e1scoa, apenas celebrado, \u00e9 conhecido como o Domingo do Bom Pastor; continuando os an\u00fancios pascais, a Igreja proclama: Jesus Cristo ressuscitado \u00e9 o Pastor bom, que entregou sobre a cruz sua vida pelas ovelhas e se tornou a fonte da vida em plenitude para toda a humanidade. Quem o acolhe, nele cr\u00ea e segue seus passos, encontra a vida e, um dia, tomar\u00e1 parte no banquete da vida eterna.<\/p>\n<p><!--more--><\/p>\n<p style=\"text-align: justify\">Esta \u00e9 uma \u201cboa nova\u201d para toda a humanidade, tamb\u00e9m para aquelas \u201covelhas\u201d que ainda n\u00e3o est\u00e3o no aprisco do bom Pastor; conforme o trecho do Apocalipse, lido na Missa nesse Domingo, gente de todos os povos, tribos, l\u00ednguas, ra\u00e7as e na\u00e7\u00f5es &#8211; uma multid\u00e3o que ningu\u00e9m pode contar -, ser\u00e1 conduzida \u00e0s fontes da \u00e1gua da vida pelo \u201ccordeiro imolado\u201d, que tamb\u00e9m \u00e9 o pastor de todos (cf Ap 7,9.14-17).<\/p>\n<p style=\"text-align: justify\">Jesus, Pastor bom, continua a agir no mundo, chamando a si e conduzindo toda a humanidade e cada pessoa, de muitas formas; muito especialmente, atrav\u00e9s da Igreja, que envia ao mundo para prolongar sua miss\u00e3o pastoral atrav\u00e9s dos tempos; tamb\u00e9m atrav\u00e9s daqueles que na Igreja foram constitu\u00eddos \u201cpastores\u201d para, em seu nome, chamar, conduzir, servir e defender o rebanho do Senhor contra todos os falsos pastores, os lobos e os ladr\u00f5es, que amea\u00e7am, dispersam ou desviam as ovelhas. Por isso, nesse Domingo do bom Pastor, tamb\u00e9m foi celebrada a 47\u00aa. Jornada Mundial de Ora\u00e7\u00e3o pelas Voca\u00e7\u00f5es. A Igreja reza e pede para que n\u00e3o faltem continuadores aut\u00eanticos da miss\u00e3o do bom Pastor.<\/p>\n<p style=\"text-align: justify\">A Mensagem do papa Bento XVI para esta ocasi\u00e3o est\u00e1 relacionada com o Ano sacerdotal: \u201co testemunho suscita voca\u00e7\u00f5es\u201d. Embora o chamado seja, acima de tudo, fruto da a\u00e7\u00e3o gratuita de Deus, ele tamb\u00e9m \u00e9 favorecido pela qualidade do testemunho pessoal e comunit\u00e1rio daqueles que j\u00e1 s\u00e3o padres e exercem o minist\u00e9rio sacerdotal. Muitos padres podem confirmar isso. Eu mesmo senti o desejo de ser padre, estimulado pelo exemplo de vida sacerdotal de um velho mission\u00e1rio, que era p\u00e1roco do lugar onde morava minha fam\u00edlia. Antes que ele falecesse, ainda pude convid\u00e1-lo para ser meu padrinho de ordena\u00e7\u00e3o, o que o deixou muito feliz. V\u00e1rios outros jovens do lugar tamb\u00e9m entraram no semin\u00e1rio e ficaram padres, estimulados pelo exemplo dele.<\/p>\n<p style=\"text-align: justify\">Isso, de resto, \u00e9 confirmado pela experi\u00eancia hist\u00f3rica da Igreja: j\u00e1 no come\u00e7o, s\u00e3o disc\u00edpulos entusiastas e arrebatados por Jesus, que chamam outros e os apresentam a Ele (cf. Jo 1,41-42). Quantos despertaram para a voca\u00e7\u00e3o sacerdotal porque foram marcados pelo exemplo e o testemunho de um outro padre! Quantos seguiram o exemplo de In\u00e1cio de Loyola, de Dom Bosco, de Filipe N\u00e9ri, de S\u00e3o Jo\u00e3o da Cruz&#8230; Poder\u00edamos discorrer sobre todos os fundadores de Congrega\u00e7\u00f5es ou Fraternidades sacerdotais, que confirmam este mesmo princ\u00edpio: o testemunho de vida sacerdotal suscita novas voca\u00e7\u00f5es. E ainda hoje isso tamb\u00e9m acontece.<\/p>\n<p style=\"text-align: justify\">O papa Bento XVI, em sua Mensagem, enumera alguns elementos fundamentais que devem marcar a vida sacerdotal: a amizade com Cristo, com quem se aprende a \u201cestar na companhia de Deus\u201d; a entrega total da vida a Deus, que se traduz, depois, na entrega total e jubilosa aos irm\u00e3os, confiados ao minist\u00e9rio pastoral do padre; e o testemunho de sincera comunh\u00e3o fraterna com os outros padres, que \u00e9 a caracter\u00edstica dos disc\u00edpulos de Cristo (\u201cnisto conhecer\u00e3o todos que sois meus disc\u00edpulos: se vos amardes uns aos outros\u201d Jo. 13,35). Tudo isso pode despertar em outros jovens o desejo de viver de forma semelhante tamb\u00e9m.<\/p>\n<p style=\"text-align: justify\">Em tempos de divulga\u00e7\u00e3o de esc\u00e2ndalos sobre comportamentos sacerdotais, poderia vir a tenta\u00e7\u00e3o de calar, de n\u00e3o dizer mais falar sobre a voca\u00e7\u00e3o sacerdotal&#8230; Com tanta not\u00edcia ruim sobre \u201cpadres\u201d, que efeito poderia ter uma reflex\u00e3o sobre a voca\u00e7\u00e3o sacerdotal? Essa seria a l\u00f3gica derrotista&#8230; No entanto, devemos continuar a falar, a viver e a testemunhar de forma alegre e humilde a fidelidade do sacerd\u00f3cio, tornando conhecidos os exemplos de santos sacerdotes. N\u00e3o esque\u00e7amos que a voca\u00e7\u00e3o \u00e9, acima de tudo, fruto da gra\u00e7a de Deus; e lembremos tamb\u00e9m: na hist\u00f3ria da Igreja, foram justamente os tempos de crise os mais fecundos no surgimento de novas voca\u00e7\u00f5es e iniciativas frut\u00edferas para a forma\u00e7\u00e3o sacerdotal. Aprendamos com S\u00e3o Paulo: \u201conde o pecado foi abundante, a gra\u00e7a de Deus foi superabundante!\u201d (cf Rm 5,20).<\/p>\n<h4 style=\"text-align: right\">Card. Odilo Pedro Scherer<\/h4>\n","protected":false},"excerpt":{"rendered":"<p>O quarto Domingo da P\u00e1scoa, apenas celebrado, \u00e9 conhecido como o Domingo do Bom Pastor; continuando os an\u00fancios pascais, a Igreja proclama: Jesus Cristo ressuscitado \u00e9 o Pastor bom, que entregou sobre a cruz sua vida pelas ovelhas e se tornou a fonte da vida em plenitude para toda a humanidade. Quem o acolhe, nele &hellip;<\/p>\n<p class=\"read-more\"> <a class=\"\" href=\"https:\/\/www.cnbb.org.br\/vocacoes-em-tempo-de-crise\/\"> <span class=\"screen-reader-text\">Voca\u00e7\u00f5es em tempo de crise<\/span> Leia mais &raquo;<\/a><\/p>\n","protected":false},"author":83,"featured_media":0,"comment_status":"open","ping_status":"open","sticky":false,"template":"","format":"standard","meta":{"site-sidebar-layout":"default","site-content-layout":"default","ast-global-header-display":"","ast-banner-title-visibility":"","ast-main-header-display":"","ast-hfb-above-header-display":"","ast-hfb-below-header-display":"","ast-hfb-mobile-header-display":"","site-post-title":"","ast-breadcrumbs-content":"","ast-featured-img":"","footer-sml-layout":"","theme-transparent-header-meta":"","adv-header-id-meta":"","stick-header-meta":"","header-above-stick-meta":"","header-main-stick-meta":"","header-below-stick-meta":""},"categories":[1],"tags":[],"acf":[],"_links":{"self":[{"href":"https:\/\/www.cnbb.org.br\/cnbb-app\/wp\/v2\/posts\/29724"}],"collection":[{"href":"https:\/\/www.cnbb.org.br\/cnbb-app\/wp\/v2\/posts"}],"about":[{"href":"https:\/\/www.cnbb.org.br\/cnbb-app\/wp\/v2\/types\/post"}],"author":[{"embeddable":true,"href":"https:\/\/www.cnbb.org.br\/cnbb-app\/wp\/v2\/users\/83"}],"replies":[{"embeddable":true,"href":"https:\/\/www.cnbb.org.br\/cnbb-app\/wp\/v2\/comments?post=29724"}],"version-history":[{"count":0,"href":"https:\/\/www.cnbb.org.br\/cnbb-app\/wp\/v2\/posts\/29724\/revisions"}],"wp:attachment":[{"href":"https:\/\/www.cnbb.org.br\/cnbb-app\/wp\/v2\/media?parent=29724"}],"wp:term":[{"taxonomy":"category","embeddable":true,"href":"https:\/\/www.cnbb.org.br\/cnbb-app\/wp\/v2\/categories?post=29724"},{"taxonomy":"post_tag","embeddable":true,"href":"https:\/\/www.cnbb.org.br\/cnbb-app\/wp\/v2\/tags?post=29724"}],"curies":[{"name":"wp","href":"https:\/\/api.w.org\/{rel}","templated":true}]}}