{"id":29728,"date":"2010-08-05T00:00:00","date_gmt":"2010-08-05T03:00:00","guid":{"rendered":"https:\/\/www.cnbb.org.br\/agosto-mes-das-vocacoes\/"},"modified":"2020-03-11T17:16:13","modified_gmt":"2020-03-11T20:16:13","slug":"agosto-mes-das-vocacoes","status":"publish","type":"post","link":"https:\/\/www.cnbb.org.br\/agosto-mes-das-vocacoes\/","title":{"rendered":"Agosto, m\u00eas das voca\u00e7\u00f5es"},"content":{"rendered":"<p style=\"text-align: justify\">Tradicionalmente, celebramos o m\u00eas de agosto como m\u00eas vocacional. A cada domingo, dedicamos nossas ora\u00e7\u00f5es e nossa aten\u00e7\u00e3o a uma das voca\u00e7\u00f5es: a voca\u00e7\u00e3o ao Minist\u00e9rio Sacerdotal, a voca\u00e7\u00e3o Laical, a Voca\u00e7\u00e3o \u00e0 Vida Religiosa.<\/p>\n<p><!--more--><\/p>\n<p style=\"text-align: justify\">Somos chamados, neste m\u00eas a refletirmos sobre esta quest\u00e3o vital para a nossa Igreja: o chamado e a resposta.<\/p>\n<p style=\"text-align: justify\">Inicialmente, h\u00e1 um Deus que chama, que convoca e prop\u00f5e algo de concreto: dar um sentido \u00e0 pr\u00f3pria exist\u00eancia, uma dire\u00e7\u00e3o fundamental e \u00fanica, id\u00eantica para todas as voca\u00e7\u00f5es: a santidade como meta \u00faltima. Deus nos convoca a sairmos do c\u00edrculo ego\u00edsta de projetar a pr\u00f3pria vida tendo como ponto de refer\u00eancia a si mesmo. Fomos criados, e a partir da\u00ed, chamados (vocacionados) a orientarmos nossa exist\u00eancia como uma flecha busca seu alvo. Nosso alvo \u00e9 Deus. Ele e a comunh\u00e3o plena com Ele \u00e9 nosso \u00fanico objetivo final capaz de realizar nossa vida nesta terra.<\/p>\n<p style=\"text-align: justify\">Quem atinge este alvo, quem se deixa atrair poderosamente por esta Meta, por este Algu\u00e9m, que como poderoso im\u00e3 nos puxa para si, ser\u00e1 feliz, realizar\u00e1 sua vida, dando a ela um sentido plenificante. Quem errar esta meta, estar\u00e1 destinado \u00e0 frustra\u00e7\u00e3o, ao desencanto de n\u00e3o chegar onde deveria chegar.<\/p>\n<p style=\"text-align: justify\">Al\u00e9m disso, o chamado de Deus inclui a concretiza\u00e7\u00e3o no fazer da pr\u00f3pria vida um dom, um servi\u00e7o. Chega-se \u00e0 Meta definitiva atrav\u00e9s de um caminho concreto: ou oferecendo a pr\u00f3pria exist\u00eancia para ser para os demais a imagem e a presen\u00e7a do Cristo Bom Pastor, atrav\u00e9s da voca\u00e7\u00e3o sacerdotal; ou vivendo a voca\u00e7\u00e3o laical, no meio das realidades humanas, quer constituindo atrav\u00e9s do Sacramento do Matrim\u00f4nio, uma fam\u00edlia fundada no amor humano, elevado por Cristo \u00e0 dignidade e condi\u00e7\u00e3o de Sacramento de Salva\u00e7\u00e3o, quer vivendo esta voca\u00e7\u00e3o laical sem assumir o Sacramento do Matrim\u00f4nio, dedicando-se a alguma forma de servi\u00e7o dos demais; ou ent\u00e3o assumindo de forma absoluta, a voca\u00e7\u00e3o \u00e0 vida religiosa, sendo sinal da presen\u00e7a de Cristo no meio da Igreja e do mundo, e vivendo a radicalidade dos Conselhos do Evangelho: a obedi\u00eancia , a castidade e a pobreza.<\/p>\n<p style=\"text-align: justify\">Tantos caminhos, tantas possibilidades&#8230; Deus, na riqueza de seu amor por n\u00f3s, nos chama \u00e0 felicidade plena e nos oferece os meios para que possamos atingi-la.<\/p>\n<p style=\"text-align: justify\">Aproveitemos bem este m\u00eas vocacional.<\/p>\n<p style=\"text-align: justify\">Rezemos e reflitamos bastante sobre o que Deus quer de n\u00f3s e qual tem sido a qualidade de nossas resposta.<\/p>\n<p style=\"text-align: justify\">E de uma maneira especial, pe\u00e7amos ao Senhor da messe e Pastor do rebanho que continue a inspirar muitos jovens a serem sens\u00edveis ao Chamado e generosos na Resposta.<\/p>\n<p style=\"text-align: justify\">Vale a pena oferecer a pr\u00f3pria vida por Cristo, a servi\u00e7o de Seu Reino de Amor e de Paz.<\/p>\n<h4 style=\"text-align: right\">Dom Antonio Carlos Rossi Keller<\/h4>\n","protected":false},"excerpt":{"rendered":"<p>Tradicionalmente, celebramos o m\u00eas de agosto como m\u00eas vocacional. A cada domingo, dedicamos nossas ora\u00e7\u00f5es e nossa aten\u00e7\u00e3o a uma das voca\u00e7\u00f5es: a voca\u00e7\u00e3o ao Minist\u00e9rio Sacerdotal, a voca\u00e7\u00e3o Laical, a Voca\u00e7\u00e3o \u00e0 Vida Religiosa.<\/p>\n","protected":false},"author":83,"featured_media":0,"comment_status":"open","ping_status":"open","sticky":false,"template":"","format":"standard","meta":{"site-sidebar-layout":"default","site-content-layout":"default","ast-global-header-display":"","ast-banner-title-visibility":"","ast-main-header-display":"","ast-hfb-above-header-display":"","ast-hfb-below-header-display":"","ast-hfb-mobile-header-display":"","site-post-title":"","ast-breadcrumbs-content":"","ast-featured-img":"","footer-sml-layout":"","theme-transparent-header-meta":"","adv-header-id-meta":"","stick-header-meta":"","header-above-stick-meta":"","header-main-stick-meta":"","header-below-stick-meta":""},"categories":[1],"tags":[],"acf":[],"_links":{"self":[{"href":"https:\/\/www.cnbb.org.br\/cnbb-app\/wp\/v2\/posts\/29728"}],"collection":[{"href":"https:\/\/www.cnbb.org.br\/cnbb-app\/wp\/v2\/posts"}],"about":[{"href":"https:\/\/www.cnbb.org.br\/cnbb-app\/wp\/v2\/types\/post"}],"author":[{"embeddable":true,"href":"https:\/\/www.cnbb.org.br\/cnbb-app\/wp\/v2\/users\/83"}],"replies":[{"embeddable":true,"href":"https:\/\/www.cnbb.org.br\/cnbb-app\/wp\/v2\/comments?post=29728"}],"version-history":[{"count":0,"href":"https:\/\/www.cnbb.org.br\/cnbb-app\/wp\/v2\/posts\/29728\/revisions"}],"wp:attachment":[{"href":"https:\/\/www.cnbb.org.br\/cnbb-app\/wp\/v2\/media?parent=29728"}],"wp:term":[{"taxonomy":"category","embeddable":true,"href":"https:\/\/www.cnbb.org.br\/cnbb-app\/wp\/v2\/categories?post=29728"},{"taxonomy":"post_tag","embeddable":true,"href":"https:\/\/www.cnbb.org.br\/cnbb-app\/wp\/v2\/tags?post=29728"}],"curies":[{"name":"wp","href":"https:\/\/api.w.org\/{rel}","templated":true}]}}