{"id":29729,"date":"2010-08-28T00:00:00","date_gmt":"2010-08-28T03:00:00","guid":{"rendered":"https:\/\/www.cnbb.org.br\/vocacoes-oracoes-missoes\/"},"modified":"2020-03-11T17:16:13","modified_gmt":"2020-03-11T20:16:13","slug":"vocacoes-oracoes-missoes","status":"publish","type":"post","link":"https:\/\/www.cnbb.org.br\/vocacoes-oracoes-missoes\/","title":{"rendered":"Voca\u00e7\u00f5es, Ora\u00e7\u00f5es, Miss\u00f5es"},"content":{"rendered":"<p style=\"text-align: justify\">Estamos chegando ao final deste aben\u00e7oado m\u00eas de agosto, chamado de m\u00eas vocacional, quando a m\u00e3e Igreja nos convida a refletir acerca das voca\u00e7\u00f5es. \u00c9 grave dever de todos os cat\u00f3licos o incentivo e o fomento das voca\u00e7\u00f5es sacerdotais. Este dever pertence a toda a comunidade dos fi\u00e9is, para que a pr\u00f3pria comunidade ofere\u00e7a seus membros para a vida ministerial.<\/p>\n<p><!--more--><\/p>\n<p style=\"text-align: justify\">Quantas vezes n\u00e3o ouvimos a cita\u00e7\u00e3o b\u00edblica: \u201ca messe \u00e9 grande, mas s\u00e3o poucos os oper\u00e1rios\u201d, e pela qual reconhecemos que precisamos de mais pastores. Mas, como somos indiferentes com a pr\u00e1tica vocacional! Sabemos que as necessidades de oper\u00e1rios s\u00e3o muitas, mas sem d\u00favida que a necessidade de presb\u00edteros para a Igreja est\u00e1 sempre sendo cobrada pelas comunidades que desejam ter o seu p\u00e1roco.<\/p>\n<p style=\"text-align: justify\">N\u00e3o podemos esquecer o apoio \u00e0s fam\u00edlias, que devem estar imbu\u00eddas em total esp\u00edrito de ora\u00e7\u00e3o, onde l\u00e1 se encontra o primeiro semin\u00e1rio das voca\u00e7\u00f5es.<\/p>\n<p style=\"text-align: justify\">Os presb\u00edteros, entretanto, em primeiro lugar s\u00e3o respons\u00e1veis pelo fomento vocacional, pelo incremento das voca\u00e7\u00f5es, seja pelo seu testemunho pessoal, seja pelo seu zelo pastoral em suas comunidades. Isso certamente atrair\u00e1 os jovens para que tamb\u00e9m abracem esse mesmo testemunho e este mesmo amor pelos irm\u00e3os.<\/p>\n<p style=\"text-align: justify\">Nesta semana, consultado o Conselho de Presb\u00edteros de nossa Arquidiocese, estamos encaminhando \u00e0 C\u00faria Metropolitana a autoriza\u00e7\u00e3o para elaborar decretos para a cria\u00e7\u00e3o de cinco novas par\u00f3quias. \u00c9 um claro sinal de crescimento do trabalho da Igreja e das necessidades que o crescimento populacional nos imp\u00f5e. Muito mais presen\u00e7as, tanto de par\u00f3quias como de pequenas comunidades, grupos, n\u00facleos de evangeliza\u00e7\u00e3o, c\u00edrculos b\u00edblicos ou outros tipos de organiza\u00e7\u00f5es s\u00e3o necess\u00e1rias para que a capilaridade da evangeliza\u00e7\u00e3o aconte\u00e7a em nossa arquidiocese.<\/p>\n<p style=\"text-align: justify\">Junto com as preocupa\u00e7\u00f5es de um bom in\u00edcio para as novas comunidades paroquiais surgiu tamb\u00e9m o incremento do trabalho de partilha entre as par\u00f3quias para a ajuda m\u00fatua nas necessidades que v\u00e3o surgindo. Aqui iremos ver at\u00e9 que ponto o interesse pela evangeliza\u00e7\u00e3o e catequese est\u00e1 acima dos demais interesses em nossas comunidades e suas lideran\u00e7as. O projeto \u201cque todos sejam um\u201d de partilha entre as par\u00f3quias j\u00e1 existia como um embri\u00e3o, agora foi fomentado com um grupo de padres, representando todos os vicariatos, responsabilizando-se de lev\u00e1-lo adiante.<\/p>\n<p style=\"text-align: justify\">Com o tamanho atual das par\u00f3quias, que exigem que tenhamos mais que um padre atendendo \u00e0 comunidade, tamb\u00e9m o criar novas circunscri\u00e7\u00e3o sup\u00f5e a exist\u00eancia de sacerdotes para serem nomeados p\u00e1rocos. Da\u00ed vem o nosso apelo neste final de m\u00eas vocacional, rezando em especial pelas voca\u00e7\u00f5es sacerdotais, supondo, \u00e9 claro, a caminhada de santidade na vida de nossos jovens. Para isso sup\u00f5e valoriza\u00e7\u00e3o dos mesmos, unidade entre o presbit\u00e9rio, preocupa\u00e7\u00e3o com o que \u00e9 essencial nessa caminhada e, principalmente, busca comum da santidade concreta. As riquezas da diversidade devem contribuir para a unidade ainda maior e a valoriza\u00e7\u00e3o das diferen\u00e7as enquanto caminhamos juntos.<\/p>\n<p style=\"text-align: justify\">A voca\u00e7\u00e3o, certamente, sempre depende da livre a\u00e7\u00e3o de Deus, mas tamb\u00e9m \u00e9 incentivada pelo testemunho dos sacerdotes, generosos, alegres, sinceros, verdadeiros. Urge, portanto, o testemunho daqueles que j\u00e1 deram o seu \u201csim\u201d ao Senhor, como, ali\u00e1s, em todas as voca\u00e7\u00f5es.<\/p>\n<p style=\"text-align: justify\">Poder\u00edamos destacar tr\u00eas aspectos mais significantes desse testemunho vocacional: o primeiro, a amizade profunda com Cristo, ou seja, permanecer no seu amor e aprender a estar com Ele, em sua comunh\u00e3o, e mantendo com Ele di\u00e1logo constante pela ora\u00e7\u00e3o (\u201cvinde e vede\u201d, \u201cpermanecei comigo\u201d). O segundo ser\u00e1 o dom total de si mesmo a Deus, de onde vem a capacidade da entrega total e incondicional, completa, cont\u00ednua e fiel (\u201cquem quiser me seguir\u201d, \u201cquem p\u00f5e a m\u00e3o no arado&#8230;\u201d, \u201calguns n\u00e3o se casam por causa do reino dos c\u00e9us\u201d). Terceiro: viver em comunh\u00e3o com os irm\u00e3os e irm\u00e3s de caminhada (\u201cque todos sejam um\u201d, \u201cvede como se amam\u201d).<\/p>\n<p style=\"text-align: justify\">No testemunho sacerdotal, as pessoas devem perceber a supera\u00e7\u00e3o das divis\u00f5es, das rupturas, das incompreens\u00f5es deste mundo. Nele as pessoas devem conhecer o que \u00e9 o perd\u00e3o.<\/p>\n<p style=\"text-align: justify\">Portanto, n\u00e3o sejamos indiferentes. Pelo poder da ora\u00e7\u00e3o pe\u00e7amos ao Senhor, mas tamb\u00e9m sejamos generosos quanto ao apoio efetivo e real \u00e0s voca\u00e7\u00f5es. Vivemos num mundo materialista, em que parece que o espiritual est\u00e1 anulado. Precisamos de pessoas que nos digam o contr\u00e1rio; pessoas que caminhem firmes em sua f\u00e9 e que espalhem para outros o olhar de miseric\u00f3rdia de Deus. Estes ser\u00e3o os bons sacerdotes de que tanto precisamos.<\/p>\n<p style=\"text-align: justify\">A chave de toda voca\u00e7\u00e3o \u00e9 perceber que Deus tem um plano para cada um de n\u00f3s. E se eu for chamado a segui-Lo, devo responder com generosidade e amor a este chamado. \u00c9 sentir-se atra\u00eddo por Deus!<\/p>\n<p style=\"text-align: justify\">Recordemos o apelo feito pelo Papa Bento XVI aos jovens americanos, em sua visita aos EUA: \u201clan\u00e7a para tua vida um estilo caracterizado pela caridade, pela castidade e pela humildade, imitando a Cristo, Sumo e Eterno Sacerdote, do qual devem tornar-se pedras vivas\u201d. Toda a Igreja \u00e9 respons\u00e1vel, portanto, pelo fomento das voca\u00e7\u00f5es.<\/p>\n<p style=\"text-align: justify\">De forma concreta, temos a chamada obra pelas voca\u00e7\u00f5es sacerdotais \u2013 OVS, que, infelizmente, n\u00e3o vemos constitu\u00eddas e organizadas em muitas de nossas par\u00f3quias e outros grupos vocacionais como o Serra, GVA. \u00c9 uma grande responsabilidade, pois os Ministros Ordenados e os Leigos deveriam ter essa grande preocupa\u00e7\u00e3o pelo fomento e apoio incondicional ao servi\u00e7o vocacional.<\/p>\n<p style=\"text-align: justify\">Temos, por\u00e9m, testemunhos que nos alegram, como a compreens\u00e3o e ajuda tanto em alimentos como de outras maneiras de muitas par\u00f3quias que fazem coletas em prol dos Semin\u00e1rios Arquidiocesanos S\u00e3o Jos\u00e9 e Rainha dos Ap\u00f3stolos. S\u00e3o exemplos que deveriam se espalhar em todo o ambiente do nosso Arcebispado.<\/p>\n<p style=\"text-align: justify\">Em um c\u00e2ntico vocacional antigo dirigido a S\u00e3o Jos\u00e9 se dizia: \u201cmandai voca\u00e7\u00f5es, padres pedem as multid\u00f5es, sacerdotes para o Brasil\u201d \u2013 vemos como isso continua muito atual. Cada dia ou\u00e7o pedidos desse tipo chegando e um povo sedento de verdadeiros, coerentes e santos pastores. Indo \u00e0 casa da m\u00e3e, pe\u00e7amos a Jos\u00e9 que tamb\u00e9m interceda por n\u00f3s.<\/p>\n<p style=\"text-align: justify\">A nossa alegria \u00e9 tamb\u00e9m pelos nossos atuais seminaristas, seja pelo entusiasmo juvenil e cheios de ideais que nos fazem agradecer ao Senhor ao ver voca\u00e7\u00f5es de todas as regi\u00f5es e situa\u00e7\u00f5es de nossa Arquidiocese e desejosos de abra\u00e7ar a vida presbiteral renovando assim o nosso presbit\u00e9rio que os acolhe como confian\u00e7a e generosidade. A cada \u00e9poca encontramos caracter\u00edsticas pr\u00f3prias nas voca\u00e7\u00f5es e quando temos abertura para a a\u00e7\u00e3o do Esp\u00edrito Santo saberemos valorizar a diversidade em cada situa\u00e7\u00e3o hist\u00f3rica. Agrade\u00e7o sinceramente a todos que trabalham nessa \u00e1rea, desde o despertar e acolher, passando pela forma\u00e7\u00e3o em todos os n\u00edveis at\u00e9 o acolhimento generoso e ajuda material.<\/p>\n<p style=\"text-align: justify\">Lembremos, portanto de Maria, neste final de semana que, como dissemos, iremos ao seu Santu\u00e1rio Nacional, que nos convida a um sim sincero. Imitemos o seu exemplo, cultivando em nosso cora\u00e7\u00e3o a capacidade de nos maravilharmos com o projeto salv\u00edfico de Deus em nossas vidas e de sermos d\u00f3ceis aos Seus apelos. Ela, certamente, nos ajudar\u00e1 a prosseguirmos firmes no caminho do nosso discipulado.<\/p>\n<h4 style=\"text-align: right\">Dom Orani Jo\u00e3o Tempesta<\/h4>\n","protected":false},"excerpt":{"rendered":"<p>Estamos chegando ao final deste aben\u00e7oado m\u00eas de agosto, chamado de m\u00eas vocacional, quando a m\u00e3e Igreja nos convida a refletir acerca das voca\u00e7\u00f5es. \u00c9 grave dever de todos os cat\u00f3licos o incentivo e o fomento das voca\u00e7\u00f5es sacerdotais. Este dever pertence a toda a comunidade dos fi\u00e9is, para que a pr\u00f3pria comunidade ofere\u00e7a seus &hellip;<\/p>\n<p class=\"read-more\"> <a class=\"\" href=\"https:\/\/www.cnbb.org.br\/vocacoes-oracoes-missoes\/\"> <span class=\"screen-reader-text\">Voca\u00e7\u00f5es, Ora\u00e7\u00f5es, Miss\u00f5es<\/span> Leia mais &raquo;<\/a><\/p>\n","protected":false},"author":83,"featured_media":0,"comment_status":"open","ping_status":"open","sticky":false,"template":"","format":"standard","meta":{"site-sidebar-layout":"default","site-content-layout":"default","ast-global-header-display":"","ast-banner-title-visibility":"","ast-main-header-display":"","ast-hfb-above-header-display":"","ast-hfb-below-header-display":"","ast-hfb-mobile-header-display":"","site-post-title":"","ast-breadcrumbs-content":"","ast-featured-img":"","footer-sml-layout":"","theme-transparent-header-meta":"","adv-header-id-meta":"","stick-header-meta":"","header-above-stick-meta":"","header-main-stick-meta":"","header-below-stick-meta":""},"categories":[1],"tags":[],"acf":[],"_links":{"self":[{"href":"https:\/\/www.cnbb.org.br\/cnbb-app\/wp\/v2\/posts\/29729"}],"collection":[{"href":"https:\/\/www.cnbb.org.br\/cnbb-app\/wp\/v2\/posts"}],"about":[{"href":"https:\/\/www.cnbb.org.br\/cnbb-app\/wp\/v2\/types\/post"}],"author":[{"embeddable":true,"href":"https:\/\/www.cnbb.org.br\/cnbb-app\/wp\/v2\/users\/83"}],"replies":[{"embeddable":true,"href":"https:\/\/www.cnbb.org.br\/cnbb-app\/wp\/v2\/comments?post=29729"}],"version-history":[{"count":0,"href":"https:\/\/www.cnbb.org.br\/cnbb-app\/wp\/v2\/posts\/29729\/revisions"}],"wp:attachment":[{"href":"https:\/\/www.cnbb.org.br\/cnbb-app\/wp\/v2\/media?parent=29729"}],"wp:term":[{"taxonomy":"category","embeddable":true,"href":"https:\/\/www.cnbb.org.br\/cnbb-app\/wp\/v2\/categories?post=29729"},{"taxonomy":"post_tag","embeddable":true,"href":"https:\/\/www.cnbb.org.br\/cnbb-app\/wp\/v2\/tags?post=29729"}],"curies":[{"name":"wp","href":"https:\/\/api.w.org\/{rel}","templated":true}]}}