{"id":29744,"date":"2010-11-15T00:00:00","date_gmt":"2010-11-15T02:00:00","guid":{"rendered":"https:\/\/www.cnbb.org.br\/organismos-e-instituicoes-debatem-sobre-vocacao-missionaria-como-opcao-de-vida\/"},"modified":"2020-03-11T17:16:11","modified_gmt":"2020-03-11T20:16:11","slug":"organismos-e-instituicoes-debatem-sobre-vocacao-missionaria-como-opcao-de-vida","status":"publish","type":"post","link":"https:\/\/www.cnbb.org.br\/organismos-e-instituicoes-debatem-sobre-vocacao-missionaria-como-opcao-de-vida\/","title":{"rendered":"Organismos e Institui\u00e7\u00f5es debatem sobre voca\u00e7\u00e3o mission\u00e1ria como op\u00e7\u00e3o de vida."},"content":{"rendered":"<p style=\"text-align: justify\">Termina nesta segunda-feira, 15, o 8\u00ba Encontro Nacional de Organismos e Institui\u00e7\u00f5es Mission\u00e1rias (ENOIM), promovido pelo Conselho Mission\u00e1rio Nacional (COMINA), que acontece desde s\u00e1bado, 13, no Centro Educativo de Assist\u00eancia Social La Salle, Vila Guilhermina, em S\u00e3o Paulo.<\/p>\n<p><!--more--><\/p>\n<p style=\"text-align: justify\">Segundo o bispo de Tef\u00e9 (AM) e presidente da Comiss\u00e3o Episcopal Pastoral para a A\u00e7\u00e3o Mission\u00e1ria e Coopera\u00e7\u00e3o Intereclesial da CNBB, dom S\u00e9rgio Castriani, a Igreja na Am\u00e9rica Latina e Caribe tem vivido momentos significativos com a realiza\u00e7\u00e3o de congressos espec\u00edficos sobre a Miss\u00e3o. Ele disse que o ENOIM fortalece os projetos mission\u00e1rios.<\/p>\n<p style=\"text-align: justify\"><img decoding=\"async\" loading=\"lazy\" class=\" alignright size-full wp-image-7323\" style=\"float: right\" src=\"https:\/\/www.cnbb.org.br\/wp-content\/uploads\/2020\/03\/ENOIM2.jpg\" alt=\"ENOIM2\" width=\"280\" height=\"186\" \/>\u201cA Miss\u00e3o tem rosto, a miss\u00e3o tem pessoas com testemunho e entusiasmo. Por isso esse Encontro \u00e9 importante pelo fato de juntar representantes das for\u00e7as vivas da miss\u00e3o para partilhar e refletir sobre nossa a\u00e7\u00e3o\u201d, disse dom S\u00e9rgio.<\/p>\n<p style=\"text-align: justify\">O bispo recordou, al\u00e9m da Miss\u00e3o Continental, as v\u00e1rias iniciativas sobre a miss\u00e3o como os Congressos Mission\u00e1rios Nacional em Aparecida e Americano em Quito, no Equador, em 2008; o I Congresso Mission\u00e1rio para Seminaristas, os Congressos Regionais, os Projetos Mission\u00e1rios no Timor Leste e o novo Projeto no Haiti.<\/p>\n<p style=\"text-align: justify\">\u201cEstas iniciativas nos permitem dizer que, a pesar dos nossos limites, a Miss\u00e3o est\u00e1 mais viva que nunca\u201d, acentuou dom S\u00e9rgio.<\/p>\n<p>O secret\u00e1rio executivo do COMINA, padre Jos\u00e9 Altevir da Silva, apresentou o tema do encontro, \u201cVoca\u00e7\u00e3o Mission\u00e1ria uma op\u00e7\u00e3o de vida\u201d, e sublinhou o chamado, a resposta e a fidelidade ao compromisso.<\/p>\n<p><img decoding=\"async\" loading=\"lazy\" class=\" alignright size-full wp-image-7324\" style=\"float: right\" src=\"https:\/\/www.cnbb.org.br\/wp-content\/uploads\/2020\/03\/ENOIM3IrTea.jpg\" alt=\"ENOIM3IrTea\" width=\"300\" height=\"333\" \/>J\u00e1 a assessora do Centro de Estudos B\u00edblicos (CEBI), Irm\u00e3 Tea Frigerio, aprofundou os fundamentos b\u00edblicos da Miss\u00e3o e da Consagra\u00e7\u00e3o a partir do evangelho de Mateus. \u201cA Miss\u00e3o n\u00e3o pode ser vivida individualmente, mas em comunidade. O chamado \u00e9 individual, mas a miss\u00e3o se d\u00e1 em comunidade\u201d, afirmou Irm\u00e3 Tea. \u201cQuem \u00e9 convocado e responde se trona itinerante, deixa tudo para adquirir o mais importante: o tesouro do Reino\u201d, acrescentou.<\/p>\n<p>Ap\u00f3s a confer\u00eancia os participantes trabalharam em cinco oficinas tem\u00e1ticas sobre Voca\u00e7\u00e3o Mission\u00e1ria e Juventude; Institutos Mission\u00e1rios e Vida Consagrada; Leigos; Presb\u00edteros e Seminaristas e Conselhos Mission\u00e1rios (COMINA, COMIRE, COMIDI, COMIPA).<\/p>\n<p>\u201cPrecisamos repensar a Miss\u00e3o a partir das nossas rela\u00e7\u00f5es de comunh\u00e3o e di\u00e1logo com os outros. Falamos da voca\u00e7\u00e3o como op\u00e7\u00e3o de vida. Sem jovens n\u00e3o \u00e9 poss\u00edvel fazer a Miss\u00e3o\u201d, disse o\u00a0 diretor do Centro Cultural Mission\u00e1rio (CCM), padre Est\u00eav\u00e3o Raschietti, ao analisar os trabalhos das oficinas.<\/p>\n<p style=\"text-align: justify\">O bispo auxiliar de Campo Grande (MS) e respons\u00e1vel pelo Setor Juventude da CNBB, dom Eduardo Pinheiro; o assessor da Comiss\u00e3o Episcopal dos Minist\u00e9rios Ordenados, padre Reginaldo Lima, e a assessora da Comiss\u00e3o Episcopal para a Amaz\u00f4nia, Ir. Irene Lopes, foram os assessores do encontro ontem, 14. Houve, ainda, testemunhos de viv\u00eancia mission\u00e1rio durante toda a tarde.<\/p>\n<p style=\"text-align: justify\"><span style=\"font-size: 8pt\"><strong><em>Colaborou: Pe. Jaime C. Patias<\/em><\/strong><\/span><\/p>\n<p style=\"text-align: justify\"><span style=\"font-size: 8pt\"><strong><em>Fotos: Pe. Jaime C. Patias<\/em><\/strong><\/span><\/p>\n","protected":false},"excerpt":{"rendered":"<p>Termina nesta segunda-feira, 15, o 8\u00ba Encontro Nacional de Organismos e Institui\u00e7\u00f5es Mission\u00e1rias (ENOIM), promovido pelo Conselho Mission\u00e1rio Nacional (COMINA), que acontece desde s\u00e1bado, 13, no Centro Educativo de Assist\u00eancia Social La Salle, Vila Guilhermina, em S\u00e3o Paulo.<\/p>\n","protected":false},"author":83,"featured_media":29745,"comment_status":"open","ping_status":"open","sticky":false,"template":"","format":"standard","meta":{"site-sidebar-layout":"default","site-content-layout":"default","ast-global-header-display":"","ast-banner-title-visibility":"","ast-main-header-display":"","ast-hfb-above-header-display":"","ast-hfb-below-header-display":"","ast-hfb-mobile-header-display":"","site-post-title":"","ast-breadcrumbs-content":"","ast-featured-img":"","footer-sml-layout":"","theme-transparent-header-meta":"","adv-header-id-meta":"","stick-header-meta":"","header-above-stick-meta":"","header-main-stick-meta":"","header-below-stick-meta":""},"categories":[1],"tags":[],"acf":[],"_links":{"self":[{"href":"https:\/\/www.cnbb.org.br\/cnbb-app\/wp\/v2\/posts\/29744"}],"collection":[{"href":"https:\/\/www.cnbb.org.br\/cnbb-app\/wp\/v2\/posts"}],"about":[{"href":"https:\/\/www.cnbb.org.br\/cnbb-app\/wp\/v2\/types\/post"}],"author":[{"embeddable":true,"href":"https:\/\/www.cnbb.org.br\/cnbb-app\/wp\/v2\/users\/83"}],"replies":[{"embeddable":true,"href":"https:\/\/www.cnbb.org.br\/cnbb-app\/wp\/v2\/comments?post=29744"}],"version-history":[{"count":0,"href":"https:\/\/www.cnbb.org.br\/cnbb-app\/wp\/v2\/posts\/29744\/revisions"}],"wp:featuredmedia":[{"embeddable":true,"href":"https:\/\/www.cnbb.org.br\/cnbb-app\/wp\/v2\/media\/29745"}],"wp:attachment":[{"href":"https:\/\/www.cnbb.org.br\/cnbb-app\/wp\/v2\/media?parent=29744"}],"wp:term":[{"taxonomy":"category","embeddable":true,"href":"https:\/\/www.cnbb.org.br\/cnbb-app\/wp\/v2\/categories?post=29744"},{"taxonomy":"post_tag","embeddable":true,"href":"https:\/\/www.cnbb.org.br\/cnbb-app\/wp\/v2\/tags?post=29744"}],"curies":[{"name":"wp","href":"https:\/\/api.w.org\/{rel}","templated":true}]}}