{"id":29747,"date":"2010-12-03T00:00:00","date_gmt":"2010-12-03T02:00:00","guid":{"rendered":"https:\/\/www.cnbb.org.br\/celam-promove-o-2o-congresso-latino-americano-de-vocacoes\/"},"modified":"2020-03-11T17:16:11","modified_gmt":"2020-03-11T20:16:11","slug":"celam-promove-o-2o-congresso-latino-americano-de-vocacoes","status":"publish","type":"post","link":"https:\/\/www.cnbb.org.br\/celam-promove-o-2o-congresso-latino-americano-de-vocacoes\/","title":{"rendered":"CELAM promove o 2\u00ba Congresso Latino-americano de Voca\u00e7\u00f5es"},"content":{"rendered":"<p style=\"text-align: justify\">O Departamento de Voca\u00e7\u00f5es e Minist\u00e9rios do Conselho Episcopal Latino-americano (CELAM), em comunh\u00e3o com outros organismos eclesiais, organiza o 2\u00ba Congresso Latino-americano de Voca\u00e7\u00f5es, a realizar-se entre os dias 31 de janeiro a 5 de fevereiro de 2011, em Cartago, Costa Rica.<\/p>\n<p><!--more--><\/p>\n<p style=\"text-align: justify\">Segundo os organizadores do Congresso, o objetivo do mesmo ser\u00e1 \u201cfortalecer a cultura vocacional para que os batizados assumam seu chamado de ser disc\u00edpulo mission\u00e1rio de Cristo nas circunst\u00e2ncias atuais da Am\u00e9rica Latina e Caribe\u201d.<\/p>\n<p style=\"text-align: justify\">Os bispos respons\u00e1veis e secret\u00e1rios executivos para a Anima\u00e7\u00e3o Vocacional no Continente, reunidos de 03 a 07 de novembro de 2008, em S\u00e3o Pedro Sula, Honduras, juntamente com representantes das Pontif\u00edcias Obras das Voca\u00e7\u00f5es Sacerdotais e da Congrega\u00e7\u00e3o para a Educa\u00e7\u00e3o Cat\u00f3lica, do Vaticano, tomaram a s\u00e9rio o desejo de Aparecida de promover e coordenar diversas iniciativas vocacionais.<\/p>\n<p style=\"text-align: justify\">\u201cO Congresso se prop\u00f5e ser uma resposta aos desafios de Aparecida, pois no que se refere \u00e0 forma\u00e7\u00e3o dos disc\u00edpulos e mission\u00e1rios de Cristo, ocupa lugar particular a pastoral vocacional, que acompanha cuidadosamente todos os que o Senhor chama a servir \u00e0 Igreja no sacerd\u00f3cio, na vida consagrada ou no estado de leigo. A pastoral vocacional, que \u00e9 responsabilidade de todo o povo de Deus, come\u00e7a na fam\u00edlia e continua na comunidade crist\u00e3, deve dirigir-se \u00e0s crian\u00e7as e especialmente aos jovens para ajud\u00e1-los a descobrir o sentido da vida e o projeto que Deus tem para cada um, acompanhando-os em seu processo de discernimento\u201d, afirma os representantes do CELAM.<\/p>\n<p style=\"text-align: justify\">\u00c9 importante destacar que cada Conferencia Episcopal deve coordenar sua participa\u00e7\u00e3o no evento e formar uma delega\u00e7\u00e3o que a represente. Neste sentido, durante o 3\u00ba Congresso Vocacional do Brasil, realizado nos dias 03 a 07 de setembro de 2010, em Itaici (SP), foram distribu\u00eddas as fichas de inscri\u00e7\u00f5es.<\/p>\n<div style=\"text-align: justify\"><a href=\"http:\/\/cnbbjoomla.sitesparresia.com\/wp-content\/uploads\/sites\/85\/2010\/12\/Lista_dos_participantes_do_2.doc\" target=\"_blank\" rel=\"noopener\">Do Brasil, participar\u00e3o 51 delegados, entre presb\u00edteros, religiosos e leigos.<\/a><\/div>\n<p>Veja o v\u00eddeo promocional do 2\u00b0 Congresso Latino-americano de Voca\u00e7\u00f5es.<\/p>\n","protected":false},"excerpt":{"rendered":"<p>O Departamento de Voca\u00e7\u00f5es e Minist\u00e9rios do Conselho Episcopal Latino-americano (CELAM), em comunh\u00e3o com outros organismos eclesiais, organiza o 2\u00ba Congresso Latino-americano de Voca\u00e7\u00f5es, a realizar-se entre os dias 31 de janeiro a 5 de fevereiro de 2011, em Cartago, Costa Rica.<\/p>\n","protected":false},"author":83,"featured_media":29748,"comment_status":"open","ping_status":"open","sticky":false,"template":"","format":"standard","meta":{"site-sidebar-layout":"default","site-content-layout":"default","ast-global-header-display":"","ast-banner-title-visibility":"","ast-main-header-display":"","ast-hfb-above-header-display":"","ast-hfb-below-header-display":"","ast-hfb-mobile-header-display":"","site-post-title":"","ast-breadcrumbs-content":"","ast-featured-img":"","footer-sml-layout":"","theme-transparent-header-meta":"","adv-header-id-meta":"","stick-header-meta":"","header-above-stick-meta":"","header-main-stick-meta":"","header-below-stick-meta":""},"categories":[1],"tags":[],"acf":[],"_links":{"self":[{"href":"https:\/\/www.cnbb.org.br\/cnbb-app\/wp\/v2\/posts\/29747"}],"collection":[{"href":"https:\/\/www.cnbb.org.br\/cnbb-app\/wp\/v2\/posts"}],"about":[{"href":"https:\/\/www.cnbb.org.br\/cnbb-app\/wp\/v2\/types\/post"}],"author":[{"embeddable":true,"href":"https:\/\/www.cnbb.org.br\/cnbb-app\/wp\/v2\/users\/83"}],"replies":[{"embeddable":true,"href":"https:\/\/www.cnbb.org.br\/cnbb-app\/wp\/v2\/comments?post=29747"}],"version-history":[{"count":0,"href":"https:\/\/www.cnbb.org.br\/cnbb-app\/wp\/v2\/posts\/29747\/revisions"}],"wp:featuredmedia":[{"embeddable":true,"href":"https:\/\/www.cnbb.org.br\/cnbb-app\/wp\/v2\/media\/29748"}],"wp:attachment":[{"href":"https:\/\/www.cnbb.org.br\/cnbb-app\/wp\/v2\/media?parent=29747"}],"wp:term":[{"taxonomy":"category","embeddable":true,"href":"https:\/\/www.cnbb.org.br\/cnbb-app\/wp\/v2\/categories?post=29747"},{"taxonomy":"post_tag","embeddable":true,"href":"https:\/\/www.cnbb.org.br\/cnbb-app\/wp\/v2\/tags?post=29747"}],"curies":[{"name":"wp","href":"https:\/\/api.w.org\/{rel}","templated":true}]}}