{"id":29750,"date":"2010-12-29T00:00:00","date_gmt":"2010-12-29T02:00:00","guid":{"rendered":"https:\/\/www.cnbb.org.br\/costa-rica-prepara-o-2o-congresso-latino-americano-de-vocacoes\/"},"modified":"2020-03-11T17:16:11","modified_gmt":"2020-03-11T20:16:11","slug":"costa-rica-prepara-o-2o-congresso-latino-americano-de-vocacoes","status":"publish","type":"post","link":"https:\/\/www.cnbb.org.br\/costa-rica-prepara-o-2o-congresso-latino-americano-de-vocacoes\/","title":{"rendered":"Costa Rica prepara o 2\u00ba Congresso Latino-americano de Voca\u00e7\u00f5es"},"content":{"rendered":"<p style=\"text-align: justify\">Realiza-se de 31 de janeiro a 5 de fevereiro, em San Jos\u00e9, na Costa Rica, o 2\u00ba Congresso Latino-americano de Voca\u00e7\u00f5es, promovido pelo Setor de Voca\u00e7\u00f5es e Minist\u00e9rios do Conselho Episcopal Latino-americano (CELAM).<\/p>\n<p><!--more--><\/p>\n<p style=\"text-align: justify\">Em nota, o organismo ressalta que o objetivo do evento \u00e9 fortalecer a cultura vocacional a fim de que os batizados assumam seu chamado e se tornem disc\u00edpulos e mission\u00e1rios de Cristo nas circunst\u00e2ncias atuais da Am\u00e9rica Latina e Caribe.<\/p>\n<p style=\"text-align: justify\">Os bispos respons\u00e1veis pela Anima\u00e7\u00e3o Vocacional na Am\u00e9rica Latina e Caribe, reunidos de 3 a 7 de novembro de 2008, em San Pedro Sula, em Honduras, assumiram seriamente o compromisso da Confer\u00eancia de Aparecida de promover e coordenar v\u00e1rias iniciativas vocacionais.<\/p>\n<p style=\"text-align: justify\">\u201cEste congresso \u00e9 uma resposta aos desafios de Aparecida e no que concerne a forma\u00e7\u00e3o dos disc\u00edpulos e mission\u00e1rios de Cristo, a Pastoral Vocacional ocupa um lugar privilegiado, pois cuida de todos aqueles que o Senhor chama a servir a sua Igreja no sacerd\u00f3cio, na vida consagrada e no estado laical\u201d, diz o CELAM.<\/p>\n<p style=\"text-align: justify\">A Pastoral Vocacional, responsabilidade de todo o povo de Deus, come\u00e7a na fam\u00edlia e continua na comunidade crist\u00e3. Ela deve ser dirigida \u00e0s crian\u00e7as e especialmente aos jovens a fim de ajud\u00e1-los a descobrir o sentido da vida e o projeto que Deus tem para cada um, acompanhando-os em seu processo de discernimento.<\/p>\n<p style=\"text-align: justify\">O CELAM ressalta que \u00e9 necess\u00e1rio intensificar as v\u00e1rias maneiras de ora\u00e7\u00e3o pelas voca\u00e7\u00f5es, ajudando a criar uma maior sensibilidade e receptividade diante do chamado do Senhor.<\/p>\n","protected":false},"excerpt":{"rendered":"<p>Realiza-se de 31 de janeiro a 5 de fevereiro, em San Jos\u00e9, na Costa Rica, o 2\u00ba Congresso Latino-americano de Voca\u00e7\u00f5es, promovido pelo Setor de Voca\u00e7\u00f5es e Minist\u00e9rios do Conselho Episcopal Latino-americano (CELAM).<\/p>\n","protected":false},"author":83,"featured_media":29748,"comment_status":"open","ping_status":"open","sticky":false,"template":"","format":"standard","meta":{"site-sidebar-layout":"default","site-content-layout":"default","ast-global-header-display":"","ast-banner-title-visibility":"","ast-main-header-display":"","ast-hfb-above-header-display":"","ast-hfb-below-header-display":"","ast-hfb-mobile-header-display":"","site-post-title":"","ast-breadcrumbs-content":"","ast-featured-img":"","footer-sml-layout":"","theme-transparent-header-meta":"","adv-header-id-meta":"","stick-header-meta":"","header-above-stick-meta":"","header-main-stick-meta":"","header-below-stick-meta":""},"categories":[1],"tags":[],"acf":[],"_links":{"self":[{"href":"https:\/\/www.cnbb.org.br\/cnbb-app\/wp\/v2\/posts\/29750"}],"collection":[{"href":"https:\/\/www.cnbb.org.br\/cnbb-app\/wp\/v2\/posts"}],"about":[{"href":"https:\/\/www.cnbb.org.br\/cnbb-app\/wp\/v2\/types\/post"}],"author":[{"embeddable":true,"href":"https:\/\/www.cnbb.org.br\/cnbb-app\/wp\/v2\/users\/83"}],"replies":[{"embeddable":true,"href":"https:\/\/www.cnbb.org.br\/cnbb-app\/wp\/v2\/comments?post=29750"}],"version-history":[{"count":0,"href":"https:\/\/www.cnbb.org.br\/cnbb-app\/wp\/v2\/posts\/29750\/revisions"}],"wp:featuredmedia":[{"embeddable":true,"href":"https:\/\/www.cnbb.org.br\/cnbb-app\/wp\/v2\/media\/29748"}],"wp:attachment":[{"href":"https:\/\/www.cnbb.org.br\/cnbb-app\/wp\/v2\/media?parent=29750"}],"wp:term":[{"taxonomy":"category","embeddable":true,"href":"https:\/\/www.cnbb.org.br\/cnbb-app\/wp\/v2\/categories?post=29750"},{"taxonomy":"post_tag","embeddable":true,"href":"https:\/\/www.cnbb.org.br\/cnbb-app\/wp\/v2\/tags?post=29750"}],"curies":[{"name":"wp","href":"https:\/\/api.w.org\/{rel}","templated":true}]}}