{"id":29757,"date":"2011-03-18T00:00:00","date_gmt":"2011-03-18T03:00:00","guid":{"rendered":"https:\/\/www.cnbb.org.br\/sao-jose-e-as-vocacoes\/"},"modified":"2020-03-11T17:16:10","modified_gmt":"2020-03-11T20:16:10","slug":"sao-jose-e-as-vocacoes","status":"publish","type":"post","link":"https:\/\/www.cnbb.org.br\/sao-jose-e-as-vocacoes\/","title":{"rendered":"S\u00e3o Jos\u00e9 e as voca\u00e7\u00f5es"},"content":{"rendered":"<h4 style=\"text-align: right\">Dom Orani Jo\u00e3o Tempesta, O. Cist.<\/h4>\n<h4 style=\"text-align: right\">Arcebispo Metropolitano de S\u00e3o Sebasti\u00e3o do Rio de Janeiro, RJ<\/h4>\n<p style=\"text-align: justify\">Neste s\u00e1bado celebramos a solenidade lit\u00fargica daquele que \u00e9 invocado como esposo da Bem-aventurada Virgem Maria e Padroeiro da Igreja Universal. O Papa Le\u00e3o XIII, em 15 de agosto de 1889, publicou a Enc\u00edclica Quamquam pluries, atrav\u00e9s da qual recordava o valor da devo\u00e7\u00e3o e, consequentemente, incentivava o culto de venera\u00e7\u00e3o ao glorioso S\u00e3o Jos\u00e9. Diz-nos o Papa:<\/p>\n<p><!--more--><\/p>\n<p style=\"text-align: justify\">\u201cRecomendamos, al\u00e9m disso, aos fi\u00e9is daquelas na\u00e7\u00f5es nas quais o dia 19 de mar\u00e7o, consagrado a S\u00e3o Jos\u00e9, n\u00e3o esteja inclu\u00eddo entre as festas de preceito, que n\u00e3o deixem por quanto poss\u00edvel, de santific\u00e1-lo ao menos em particular, em honra do celeste Patrono, como um dia festivo\u201d.<\/p>\n<p style=\"text-align: justify\">Nossa celebra\u00e7\u00e3o anual, neste m\u00eas em que a piedade popular chama de m\u00eas de S\u00e3o Jos\u00e9, j\u00e1 que s\u00e3o tantas as catedrais, in\u00fameras as par\u00f3quias e quase incalcul\u00e1veis as capelas a ele dedicadas, muitos devotos prestam o culto de venera\u00e7\u00e3o \u00e0quele que \u00e9 cognominado \u201cjusto\u201d.<\/p>\n<p style=\"text-align: justify\">Diz o Papa Le\u00e3o XIII: \u201cvimos um grande progresso no culto a S\u00e3o Jos\u00e9, anteriormente promovido pelo zelo dos Sumos Pont\u00edfices, depois estendido a todo o mundo, especialmente quando Pio IX, nosso predecessor de feliz mem\u00f3ria, a pedido de muit\u00edssimos bispos, declarou o Santo Patriarca, Patrono da Igreja Cat\u00f3lica. Todavia, por ser muito importante que o seu culto penetre profundamente nas institui\u00e7\u00f5es cat\u00f3licas e nos costumes, queremos que o povo crist\u00e3o receba da nossa pr\u00f3pria voz e autoridade todo o incentivo poss\u00edvel. As raz\u00f5es pelas quais S\u00e3o Jos\u00e9 deve ser tido como Patrono da Igreja \u2013 e a Igreja por sua vez espera muit\u00edssimo da sua especial prote\u00e7\u00e3o \u2013 residem, sobretudo, no fato de que ele \u00e9 esposo de Maria e pai putativo de Jesus Cristo. Daqui derivam toda a sua grandeza, gra\u00e7a, santidade e gl\u00f3ria&#8230;\u201d \u201cFoi ele, de fato, que guardou com sumo amor e cont\u00ednua vigil\u00e2ncia a sua esposa e o Filho divino; foi ele que proveu o seu sustento com o trabalho; ele que os afastou do perigo a que os expunha o \u00f3dio de um rei, levando-o a salvo para fora da p\u00e1tria, e nos desconfortos das viagens e nas dificuldades do ex\u00edlio foi de Jesus e Maria companheiro insepar\u00e1vel, socorro e conforto\u201d.<\/p>\n<p style=\"text-align: justify\">A miss\u00e3o de S\u00e3o Jos\u00e9 n\u00e3o se encerra, contudo, com a sua vida terrena, porque a sua autoridade de pai, pela vontade de Deus, estendeu-se, de modo peculiar, sobre toda a Igreja: \u201ca Sagrada Fam\u00edlia, que Jos\u00e9 governou com autoridade de pai, era o ber\u00e7o da Igreja nascente. A Virgem Sant\u00edssima, de fato, enquanto M\u00e3e de Jesus, \u00e9 tamb\u00e9m m\u00e3e de todos os crist\u00e3os por ela gerados em meio \u00e0s dores do Redentor no Calv\u00e1rio. E Jesus \u00e9, de alguma maneira, como o primog\u00eanito dos crist\u00e3os que, por ado\u00e7\u00e3o e pela reden\u00e7\u00e3o, s\u00e3o seus irm\u00e3os. Disso deriva que S\u00e3o Jos\u00e9 considera como confiada a Ele pr\u00f3prio a multid\u00e3o dos crist\u00e3os que formam a Igreja, ou seja, a inumer\u00e1vel fam\u00edlia dispersa pelo mundo, sobre a qual Ele, como esposo de Maria e pai putativo de Jesus, tem uma autoridade semelhante \u00e0 de um pai. \u00c9, portanto, justo e digno de S\u00e3o Jos\u00e9 que, assim como ele guardou no seu tempo a Fam\u00edlia de Nazar\u00e9, tamb\u00e9m agora guarde e defenda com seu patroc\u00ednio a Igreja de Cristo\u201d.<\/p>\n<p style=\"text-align: justify\">Ainda o Sumo Pont\u00edfice exorta a todos os crist\u00e3os, na fidelidade ao dever de estado, para que o tenham como modelo e protetor:<\/p>\n<p style=\"text-align: justify\">\u201cNele, os pais de fam\u00edlia encontram o mais alto exemplo de paterna vigil\u00e2ncia e provid\u00eancia; os c\u00f4njuges, o exemplo mais perfeito de amor, conc\u00f3rdia e fidelidade conjugal; os consagrados a Deus, o modelo e protetor da castidade virginal\u201d.<\/p>\n<p style=\"text-align: justify\">Uma das vers\u00f5es do popular Hino a S\u00e3o Jos\u00e9 \u00e9 a vocacional: \u201cS\u00e3o Jos\u00e9, mandai voca\u00e7\u00f5es, padres pedem as multid\u00f5es!\u201d Isso nos motiva a viver tamb\u00e9m nesse dia um dia vocacional muito especial.<\/p>\n<p style=\"text-align: justify\">S\u00e3o Jos\u00e9 \u00e9 o padroeiro do nosso Semin\u00e1rio Arquidiocesano. O Semin\u00e1rio Arquidiocesano de S\u00e3o Jos\u00e9, cuja festa dos 270 anos celebramos recentemente, foi fundado aos 5 de setembro de 1739 por Dom Frei Antonio Guadalupe, e tem a responsabilidade de proporcionar a forma\u00e7\u00e3o humana, pastoral, comunit\u00e1ria, espiritual e acad\u00eamica, incluindo os cursos de Filosofia e Teologia a jovens em regime de internato, para se prepararem devidamente ao minist\u00e9rio sacerdotal.<\/p>\n<p style=\"text-align: justify\">Nesse dia festivo, o Semin\u00e1rio S\u00e3o Jos\u00e9 oferece \u00e0 Igreja do Rio de Janeiro nove jovens seminaristas que se apresentam para a ordena\u00e7\u00e3o diaconal, o primeiro grau do sacramento da Ordem. N\u00f3s nos alegramos e convidamos a todos para esse momento importante para nossa Igreja, que acontecer\u00e1 \u00e0s 8h30 deste s\u00e1bado, dia 19 de mar\u00e7o, na Catedral de S\u00e3o Sebasti\u00e3o.<\/p>\n<p style=\"text-align: justify\">Os ordinandos escolheram como lema \u201cEis o servo fiel e prudente\u201d (cf. Mt 24, 45).\u00a0 A passagem b\u00edblica escolhida pelos seminaristas como lema da ordena\u00e7\u00e3o tem, sem d\u00favida, rela\u00e7\u00e3o direta com a data, a vida e a festa de S\u00e3o Jos\u00e9. Esposo devoto de Maria e pai adotivo do Redentor, S\u00e3o Jos\u00e9 \u00e9 um servo fiel e prudente. E assim, os futuros di\u00e1conos tamb\u00e9m querem ser no servi\u00e7o ao povo de Deus.<\/p>\n<p style=\"text-align: justify\">Que S\u00e3o Jos\u00e9, homem justo, que foi escolhido para ser esposo da M\u00e3e de Deus, servo fiel e prudente, constitu\u00eddo chefe da vossa fam\u00edlia, para guardar com paternal solicitude o vosso Filho unig\u00eanito, Jesus Cristo, Nosso Senhor, interceda sempre por n\u00f3s junto a Ele, e interceda de modo especial pelo Nosso Santo Padre Bento XVI, que o tem como padroeiro onom\u00e1stico (Joseph) e interceda, tamb\u00e9m, pela Igreja de S\u00e3o Sebasti\u00e3o, que, \u00e0 sombra das virtudes do homem justo, S\u00e3o Jos\u00e9, acolha os novos ministros ordenados como di\u00e1conos. Eles, depois de um tempo de experi\u00eancia diaconal, destinam-se a ser ordenados ao minist\u00e9rio presbiteral. Pedimos a Deus para que sejam o bom odor da santidade de Cristo na vida de nossa Igreja e na santifica\u00e7\u00e3o de nosso povo fiel.<\/p>\n","protected":false},"excerpt":{"rendered":"<p>Dom Orani Jo\u00e3o Tempesta, O. Cist. Arcebispo Metropolitano de S\u00e3o Sebasti\u00e3o do Rio de Janeiro, RJ Neste s\u00e1bado celebramos a solenidade lit\u00fargica daquele que \u00e9 invocado como esposo da Bem-aventurada Virgem Maria e Padroeiro da Igreja Universal. O Papa Le\u00e3o XIII, em 15 de agosto de 1889, publicou a Enc\u00edclica Quamquam pluries, atrav\u00e9s da qual &hellip;<\/p>\n<p class=\"read-more\"> <a class=\"\" href=\"https:\/\/www.cnbb.org.br\/sao-jose-e-as-vocacoes\/\"> <span class=\"screen-reader-text\">S\u00e3o Jos\u00e9 e as voca\u00e7\u00f5es<\/span> Leia mais &raquo;<\/a><\/p>\n","protected":false},"author":83,"featured_media":0,"comment_status":"open","ping_status":"open","sticky":false,"template":"","format":"standard","meta":{"site-sidebar-layout":"default","site-content-layout":"default","ast-global-header-display":"","ast-banner-title-visibility":"","ast-main-header-display":"","ast-hfb-above-header-display":"","ast-hfb-below-header-display":"","ast-hfb-mobile-header-display":"","site-post-title":"","ast-breadcrumbs-content":"","ast-featured-img":"","footer-sml-layout":"","theme-transparent-header-meta":"","adv-header-id-meta":"","stick-header-meta":"","header-above-stick-meta":"","header-main-stick-meta":"","header-below-stick-meta":""},"categories":[1],"tags":[],"acf":[],"_links":{"self":[{"href":"https:\/\/www.cnbb.org.br\/cnbb-app\/wp\/v2\/posts\/29757"}],"collection":[{"href":"https:\/\/www.cnbb.org.br\/cnbb-app\/wp\/v2\/posts"}],"about":[{"href":"https:\/\/www.cnbb.org.br\/cnbb-app\/wp\/v2\/types\/post"}],"author":[{"embeddable":true,"href":"https:\/\/www.cnbb.org.br\/cnbb-app\/wp\/v2\/users\/83"}],"replies":[{"embeddable":true,"href":"https:\/\/www.cnbb.org.br\/cnbb-app\/wp\/v2\/comments?post=29757"}],"version-history":[{"count":0,"href":"https:\/\/www.cnbb.org.br\/cnbb-app\/wp\/v2\/posts\/29757\/revisions"}],"wp:attachment":[{"href":"https:\/\/www.cnbb.org.br\/cnbb-app\/wp\/v2\/media?parent=29757"}],"wp:term":[{"taxonomy":"category","embeddable":true,"href":"https:\/\/www.cnbb.org.br\/cnbb-app\/wp\/v2\/categories?post=29757"},{"taxonomy":"post_tag","embeddable":true,"href":"https:\/\/www.cnbb.org.br\/cnbb-app\/wp\/v2\/tags?post=29757"}],"curies":[{"name":"wp","href":"https:\/\/api.w.org\/{rel}","templated":true}]}}