{"id":29760,"date":"2011-08-20T00:00:00","date_gmt":"2011-08-20T03:00:00","guid":{"rendered":"https:\/\/www.cnbb.org.br\/feira-das-vocacoes-chama-a-atencao-dos-jovens-na-jmj\/"},"modified":"2020-03-11T17:16:09","modified_gmt":"2020-03-11T20:16:09","slug":"feira-das-vocacoes-chama-a-atencao-dos-jovens-na-jmj","status":"publish","type":"post","link":"https:\/\/www.cnbb.org.br\/feira-das-vocacoes-chama-a-atencao-dos-jovens-na-jmj\/","title":{"rendered":"Feira das Voca\u00e7\u00f5es chama a aten\u00e7\u00e3o dos jovens na JMJ"},"content":{"rendered":"<p style=\"text-align: justify\">MADRI &#8211; Nem todos os jovens que participam da Jornada Mundial da Juventude (JMJ), em Madri, atuam em movimentos, pastorais, congrega\u00e7\u00f5es e novas comunidades. A Feira Vocacional, com 70 estandes no amplo Parque do Retiro, oferece a esses jovens a oportunidade de conhecer as v\u00e1rias formas de servir a Deus.<\/p>\n<p><!--more--><\/p>\n<p style=\"text-align: justify\">S\u00e3o ordens religiosas como os jesu\u00edtas e os cistercienses; movimentos como o Cursilho de Cristandade e o Regnum Christi; comunidades novas como Emmanuel e pastorais como a Pastoral Universit\u00e1ria de Madri. Duas express\u00f5es genuinamente brasileiras est\u00e3o l\u00e1: o Instituto Hesed e a Comunidade Shalom. \u201c\u00c9 muito interessante ver essa busca de Deus que o jovem faz aqui\u201d, disse a Irm\u00e3 Maria Imaculada, do Instituto Hesed.<\/p>\n<p>No estande dos Lectionautas, iniciativa presente em v\u00e1rios pa\u00edses da Am\u00e9rica Latina,\u00a0 inclusive no Brasil, e apoiada pelo Conselho Episcopal Latino Americano (Celam), jovens de v\u00e1rios pa\u00edses fazem exerc\u00edcios de Lectio Divina. No estande do Life Teen, trabalho surgido nos Estados Unidos e presente em alguns pa\u00edses europeus e de l\u00edngua inglesa, os representantes explicam seu objetivo: ajudar par\u00f3quias a formar grupos de jovens.<\/p>\n<p>As op\u00e7\u00f5es s\u00e3o muitas. O jovem cearense Felipe Gonzalez foi ao Parque para conhecer a Feira. \u201cDeus vem chamando a gente desde que viemos do Brasil para c\u00e1. Soubemos da Feira Vocacional e Deus nos chamou aqui. H\u00e1 muitos carismas e s\u00f3 conhecendo-os bem para saber qual \u00e9 realmente a nossa voca\u00e7\u00e3o\u201d, disse.<\/p>\n","protected":false},"excerpt":{"rendered":"<p>MADRI &#8211; Nem todos os jovens que participam da Jornada Mundial da Juventude (JMJ), em Madri, atuam em movimentos, pastorais, congrega\u00e7\u00f5es e novas comunidades. A Feira Vocacional, com 70 estandes no amplo Parque do Retiro, oferece a esses jovens a oportunidade de conhecer as v\u00e1rias formas de servir a Deus.<\/p>\n","protected":false},"author":83,"featured_media":29761,"comment_status":"open","ping_status":"open","sticky":false,"template":"","format":"standard","meta":{"site-sidebar-layout":"default","site-content-layout":"default","ast-global-header-display":"","ast-banner-title-visibility":"","ast-main-header-display":"","ast-hfb-above-header-display":"","ast-hfb-below-header-display":"","ast-hfb-mobile-header-display":"","site-post-title":"","ast-breadcrumbs-content":"","ast-featured-img":"","footer-sml-layout":"","theme-transparent-header-meta":"","adv-header-id-meta":"","stick-header-meta":"","header-above-stick-meta":"","header-main-stick-meta":"","header-below-stick-meta":""},"categories":[1],"tags":[],"acf":[],"_links":{"self":[{"href":"https:\/\/www.cnbb.org.br\/cnbb-app\/wp\/v2\/posts\/29760"}],"collection":[{"href":"https:\/\/www.cnbb.org.br\/cnbb-app\/wp\/v2\/posts"}],"about":[{"href":"https:\/\/www.cnbb.org.br\/cnbb-app\/wp\/v2\/types\/post"}],"author":[{"embeddable":true,"href":"https:\/\/www.cnbb.org.br\/cnbb-app\/wp\/v2\/users\/83"}],"replies":[{"embeddable":true,"href":"https:\/\/www.cnbb.org.br\/cnbb-app\/wp\/v2\/comments?post=29760"}],"version-history":[{"count":0,"href":"https:\/\/www.cnbb.org.br\/cnbb-app\/wp\/v2\/posts\/29760\/revisions"}],"wp:featuredmedia":[{"embeddable":true,"href":"https:\/\/www.cnbb.org.br\/cnbb-app\/wp\/v2\/media\/29761"}],"wp:attachment":[{"href":"https:\/\/www.cnbb.org.br\/cnbb-app\/wp\/v2\/media?parent=29760"}],"wp:term":[{"taxonomy":"category","embeddable":true,"href":"https:\/\/www.cnbb.org.br\/cnbb-app\/wp\/v2\/categories?post=29760"},{"taxonomy":"post_tag","embeddable":true,"href":"https:\/\/www.cnbb.org.br\/cnbb-app\/wp\/v2\/tags?post=29760"}],"curies":[{"name":"wp","href":"https:\/\/api.w.org\/{rel}","templated":true}]}}