{"id":29766,"date":"2012-08-14T00:00:00","date_gmt":"2012-08-14T03:00:00","guid":{"rendered":"https:\/\/www.cnbb.org.br\/ministerio-ordenado\/"},"modified":"2020-03-11T17:16:08","modified_gmt":"2020-03-11T20:16:08","slug":"ministerio-ordenado","status":"publish","type":"post","link":"https:\/\/www.cnbb.org.br\/ministerio-ordenado\/","title":{"rendered":"Minist\u00e9rio Ordenado"},"content":{"rendered":"<p style=\"text-align: justify\">O m\u00eas de agosto \u00e9 o M\u00eas Vocacional! Nele, com mais \u00eanfase destacamos a dimens\u00e3o vocacional de cada batizado. Sabemos que o batismo \u00e9 a fonte de todas as voca\u00e7\u00f5es. A palavra voca\u00e7\u00e3o vem do latim &#8220;vocare&#8221; e quer dizer chamado, chamamento que sup\u00f5e uma resposta. Neste sentido Deus chama e o ser humano responde.<\/p>\n<p><!--more--><\/p>\n<p style=\"text-align: justify\">A primeira e maior de todas as voca\u00e7\u00f5es \u00e9 o chamado \u00e0 vida. Todos s\u00e3o chamados \u00e0 vida. O pr\u00f3prio Jesus enfatiza isso quando diz: &#8220;Eu vim para que todos tenham vida e a tenham em abund\u00e2ncia&#8221;, ou ainda quando se revela como a pr\u00f3pria vida: &#8220;Eu sou o caminho, a verdade e a vida&#8221;. O chamamento \u00e0 vida \u00e9 uma voca\u00e7\u00e3o que gera, por si mesmo, em n\u00f3s a felicidade. Vida e felicidade s\u00e3o voca\u00e7\u00f5es universais do ser humano. S\u00e3o comuns a todos os estados de vida. E todos temos a voca\u00e7\u00e3o universal \u00e0 santidade. Voca\u00e7\u00e3o comum a todos n\u00f3s.<\/p>\n<p style=\"text-align: justify\">Dentre os estados de vida poss\u00edveis est\u00e1 aquele que \u00e9 impresso pelo sacramento da Ordem. Ordem \u00e9 o sacramento gra\u00e7as ao qual a miss\u00e3o confiada por Cristo a seus ap\u00f3stolos continua sendo exercida na Igreja, e assim ser\u00e1 at\u00e9 o fim dos tempos. O sacramento da Ordem comporta tr\u00eas graus, a saber: diaconato, presbiterado e episcopado. A ordena\u00e7\u00e3o transcende uma simples elei\u00e7\u00e3o, designa\u00e7\u00e3o, delega\u00e7\u00e3o, porque confere um dom do Esp\u00edrito Santo, um poder sagrado (para melhor servir o povo de Deus), que s\u00f3 pode vir de Cristo mesmo e que atua na sua Igreja.<\/p>\n<p style=\"text-align: justify\">O sinal vis\u00edvel desta consagra\u00e7\u00e3o se d\u00e1 no rito da imposi\u00e7\u00e3o das m\u00e3os do bispo e na ora\u00e7\u00e3o consecrat\u00f3ria. Na teologia do sacramento da Ordem, Cristo \u00e9 o sumo sacerdote e tamb\u00e9m o \u00fanico. \u00c9 ele quem faz da Igreja &#8220;um reino de sacerdotes para Deus&#8221;, onde cada fiel exerce o seu sacerd\u00f3cio por meio de sua participa\u00e7\u00e3o, cada qual segundo sua pr\u00f3pria voca\u00e7\u00e3o, na miss\u00e3o de Cristo, sacerdote, profeta e rei.<\/p>\n<p style=\"text-align: justify\">O sacerd\u00f3cio ministerial, conferido pelo sacramento da Ordem, embora tamb\u00e9m participe do \u00fanico sacerd\u00f3cio de Cristo, se difere na sua ess\u00eancia. Enquanto um se realiza no desenvolvimento da gra\u00e7a batismal, outro est\u00e1 a servi\u00e7o do sacerd\u00f3cio comum.<\/p>\n<p style=\"text-align: justify\">Portanto, o sacerdote age na pessoa de Cristo, faz as suas vezes entre n\u00f3s, est\u00e1 para n\u00f3s como aquele que serve. A presen\u00e7a do sacerdote retrata a presen\u00e7a de Cristo cabe\u00e7a, aquele que governa a Igreja. Essa presen\u00e7a n\u00e3o quer dizer que o padre est\u00e1 imune a fraquezas, erros, pecados, mas que ele est\u00e1 revestido da for\u00e7a do Esp\u00edrito para o bem de todos.<\/p>\n<p style=\"text-align: justify\">Al\u00e9m de representar Cristo, cabe\u00e7a da Igreja, os ministros ordenados agem em nome de toda a Igreja, oferecendo a Deus a ora\u00e7\u00e3o da Igreja, sobretudo durante a santa Missa, e, com ele, toda a Igreja se oferece com Cristo, por Cristo e em Cristo.<\/p>\n<p style=\"text-align: justify\">Falemos um pouco mais sobre os tr\u00eas graus do sacramento:<\/p>\n<p style=\"text-align: justify\">Existem dois graus de participa\u00e7\u00e3o no minist\u00e9rio de Cristo, a saber, o sacerd\u00f3cio e o episcopado. O diaconato se destina ao servi\u00e7o.<\/p>\n<p style=\"text-align: justify\"><strong>Os bispos<\/strong><\/p>\n<p style=\"text-align: justify\">Os bispos s\u00e3o os leg\u00edtimos sucessores dos ap\u00f3stolos. Conservam a semente apost\u00f3lica por meio da sucess\u00e3o ininterrupta desde os ap\u00f3stolos de Cristo. Assim como os ap\u00f3stolos receberam de Cristo uma especial for\u00e7a para transmitir aos seus colaboradores e assim levar a bom termo a miss\u00e3o recebida de Cristo, pela imposi\u00e7\u00e3o das m\u00e3os, os bispos transmitem aos seus colaboradores \u2013 os sacerdotes \u2013 este mesmo dom espiritual que os ap\u00f3stolos transmitiram.<\/p>\n<p style=\"text-align: justify\">Como sucessores dos ap\u00f3stolos, devem zelar pelo &#8220;dep\u00f3sito da f\u00e9&#8221; confiado \u00e0 Igreja de Cristo. A f\u00e9 Crist\u00e3 \u00e9, tamb\u00e9m, a f\u00e9 apost\u00f3lica, porque baseada no testemunho leg\u00edtimo dos ap\u00f3stolos, v\u00ea nos bispos a leg\u00edtima sucess\u00e3o dos ap\u00f3stolos ao longo dos s\u00e9culos na Igreja de Cristo. Esta miss\u00e3o dos bispos tem um tr\u00edplice sentido: recordar que a Igreja foi constru\u00edda sobre o fundamento dos ap\u00f3stolos, testemunhas escolhidas e enviadas para a miss\u00e3o por Cristo; conservar e transmitir, com o aux\u00edlio do Esp\u00edrito Santo, o ensinamento, o dep\u00f3sito precioso, as salutares palavras da boca dos ap\u00f3stolos; garantir que a Igreja de Cristo continue a ser ensinada, santificada e dirigida pelos ap\u00f3stolos at\u00e9 a volta de Cristo, gra\u00e7as aos que a Eles sucedem na miss\u00e3o pastoral: o col\u00e9gio dos bispos, assistidos pelos presb\u00edteros, em uni\u00e3o com o sucessor de Pedro, pastor supremo da Igreja. (cf. CIC \u00a7857).<\/p>\n<p style=\"text-align: justify\">Os bispos, como os ap\u00f3stolos s\u00e3o enviados a pregar, dando continuidade ao que fez Jesus: &#8220;Como o Pai me enviou, tamb\u00e9m eu vos envio&#8221; (Jo 20,21). S\u00e3o, portanto, ministros de Deus, ministros da Nova e Eterna Alian\u00e7a, servidores de Cristo e administradores dos mist\u00e9rios de Deus. S\u00e3o as primeiras testemunhas da Ressurrei\u00e7\u00e3o do Senhor, sua miss\u00e3o deve durar at\u00e9 o fim dos tempos, na ocasi\u00e3o da vinda gloriosa de Nosso Senhor. Em sua miss\u00e3o compete aos bispos o tr\u00edplice m\u00fanus de ensinar, santificar e reger a Igreja de Cristo. Ensinar, anunciando, como primeira tarefa, o Evangelho de Cristo e denunciar tudo que lhe \u00e9 contr\u00e1rio; santificar, pela ora\u00e7\u00e3o e trabalho, pelo minist\u00e9rio da Palavra e dos Sacramentos e tamb\u00e9m por seu testemunho de vida; reger, porque lhes cabe dirigir e coordenar suas igrejas particulares como delegados de Cristo com conselhos, exorta\u00e7\u00f5es e exemplos, com autoridade e poder sagrado, sempre no mais profundo esp\u00edrito de servi\u00e7o e comunh\u00e3o, tal como o seu Mestre.<\/p>\n<p style=\"text-align: justify\">O Documento de Aparecida, no seu \u00a7181, ressalta que &#8220;Os bispos, al\u00e9m do servi\u00e7o \u00e0 comunh\u00e3o que prestam em suas Igrejas particulares, exercem este of\u00edcio junto com as outras Igrejas diocesanas. Desse modo, realizam e manifestam o v\u00ednculo de comunh\u00e3o que as une entre si. Na Confer\u00eancia Nacional dos Bispos, os bispos encontram seu espa\u00e7o de discernimento solid\u00e1rio sobre os grandes problemas da sociedade e da Igreja, e o est\u00edmulo para oferecer orienta\u00e7\u00f5es pastorais que animem os membros do povo de Deus a assumirem com fidelidade e decis\u00e3o sua voca\u00e7\u00e3o de ser disc\u00edpulos mission\u00e1rios.\u201d<\/p>\n<p style=\"text-align: justify\">A experi\u00eancia da comunh\u00e3o manifesta-se na colegialidade dos bispos oriundos das mais diversas, significativas e desafiadoras realidades, e testemunham sempre mais a Unidade da Igreja de Cristo que, seguindo ao seu Mestre e Senhor, deseja ser no mundo e na sociedade um sacramento universal de salva\u00e7\u00e3o, sinalizando Cristo e seu Reino a todos os homens e mulheres de boa vontade. Ensina o CIC, no \u00a71594, que &#8220;o bispo recebe a plenitude do sacramento da Ordem que o insere no Col\u00e9gio Episcopal, e faz dele o chefe vis\u00edvel da Igreja Particular que lhe \u00e9 confiada. Os bispos, como sucessores dos ap\u00f3stolos, e membros do Col\u00e9gio, participam da responsabilidade apost\u00f3lica e da miss\u00e3o de toda a Igreja, sob a autoridade do papa, sucessor de S\u00e3o Pedro&#8221;.<\/p>\n<p style=\"text-align: justify\"><strong>Os presb\u00edteros<\/strong><\/p>\n<p style=\"text-align: justify\">Os padres ou presb\u00edteros s\u00e3o essencialmente cooperadores dos bispos. O sacerdote participa da autoridade de Cristo para santificar, construir e reger a Igreja de Cristo. S\u00e3o especialmente assinalados para a miss\u00e3o e est\u00e3o configurados a Cristo cabe\u00e7a para agir em nome Dele. Est\u00e3o aptos e devem pregar o Evangelho, apascentar os fi\u00e9is e celebrar o culto divino.<\/p>\n<p style=\"text-align: justify\">Al\u00e9m de administrarem em favor do povo o santo sacrif\u00edcio na missa, \u00e9 dele tamb\u00e9m que retiram for\u00e7as para seguirem sua miss\u00e3o pelo mundo, participando da grande miss\u00e3o de Cristo de levar a salva\u00e7\u00e3o a todos os cantos e recantos desta terra.<\/p>\n<p style=\"text-align: justify\">Ter um sacerdote \u00e9 sempre um dom. Muitas comunidades hoje, pela aus\u00eancia de sacerdotes, acabam ficando v\u00e1rios meses sem a eucaristia. E a pergunta procede: que valor damos \u00e0s santas missas que diariamente temos acesso? Participamos com piedade e devo\u00e7\u00e3o, com esp\u00edrito contrito e agradecido?<\/p>\n<p style=\"text-align: justify\">Os sacerdotes s\u00e3o servidores do povo de Deus. Eles fazem \u00e0s vezes do bispo nas respectivas par\u00f3quias a eles confiadas. Na ordena\u00e7\u00e3o, a obedi\u00eancia prometida quer expressar a \u00edntima fraternidade sacramental entre o bispo e o sacerdote: s\u00e3o colaboradores, filhos, irm\u00e3os e amigos de seu pastor, o bispo, e assim devem proceder, nunca dele desligados.<\/p>\n<p style=\"text-align: justify\">Juntos, os padres e os bispos de uma determinada diocese expressam a unidade do presbit\u00e9rio, sinalizada principalmente na imposi\u00e7\u00e3o das m\u00e3os dos presb\u00edteros ap\u00f3s os bispos nas ordena\u00e7\u00f5es.<\/p>\n<p style=\"text-align: justify\">O sacerdote \u00e9 outro Cristo em meio da comunidade. \u00c9 ele a express\u00e3o significativa do amor de Deus que quer salvar. Por isso pastoreia, ensina e governa por meio de homens tirados do meio do povo, preparados e em seguida devolvidos ao povo para lhes servir mais e melhor, segundo as necessidades espirituais que lhe s\u00e3o pr\u00f3prias.<\/p>\n<p style=\"text-align: justify\"><strong>Os di\u00e1conos<\/strong><\/p>\n<p style=\"text-align: justify\">Os di\u00e1conos recebem a imposi\u00e7\u00e3o das m\u00e3os n\u00e3o para o servi\u00e7o. Na ordena\u00e7\u00e3o diaconal apenas o bispo imp\u00f5e as m\u00e3os, recordando que o di\u00e1cono est\u00e1 intimamente ligado ao bispo nas tarefas de sua diaconia.<\/p>\n<p style=\"text-align: justify\">Pelo sacramento da Ordem lhes \u00e9 impresso car\u00e1ter, o que garante que eles est\u00e3o pra sempre intimamente ligados a Cristo, como servidor de todos. Sua principal incumb\u00eancia \u00e9 ajudar o bispo e os sacerdotes nas celebra\u00e7\u00f5es eucar\u00edsticas e dos divinos mist\u00e9rios, distribuir a comunh\u00e3o, assistir ao matrim\u00f4nio e aben\u00e7o\u00e1-lo, proclamar o Evangelho, presidir os funerais, e, principalmente, consagrar-se aos diversos servi\u00e7os da caridade.<\/p>\n<p style=\"text-align: justify\">As ordena\u00e7\u00f5es, seja a de di\u00e1cono, presb\u00edtero seja a de bispo, devem favorecer a participa\u00e7\u00e3o do maior numero de fi\u00e9is. Devem acontecer nas catedrais e aos domingos ou outro dia de aflu\u00eancia de povo, a n\u00e3o ser que a necessidade exija outras circunst\u00e2ncias a serem julgadas pelo ordin\u00e1rio local, ou seja, o bispo. O sacramento da Ordem \u00e9 da compet\u00eancia dos bispos, que receberam pela ordena\u00e7\u00e3o episcopal a plenitude do sacramento.<\/p>\n<p style=\"text-align: justify\">Pois bem, amados irm\u00e3os e irm\u00e3s, ap\u00f3s aprofundarmos um pouco sobre os tr\u00eas graus do sacramento da Ordem, somos chamados sempre mais a rezar pelas voca\u00e7\u00f5es. Precisamos de santos e dedicados pastores, que auxiliem o povo de Deus em suas experi\u00eancias de f\u00e9, num encontro vivo e fecundo com Cristo. Encontro que transforme as suas vidas e lhes garanta uma experi\u00eancia fecunda e transformadora, capaz de gerar homens e mulheres novos para um mundo novo.<\/p>\n<p style=\"text-align: justify\">S\u00e3o Jo\u00e3o Maria Vianey, um homem de simplicidade extraordin\u00e1ria, nos mostra que n\u00e3o s\u00e3o as grandes coisas que formam um bom sacerdote e o santifica, mas a experi\u00eancia da simplicidade, da oferta de si em favor do outro, da santifica\u00e7\u00e3o do seu povo, mesmo quando n\u00e3o h\u00e1 sinais primeiros desse desejo. Quando S\u00e3o Jo\u00e3o Vianey foi enviado para ser o p\u00e1roco de Arns, esta era uma cidade pequena, com aproximadamente trezentas pessoas, capela vazia, vida prom\u00edscua e desregrada. N\u00e3o tinha empregada, nem dinheiro. Aos poucos, foi visitando as casas, convidando as pessoas para a celebra\u00e7\u00e3o da missa, e a capela come\u00e7ou a ser visitada. Sua fama de santidade e os bons conselhos que oferecia no confession\u00e1rio, lugar de destaque de seu minist\u00e9rio, levava pessoas de todas as regi\u00f5es e dos lugares mais distantes a procur\u00e1-lo. Chegou a atender mais de duzentos fi\u00e9is por dia, oitenta mil por ano! Seus serm\u00f5es n\u00e3o eram organizados, ele se enrolava ao falar, mas o amor a Cristo e a Igreja eram indiscut\u00edveis. A capelinha se transformou e hoje se tornou centro de peregrina\u00e7\u00e3o. O padre apesar de suas limita\u00e7\u00f5es tornou-se o Patrono Universal dos Sacerdotes. Certamente o exemplo deste santo tem muito a nos ajudar na compreens\u00e3o da verdadeira miss\u00e3o dos ministros ordenados.<\/p>\n<p style=\"text-align: justify\">Rezemos para que Cristo seja mais amado e conhecido e que seus ministros ordenados sejam o amor do cora\u00e7\u00e3o de Cristo, como dizia S\u00e3o Jo\u00e3o Vianey: que sejam pregadores ambulantes da palavra com a boca e com o cora\u00e7\u00e3o; com as palavras e as a\u00e7\u00f5es que santificam a vida do mundo.<\/p>\n","protected":false},"excerpt":{"rendered":"<p>O m\u00eas de agosto \u00e9 o M\u00eas Vocacional! Nele, com mais \u00eanfase destacamos a dimens\u00e3o vocacional de cada batizado. Sabemos que o batismo \u00e9 a fonte de todas as voca\u00e7\u00f5es. A palavra voca\u00e7\u00e3o vem do latim &#8220;vocare&#8221; e quer dizer chamado, chamamento que sup\u00f5e uma resposta. Neste sentido Deus chama e o ser humano responde.<\/p>\n","protected":false},"author":83,"featured_media":0,"comment_status":"open","ping_status":"open","sticky":false,"template":"","format":"standard","meta":{"site-sidebar-layout":"default","site-content-layout":"default","ast-global-header-display":"","ast-banner-title-visibility":"","ast-main-header-display":"","ast-hfb-above-header-display":"","ast-hfb-below-header-display":"","ast-hfb-mobile-header-display":"","site-post-title":"","ast-breadcrumbs-content":"","ast-featured-img":"","footer-sml-layout":"","theme-transparent-header-meta":"","adv-header-id-meta":"","stick-header-meta":"","header-above-stick-meta":"","header-main-stick-meta":"","header-below-stick-meta":""},"categories":[1],"tags":[],"acf":[],"_links":{"self":[{"href":"https:\/\/www.cnbb.org.br\/cnbb-app\/wp\/v2\/posts\/29766"}],"collection":[{"href":"https:\/\/www.cnbb.org.br\/cnbb-app\/wp\/v2\/posts"}],"about":[{"href":"https:\/\/www.cnbb.org.br\/cnbb-app\/wp\/v2\/types\/post"}],"author":[{"embeddable":true,"href":"https:\/\/www.cnbb.org.br\/cnbb-app\/wp\/v2\/users\/83"}],"replies":[{"embeddable":true,"href":"https:\/\/www.cnbb.org.br\/cnbb-app\/wp\/v2\/comments?post=29766"}],"version-history":[{"count":0,"href":"https:\/\/www.cnbb.org.br\/cnbb-app\/wp\/v2\/posts\/29766\/revisions"}],"wp:attachment":[{"href":"https:\/\/www.cnbb.org.br\/cnbb-app\/wp\/v2\/media?parent=29766"}],"wp:term":[{"taxonomy":"category","embeddable":true,"href":"https:\/\/www.cnbb.org.br\/cnbb-app\/wp\/v2\/categories?post=29766"},{"taxonomy":"post_tag","embeddable":true,"href":"https:\/\/www.cnbb.org.br\/cnbb-app\/wp\/v2\/tags?post=29766"}],"curies":[{"name":"wp","href":"https:\/\/api.w.org\/{rel}","templated":true}]}}