{"id":29778,"date":"2014-03-28T00:00:00","date_gmt":"2014-03-28T03:00:00","guid":{"rendered":"https:\/\/www.cnbb.org.br\/termina-encontro-de-presbiteros-da-arquidiocese-de-pelotas\/"},"modified":"2020-03-11T17:16:06","modified_gmt":"2020-03-11T20:16:06","slug":"termina-encontro-de-presbiteros-da-arquidiocese-de-pelotas","status":"publish","type":"post","link":"https:\/\/www.cnbb.org.br\/termina-encontro-de-presbiteros-da-arquidiocese-de-pelotas\/","title":{"rendered":"O fortalecimento da voca\u00e7\u00e3o \u00e9 tema de retiro do clero em Pelotas"},"content":{"rendered":"<p style=\"text-align: justify\">\n<p style=\"text-align: justify\">Os presb\u00edteros da arquidiocese de Pelotas (RS) participaram, de 24 a 27 de mar\u00e7o, de retiro do clero, que abordou o tema &#8220;o fortalecimento da voca\u00e7\u00e3o&#8221;. O \u00a0arcebispo de Pelotas,\u00a0<span style=\"line-height: 1.3em\">dom Jacinto Bergmann, presidiu a missa de encerramento do encontro, e que foi concelebrada pelo bispo da diocese de Palmas-Francisco Beltr\u00e3o (PR) dom Jos\u00e9 Peruzzo, e pelo bispo em\u00e9rito dom Jayme Chemello e por padres presentes.<\/span><\/p>\n<p><!--more--><\/p>\n<p style=\"text-align: justify\"><span style=\"line-height: 1.3em\">Na homilia, dom Jacinto pediu para que todos \u201cse mantenham firmes, sem desviar da miss\u00e3o a qual s\u00e3o chamados, e que todos possam estar alicer\u00e7ados na Palavra de Deus\u201d. <\/span><\/p>\n<p style=\"text-align: justify\"><span style=\"line-height: 1.3em\">Dom Jos\u00e9 Peruzzo destacou que o retiro do clero teve uma tem\u00e1tica eminentemente b\u00edblica. &#8220;Estudamos alguns grandes profetas, como Jeremias e Paulo que enfrentaram momentos dif\u00edceis em sua miss\u00e3o, a rela\u00e7\u00e3o de Jesus com os disc\u00edpulos; eles eram t\u00e3o humanos como n\u00f3s somos, como foram os padres de ontem e de hoje\u201d, disse.<\/span><\/p>\n<p style=\"text-align: justify\">Dom Jos\u00e9 destacou ainda que a sociedade atual vive um tempo em que tudo \u00e9 avaliado sob crit\u00e9rios de produtividade, efici\u00eancia e \u00a0competitividade, na busca de resultados, mas, o sacerd\u00f3cio, minist\u00e9rio, voca\u00e7\u00e3o e miss\u00e3o, fundamentam-se em outras realidades. &#8220;Acentuamos fortemente em nossos estudos a voca\u00e7\u00e3o, a consci\u00eancia de termos sido chamados por Deus&#8221;, explicou.<\/p>\n<p style=\"text-align: justify\">Por fim, dom Jos\u00e9 fez um chamamento dizendo que cabe aos padres \u00a0\u201csalvar a leitura orante da palavra de Deus\u201d, porque, esta \u201csalvar\u00e1 todo o nosso minist\u00e9rio\u201d. O bispo afirma que lideran\u00e7a, carisma ou prest\u00edgio, em meio \u00e0 comunidade, s\u00f3 t\u00eam relev\u00e2ncia \u201cse n\u00e3o perdermos o fundamental, a intimidade com o Senhor Jesus\u201d.<\/p>\n","protected":false},"excerpt":{"rendered":"<p>Os presb\u00edteros da arquidiocese de Pelotas (RS) participaram, de 24 a 27 de mar\u00e7o, de retiro do clero, que abordou o tema &#8220;o fortalecimento da voca\u00e7\u00e3o&#8221;. O \u00a0arcebispo de Pelotas,\u00a0dom Jacinto Bergmann, presidiu a missa de encerramento do encontro, e que foi concelebrada pelo bispo da diocese de Palmas-Francisco Beltr\u00e3o (PR) dom Jos\u00e9 Peruzzo, e &hellip;<\/p>\n<p class=\"read-more\"> <a class=\"\" href=\"https:\/\/www.cnbb.org.br\/termina-encontro-de-presbiteros-da-arquidiocese-de-pelotas\/\"> <span class=\"screen-reader-text\">O fortalecimento da voca\u00e7\u00e3o \u00e9 tema de retiro do clero em Pelotas<\/span> Leia mais &raquo;<\/a><\/p>\n","protected":false},"author":83,"featured_media":29779,"comment_status":"open","ping_status":"open","sticky":false,"template":"","format":"standard","meta":{"site-sidebar-layout":"default","site-content-layout":"default","ast-global-header-display":"","ast-banner-title-visibility":"","ast-main-header-display":"","ast-hfb-above-header-display":"","ast-hfb-below-header-display":"","ast-hfb-mobile-header-display":"","site-post-title":"","ast-breadcrumbs-content":"","ast-featured-img":"","footer-sml-layout":"","theme-transparent-header-meta":"","adv-header-id-meta":"","stick-header-meta":"","header-above-stick-meta":"","header-main-stick-meta":"","header-below-stick-meta":""},"categories":[1],"tags":[],"acf":[],"_links":{"self":[{"href":"https:\/\/www.cnbb.org.br\/cnbb-app\/wp\/v2\/posts\/29778"}],"collection":[{"href":"https:\/\/www.cnbb.org.br\/cnbb-app\/wp\/v2\/posts"}],"about":[{"href":"https:\/\/www.cnbb.org.br\/cnbb-app\/wp\/v2\/types\/post"}],"author":[{"embeddable":true,"href":"https:\/\/www.cnbb.org.br\/cnbb-app\/wp\/v2\/users\/83"}],"replies":[{"embeddable":true,"href":"https:\/\/www.cnbb.org.br\/cnbb-app\/wp\/v2\/comments?post=29778"}],"version-history":[{"count":0,"href":"https:\/\/www.cnbb.org.br\/cnbb-app\/wp\/v2\/posts\/29778\/revisions"}],"wp:featuredmedia":[{"embeddable":true,"href":"https:\/\/www.cnbb.org.br\/cnbb-app\/wp\/v2\/media\/29779"}],"wp:attachment":[{"href":"https:\/\/www.cnbb.org.br\/cnbb-app\/wp\/v2\/media?parent=29778"}],"wp:term":[{"taxonomy":"category","embeddable":true,"href":"https:\/\/www.cnbb.org.br\/cnbb-app\/wp\/v2\/categories?post=29778"},{"taxonomy":"post_tag","embeddable":true,"href":"https:\/\/www.cnbb.org.br\/cnbb-app\/wp\/v2\/tags?post=29778"}],"curies":[{"name":"wp","href":"https:\/\/api.w.org\/{rel}","templated":true}]}}