{"id":29780,"date":"2014-04-25T00:00:00","date_gmt":"2014-04-25T03:00:00","guid":{"rendered":"https:\/\/www.cnbb.org.br\/materiais-para-o-dia-mundial-de-oracao-pelas-vocacoes-sao-disponibilizados\/"},"modified":"2020-03-11T17:16:06","modified_gmt":"2020-03-11T20:16:06","slug":"materiais-para-o-dia-mundial-de-oracao-pelas-vocacoes-sao-disponibilizados","status":"publish","type":"post","link":"https:\/\/www.cnbb.org.br\/materiais-para-o-dia-mundial-de-oracao-pelas-vocacoes-sao-disponibilizados\/","title":{"rendered":"Comiss\u00e3o elabora subs\u00eddios para o Dia de Ora\u00e7\u00e3o pelas Voca\u00e7\u00f5es"},"content":{"rendered":"<p style=\"text-align: justify\">O Dia Mundial de Ora\u00e7\u00e3o pelas Voca\u00e7\u00f5es \u00e9 celebrado, em todo o mundo, no quarto domingo da P\u00e1scoa, que neste ano ser\u00e1 no pr\u00f3ximo 11 de maio. Para\u00a0<span style=\"line-height: 1.3em\">colaborar e dinamizar as celebra\u00e7\u00f5es, a Comiss\u00e3o Episcopal Pastoral para os Minist\u00e9rios Ordenados e a Vida Consagrada elaborou dois subs\u00eddios de apoio.<\/span><\/p>\n<p><!--more--><\/p>\n<p style=\"text-align: justify\"><span style=\"line-height: 1.3em\">Uma das publica\u00e7\u00f5es \u00e9 o \u201cTr\u00edduo Vocacional\u201d, com a finalidade de ser uma prepara\u00e7\u00e3o para o Dia Mundial de Ora\u00e7\u00e3o pelas Voca\u00e7\u00f5es. O subs\u00eddio encontra-se dispon\u00edvel no site www.edicoescnbb.com.br. O outro material \u00e9 um CD, \u201cO Bom Pastor\u201d, com can\u00e7\u00f5es vocacionais, que est\u00e1 dispon\u00edvel nas lojas da Paulus, em todo o Brasil. Tamb\u00e9m h\u00e1 um spot para divulga\u00e7\u00e3o da data,<\/span><a style=\"line-height: 1.3em\" href=\"publicacoes-2\/documentos-para-downloads-2\/cat_view\/446-pastoral-vocacional\/350-3-congresso-vocacional\/354-documentos\"> dispon\u00edvel aqui<\/a><span style=\"line-height: 1.3em\">.<\/span><\/p>\n<p style=\"text-align: justify\">De acordo com o arcebispo de Palmas (TO) e presidente da comiss\u00e3o, dom Pedro Brito Guimar\u00e3es, \u00e9 muito importante que as comunidades do Brasil se preparem para vivenciar este dia. \u201cAs comunidades s\u00e3o chamadas a se integrarem neste projeto e a rezarem conosco pelas voca\u00e7\u00f5es, para Deus enviar mais oper\u00e1rios para sua messe\u201d, disse.<\/p>\n<p style=\"text-align: justify\">Por ocasi\u00e3o dessa data, o papa Francisco enviou uma mensagem para lembrar da import\u00e2ncia da voca\u00e7\u00e3o e do trabalho em prol das voca\u00e7\u00f5es. O tema da mensagem, divulgada em 16 de janeiro, \u00e9 \u201cVoca\u00e7\u00f5es, testemunho da verdade\u201d.<\/p>\n<p style=\"text-align: justify\">Na mensagem, o papa diz que \u201ctoda a voca\u00e7\u00e3o exige sempre um \u00eaxodo de si mesmo para centrar a pr\u00f3pria exist\u00eancia em Cristo e no seu Evangelho\u201d. Segundo Francisco, \u201cquer na vida conjugal, quer nas formas de consagra\u00e7\u00e3o religiosa, quer ainda na vida sacerdotal, \u00e9 necess\u00e1rio superar os modos de pensar e de agir que n\u00e3o est\u00e3o conformes com a vontade de Deus\u201d.<\/p>\n","protected":false},"excerpt":{"rendered":"<p>O Dia Mundial de Ora\u00e7\u00e3o pelas Voca\u00e7\u00f5es \u00e9 celebrado, em todo o mundo, no quarto domingo da P\u00e1scoa, que neste ano ser\u00e1 no pr\u00f3ximo 11 de maio. Para\u00a0colaborar e dinamizar as celebra\u00e7\u00f5es, a Comiss\u00e3o Episcopal Pastoral para os Minist\u00e9rios Ordenados e a Vida Consagrada elaborou dois subs\u00eddios de apoio.<\/p>\n","protected":false},"author":83,"featured_media":29781,"comment_status":"open","ping_status":"open","sticky":false,"template":"","format":"standard","meta":{"site-sidebar-layout":"default","site-content-layout":"default","ast-global-header-display":"","ast-banner-title-visibility":"","ast-main-header-display":"","ast-hfb-above-header-display":"","ast-hfb-below-header-display":"","ast-hfb-mobile-header-display":"","site-post-title":"","ast-breadcrumbs-content":"","ast-featured-img":"","footer-sml-layout":"","theme-transparent-header-meta":"","adv-header-id-meta":"","stick-header-meta":"","header-above-stick-meta":"","header-main-stick-meta":"","header-below-stick-meta":""},"categories":[1],"tags":[],"acf":[],"_links":{"self":[{"href":"https:\/\/www.cnbb.org.br\/cnbb-app\/wp\/v2\/posts\/29780"}],"collection":[{"href":"https:\/\/www.cnbb.org.br\/cnbb-app\/wp\/v2\/posts"}],"about":[{"href":"https:\/\/www.cnbb.org.br\/cnbb-app\/wp\/v2\/types\/post"}],"author":[{"embeddable":true,"href":"https:\/\/www.cnbb.org.br\/cnbb-app\/wp\/v2\/users\/83"}],"replies":[{"embeddable":true,"href":"https:\/\/www.cnbb.org.br\/cnbb-app\/wp\/v2\/comments?post=29780"}],"version-history":[{"count":0,"href":"https:\/\/www.cnbb.org.br\/cnbb-app\/wp\/v2\/posts\/29780\/revisions"}],"wp:featuredmedia":[{"embeddable":true,"href":"https:\/\/www.cnbb.org.br\/cnbb-app\/wp\/v2\/media\/29781"}],"wp:attachment":[{"href":"https:\/\/www.cnbb.org.br\/cnbb-app\/wp\/v2\/media?parent=29780"}],"wp:term":[{"taxonomy":"category","embeddable":true,"href":"https:\/\/www.cnbb.org.br\/cnbb-app\/wp\/v2\/categories?post=29780"},{"taxonomy":"post_tag","embeddable":true,"href":"https:\/\/www.cnbb.org.br\/cnbb-app\/wp\/v2\/tags?post=29780"}],"curies":[{"name":"wp","href":"https:\/\/api.w.org\/{rel}","templated":true}]}}